{"id":26040,"date":"2025-02-08T18:55:22","date_gmt":"2025-02-08T17:55:22","guid":{"rendered":"http:\/\/www.letourismeaparis.fr\/?p=26040"},"modified":"2025-02-13T17:25:29","modified_gmt":"2025-02-13T16:25:29","slug":"georges-le-dragon-la-princesse-et-le-chevalier-intrepide-au-theatre-du-ranelagh","status":"publish","type":"post","link":"http:\/\/www.letourismeaparis.fr\/index.php\/2025\/02\/08\/georges-le-dragon-la-princesse-et-le-chevalier-intrepide-au-theatre-du-ranelagh\/","title":{"rendered":"Georges le dragon, la princesse et le chevalier intr\u00e9pide  au th\u00e9atre du Ranelagh"},"content":{"rendered":"\n<p>Un tr\u00e8s bon spectacle pour les enfants  le samedi et pendant les vacances scolaires .<\/p>\n\n\n\n<p>Au royaume de Boum-Boum Tralala r\u00e8gne la princesse Marie, assist\u00e9e de Georges, son fid\u00e8le dragon. Marie est aussi ma\u00eetresse d\u2019\u00e9cole et c\u2019est pr\u00e9cis\u00e9ment dans sa classe que d\u00e9bute notre histoire : Georges est tranquillement en train d\u2019allumer le po\u00eale \u00e0 bois quand soudain, un preux chevalier, pr\u00e9nomm\u00e9 Jules, lui saute dessus, le roue de coups et stoppe brusquement en apercevant Marie. La Terre enti\u00e8re peut s\u2019arr\u00eater de tourner : il est amoureux !<\/p>\n\n\n\n<hr class=\"wp-block-separator has-alpha-channel-opacity\"\/>\n\n\n\n<p>La nouvelle cr\u00e9ation jeune-public des Nomadesques apr\u00e8s les succ\u00e8s Cendrillon, Le Chat Bott\u00e9 et Le Loup est revenu !<\/p>\n\n\n\n<p>D\u2019apr\u00e8s la s\u00e9rie de 6 livres \u00e0 succ\u00e8s \u2013 300 000 exemplaires vendus \u2013 \u00e9dit\u00e9e par L\u2019\u00c9cole des Loisirs, et cr\u00e9\u00e9e par Geoffroy de Pennart, l\u2019auteur du Loup est revenu !<\/p>\n\n\n\n<p>Avec en alternance Vincent CAIRE, Damien CODEN, Ga\u00ebl COLIN,<\/p>\n\n\n\n<p>Alexandre TOURNEUR, Cyprien PERTZING, Karine TABET, Claire COUTURE<\/p>\n\n\n\n<hr class=\"wp-block-separator has-alpha-channel-opacity\"\/>\n\n\n\n<p>Jusqu\u2019au 26 avril 2025<\/p>\n\n\n\n<p>Le samedi \u00e0 16h30 et s\u00e9ances suppl\u00e9mentaires pendant les vacances scolaires<\/p>\n\n\n\n<p>Th\u00e9\u00e2tre jeune public \u00e0 partir de 3 ans&nbsp; Dur\u00e9e : 55 minutes<\/p>\n\n\n\n<p>5, rue des Vignes Pris 75016<\/p>\n","protected":false},"excerpt":{"rendered":"<p>Un tr\u00e8s bon spectacle pour les enfants le samedi et pendant les vacances scolaires . Au royaume de Boum-Boum Tralala r\u00e8gne la princesse Marie, assist\u00e9e de Georges, son fid\u00e8le dragon. Marie est aussi ma\u00eetresse d\u2019\u00e9cole et c\u2019est pr\u00e9cis\u00e9ment dans sa&#8230;<\/p>\n","protected":false},"author":2,"featured_media":26041,"comment_status":"open","ping_status":"open","sticky":false,"template":"","format":"standard","meta":{"ngg_post_thumbnail":0,"jetpack_post_was_ever_published":false,"_jetpack_newsletter_access":"","footnotes":""},"categories":[1],"tags":[],"class_list":["post-26040","post","type-post","status-publish","format-standard","has-post-thumbnail","hentry","category-non-classe"],"jetpack_featured_media_url":"http:\/\/www.letourismeaparis.fr\/wp-content\/uploads\/2025\/02\/Capture-decran-2025-02-08-a-18.50.34.png","jetpack-related-posts":[{"id":3657,"url":"http:\/\/www.letourismeaparis.fr\/index.php\/2009\/08\/06\/paris-plage-vous-attend-jusquau-15-aout-avec-le-soleil\/","url_meta":{"origin":26040,"position":0},"title":"Paris Plage vous attend jusqu&#039;au 15 ao\u00fbt avec le soleil !","author":"Fabienne TM","date":"6 ao\u00fbt 2009","format":false,"excerpt":"Les plages de\u00a0 la voie Georges Pompidou (4e) et duu Bassin de la Villette (19e) vous attendent !\u00a0 une station baln\u00e9aire avec plages de sable et de nombreuses activit\u00e9 pour petits et grands ! ATELiERS DECOUVERTE DE LA SCIENCE 4 th\u00e8mes\u00a0 : l\u2019astronomie, la mer, le sable, et le d\u00e9veloppement\u2026","rel":"","context":"Dans &quot;Non class\u00e9&quot;","block_context":{"text":"Non class\u00e9","link":"http:\/\/www.letourismeaparis.fr\/index.php\/category\/non-classe\/"},"img":{"alt_text":"","src":"","width":0,"height":0},"classes":[]},{"id":25493,"url":"http:\/\/www.letourismeaparis.fr\/index.php\/2024\/02\/22\/gautier-capucon-a-lolympia-lundi-26-fevrier-a-20-h-un-merveilleux-concert\/","url_meta":{"origin":26040,"position":1},"title":"Gautier Capu\u00e7on \u00e0 l\u2019Olympia\u00a0: lundi 26 f\u00e9vrier, \u00e0 20 h, un merveilleux concert.","author":"Fabienne TM","date":"22 f\u00e9vrier 2024","format":false,"excerpt":"Gautier Capu\u00e7on, violoncelle. J\u00e9r\u00f4me Ducros, piano Gautier Capu\u00e7on s\u2019est laiss\u00e9 inspirer par Paris\u2026 \u00c1ngel Cabral, La foule (interpr\u00e9t\u00e9 par \u00c9dith Piaf) Franz Leh\u00e1r, La Veuve joyeuse, \"L'Heure exquise\"Jacques Offenbach, Les Contes d'Hoffmann, \"Barcarolle\" Gabriel Faur\u00e9, Sicilienne Jean-Philippe Rameau, Les Indes galantes, \"Danse des sauvages\"Maurice Ravel, Pavane pour une infante d\u00e9funte\u2026","rel":"","context":"Dans &quot;Concerts \/ Musique&quot;","block_context":{"text":"Concerts \/ Musique","link":"http:\/\/www.letourismeaparis.fr\/index.php\/category\/culture\/concerts-musique\/"},"img":{"alt_text":"","src":"","width":0,"height":0},"classes":[]},{"id":26605,"url":"http:\/\/www.letourismeaparis.fr\/index.php\/2025\/12\/11\/pompon-pompon-au-theatre-saint-georges\/","url_meta":{"origin":26040,"position":2},"title":"POMPON, POMPON au th\u00e9atre Saint Georges","author":"Fabienne TM","date":"11 d\u00e9cembre 2025","format":false,"excerpt":"POMPON, POMPON : com\u00e9die musicale d\u20191h, tout public (de 4 \u00e0 104 ans) PASCAL PARISOT, chanteur chouchou des enfants (et des grands) est de retour avec l\u2019exquise com\u00e9die musicale Pompon devrait \u00eatre heureux sauf qu\u2019il lui manque l\u2019essentiel pour un ours blanc : la banquise. Sans pourtant la connaitre\u2026 Le\u2026","rel":"","context":"Dans &quot;Com\u00e9die Musicale&quot;","block_context":{"text":"Com\u00e9die Musicale","link":"http:\/\/www.letourismeaparis.fr\/index.php\/category\/spectacle\/comedie-musicale\/"},"img":{"alt_text":"","src":"https:\/\/i0.wp.com\/www.letourismeaparis.fr\/wp-content\/uploads\/2025\/12\/Capture-decran-2025-12-11-a-10.19.00.png?resize=350%2C200","width":350,"height":200},"classes":[]},{"id":23952,"url":"http:\/\/www.letourismeaparis.fr\/index.php\/2020\/02\/04\/le-carnaval-au-petit-palais\/","url_meta":{"origin":26040,"position":3},"title":"Le carnaval au Petit Palais","author":"Fabienne TM","date":"4 f\u00e9vrier 2020","format":false,"excerpt":"Le carnaval des costumes pour les 8\/12 ans Visite animation pour les 8\/12 ans Robe de princesse, armure de chevalier,\u00a0 toge antique \u2026 les portraits du mus\u00e9e forment un v\u00e9ritable carnaval de costumes hauts en couleur. Avec une animatrice, les enfants traquent les indices pour retrouver tous ces costumes qu\u2019ils\u2026","rel":"","context":"Dans &quot;Non class\u00e9&quot;","block_context":{"text":"Non class\u00e9","link":"http:\/\/www.letourismeaparis.fr\/index.php\/category\/non-classe\/"},"img":{"alt_text":"","src":"","width":0,"height":0},"classes":[]},{"id":26625,"url":"http:\/\/www.letourismeaparis.fr\/index.php\/2026\/01\/07\/pompon-pompon-une-comedie-musicale-sympathique-pour-petits-et-grands\/","url_meta":{"origin":26040,"position":4},"title":"POMPON, POMPON une com\u00e9die musicale sympathique pour petits et grands","author":"Fabienne TM","date":"7 janvier 2026","format":false,"excerpt":"1h, tout public (de 4 \u00e0 104 ans) Pompon devrait \u00eatre heureux sauf qu\u2019il lui manque l\u2019essentiel pour un ours blanc : la banquise. Le soir, quand le mus\u00e9e est vide, aid\u00e9 par La Petite Danseuse de 14 ans d\u2019Edgar\u00a0 Degas, Pompon part mener l\u2019enqu\u00eate, questionnant les autres oeuvres :\u2026","rel":"","context":"Dans &quot;Com\u00e9die Musicale&quot;","block_context":{"text":"Com\u00e9die Musicale","link":"http:\/\/www.letourismeaparis.fr\/index.php\/category\/spectacle\/comedie-musicale\/"},"img":{"alt_text":"","src":"https:\/\/i0.wp.com\/www.letourismeaparis.fr\/wp-content\/uploads\/2026\/01\/Capture-decran-2025-12-11-a-10.19.00.png?resize=350%2C200","width":350,"height":200},"classes":[]},{"id":1498,"url":"http:\/\/www.letourismeaparis.fr\/index.php\/2009\/01\/19\/fevrier-le-mois-de-lindochine-a-la-peniche-anako\/","url_meta":{"origin":26040,"position":5},"title":"F\u00e9vrier :Le mois de l&#039;Indochine \u00e0 la p\u00e9niche ANAKO","author":"Fabienne TM","date":"19 janvier 2009","format":false,"excerpt":"tous les jours sauf le lundi de 14h \u00e0 18h http:\/\/www.letourismeaparis.fr LES PRINCESSES DE LA MONTAGNE Exposition de costumes traditionels\u00a0\u00a0\u00a0 du 7 au 27 f\u00e9vrier tous les jours sauf le lundi de 14h \u00e0 18h .Samedi 7 fev. 14h : Ouverture de l'exposition libre d'acc\u00e8s. 17 h . Mini concert\u2026","rel":"","context":"Dans &quot;Non class\u00e9&quot;","block_context":{"text":"Non class\u00e9","link":"http:\/\/www.letourismeaparis.fr\/index.php\/category\/non-classe\/"},"img":{"alt_text":"","src":"","width":0,"height":0},"classes":[]}],"jetpack_sharing_enabled":true,"jetpack_likes_enabled":true,"_links":{"self":[{"href":"http:\/\/www.letourismeaparis.fr\/index.php\/wp-json\/wp\/v2\/posts\/26040","targetHints":{"allow":["GET"]}}],"collection":[{"href":"http:\/\/www.letourismeaparis.fr\/index.php\/wp-json\/wp\/v2\/posts"}],"about":[{"href":"http:\/\/www.letourismeaparis.fr\/index.php\/wp-json\/wp\/v2\/types\/post"}],"author":[{"embeddable":true,"href":"http:\/\/www.letourismeaparis.fr\/index.php\/wp-json\/wp\/v2\/users\/2"}],"replies":[{"embeddable":true,"href":"http:\/\/www.letourismeaparis.fr\/index.php\/wp-json\/wp\/v2\/comments?post=26040"}],"version-history":[{"count":2,"href":"http:\/\/www.letourismeaparis.fr\/index.php\/wp-json\/wp\/v2\/posts\/26040\/revisions"}],"predecessor-version":[{"id":26057,"href":"http:\/\/www.letourismeaparis.fr\/index.php\/wp-json\/wp\/v2\/posts\/26040\/revisions\/26057"}],"wp:featuredmedia":[{"embeddable":true,"href":"http:\/\/www.letourismeaparis.fr\/index.php\/wp-json\/wp\/v2\/media\/26041"}],"wp:attachment":[{"href":"http:\/\/www.letourismeaparis.fr\/index.php\/wp-json\/wp\/v2\/media?parent=26040"}],"wp:term":[{"taxonomy":"category","embeddable":true,"href":"http:\/\/www.letourismeaparis.fr\/index.php\/wp-json\/wp\/v2\/categories?post=26040"},{"taxonomy":"post_tag","embeddable":true,"href":"http:\/\/www.letourismeaparis.fr\/index.php\/wp-json\/wp\/v2\/tags?post=26040"}],"curies":[{"name":"wp","href":"https:\/\/api.w.org\/{rel}","templated":true}]}}