{"id":26051,"date":"2025-02-12T14:27:23","date_gmt":"2025-02-12T13:27:23","guid":{"rendered":"http:\/\/www.letourismeaparis.fr\/?p=26051"},"modified":"2025-02-13T17:22:54","modified_gmt":"2025-02-13T16:22:54","slug":"contes-et-histoires-pour-les-vacances","status":"publish","type":"post","link":"http:\/\/www.letourismeaparis.fr\/index.php\/2025\/02\/12\/contes-et-histoires-pour-les-vacances\/","title":{"rendered":"Contes et histoires pour les vacances&#8230;."},"content":{"rendered":"\n<p>@LeRoyaumeDesPetitsReveurs<\/p>\n\n\n\n<p><\/p>\n\n\n\n<p>\u2022Bienvenue sur \u201cLe Royaume des Petits R\u00eaveurs\u201d !<\/p>\n\n\n\n<p>Le Bal Enchant\u00e9 de Cendrillon | Histoires &amp; Contes pour Enfants| Histoire pour Dormir<\/p>\n\n\n\n<p>Le Voyage de Gabriel au Royaume Lunaire | Histoires &amp; Contes pour Enfants| Histoire pour Dormir<\/p>\n\n\n\n<hr class=\"wp-block-separator has-alpha-channel-opacity\"\/>\n\n\n\n<p>Alice au Pays des Merveilles | Histoires &amp; Contes pour Enfants| Histoire pour Dormir<\/p>\n\n\n\n<p>Lulu et le Sortil\u00e8ge de la Lune | Histoires &amp; Contes pour Enfants| Histoire pour Dormir<\/p>\n\n\n\n<p>Chlo\u00e9 et le Jardin des F\u00e9es Enchant\u00e9es | Histoires &amp; Contes pour Enfants| Histoire pour Dormir<\/p>\n\n\n\n<p>Le Royaume des Dessins Enchant\u00e9s | Histoires &amp; Contes pour Enfants| Histoire pour Dormir<\/p>\n\n\n\n<hr class=\"wp-block-separator has-alpha-channel-opacity\"\/>\n\n\n\n<p>Iris et le Royaume des \u00c9toiles | Histoires &amp; Contes pour Enfants| Histoire pour Dormir<\/p>\n\n\n\n<p>Les M\u00e9lodies Magiques de la princesse L\u00e9onie | Histoires &amp; Contes pour Enfants| Histoire pour Dormir<\/p>\n\n\n\n<p>Le Voyage Onirique d&rsquo;Hana | Histoires &amp; Contes pour Enfants| Histoire pour Dormir<\/p>\n\n\n\n<p>\u00c9douard le Prince des Vagues | Histoires &amp; Contes pour Enfants| Histoire pour Dormir<\/p>\n\n\n\n<p><a href=\"https:\/\/www.youtube.com\/@LeRoyaumeDesPetitsReveurs\/featured\">https:\/\/www.youtube.com\/@LeRoyaumeDesPetitsReveurs\/featured<\/a><\/p>\n","protected":false},"excerpt":{"rendered":"<p>@LeRoyaumeDesPetitsReveurs \u2022Bienvenue sur \u201cLe Royaume des Petits R\u00eaveurs\u201d ! Le Bal Enchant\u00e9 de Cendrillon | Histoires &amp; Contes pour Enfants| Histoire pour Dormir Le Voyage de Gabriel au Royaume Lunaire | Histoires &amp; Contes pour Enfants| Histoire pour Dormir Alice&#8230;<\/p>\n","protected":false},"author":2,"featured_media":26052,"comment_status":"open","ping_status":"open","sticky":false,"template":"","format":"standard","meta":{"ngg_post_thumbnail":0,"jetpack_post_was_ever_published":false,"_jetpack_newsletter_access":"","footnotes":""},"categories":[11,28],"tags":[],"class_list":["post-26051","post","type-post","status-publish","format-standard","has-post-thumbnail","hentry","category-bon-plan","category-familles"],"jetpack_featured_media_url":"http:\/\/www.letourismeaparis.fr\/wp-content\/uploads\/2025\/02\/Capture-decran-2025-02-12-a-14.20.28.png","jetpack-related-posts":[{"id":21671,"url":"http:\/\/www.letourismeaparis.fr\/index.php\/2018\/11\/28\/contes-histoires-des-animations-feeriques-gratuites-pour-le-jeune-public-durant-les-vacances-de-noel\/","url_meta":{"origin":26051,"position":0},"title":"Contes &amp; Histoires ,des animations f\u00e9eriques gratuites pour le jeune public  durant les vacances de No\u00ebl","author":"Fabienne TM","date":"28 novembre 2018","format":false,"excerpt":"du 22 d\u00e9cembre 2018 au 6 janvier 2019 LA F\u00c9ERIE DES CONTES DE NO\u00cbL \u00c0 l\u2019occasion des f\u00eates de fin d\u2019ann\u00e9e, le Centre des monuments nationaux invite petits et grands \u00e0 vivre la magie de No\u00ebl au travers d\u2019une programmation festive et conviviale \u00a0Une programmation festive et conviviale \u00ab Contes\u2026","rel":"","context":"Dans &quot;Non class\u00e9&quot;","block_context":{"text":"Non class\u00e9","link":"http:\/\/www.letourismeaparis.fr\/index.php\/category\/non-classe\/"},"img":{"alt_text":"","src":"https:\/\/i0.wp.com\/www.letourismeaparis.fr\/wp-content\/uploads\/2018\/11\/Capture-d%C3%A2%C2%80%C2%99e%C3%8C%C2%81cran-2018-11-28-a%C3%8C%C2%80-18.31.10-225x300.png?resize=350%2C200","width":350,"height":200},"classes":[]},{"id":12239,"url":"http:\/\/www.letourismeaparis.fr\/index.php\/2012\/12\/26\/contes-et-histoires-au-pantheon\/","url_meta":{"origin":26051,"position":1},"title":"Contes et histoires au Panth\u00e9on","author":"Fabienne TM","date":"26 d\u00e9cembre 2012","format":false,"excerpt":"\u00ab L\u2019invention de la curiosit\u00e9 \u00bb avec Diderot et l\u2019Encyclop\u00e9die Enfant 26 D\u00e9cembre 2012 > 29 D\u00e9cembre 2012 : \u00c0 l\u2019occasion du tricentenaire de la naissance de Denis Diderot, 1713-1784, Contes & Histoires au Panth\u00e9on propose de d\u00e9couvrir dans un parcours ludique Diderot et son Encyclop\u00e9die ou Dictionnaire raisonn\u00e9 des\u2026","rel":"","context":"Dans &quot;Non class\u00e9&quot;","block_context":{"text":"Non class\u00e9","link":"http:\/\/www.letourismeaparis.fr\/index.php\/category\/non-classe\/"},"img":{"alt_text":"","src":"","width":0,"height":0},"classes":[]},{"id":11361,"url":"http:\/\/www.letourismeaparis.fr\/index.php\/2011\/12\/21\/mercredi-21-decembre-a-15h-a-la-mairie-du-6e-spectacle-si-les-pirates-metaient-contes\/","url_meta":{"origin":26051,"position":2},"title":"Mercredi 21 d\u00e9cembre \u00e0 15h, \u00e0 la Mairie du 6e  : spectacle \u00ab Si les pirates m\u2019\u00e9taient cont\u00e9s \u00bb","author":"Fabienne TM","date":"21 d\u00e9cembre 2011","format":false,"excerpt":"Dans le cadre de ses festivit\u00e9s de No\u00ebl, la Mairie du 6e propose un spectacle pour les enfants et leurs parents, mercredi 21 d\u00e9cembre \u00e0 15h. Hippolyte Romain, peintre, conteur, sp\u00e9cialiste du XVIIIe si\u00e8cle raconte des histoires de pirates : terrifiants ou magnifiques. Enfants et parents, venez d\u00e9guis\u00e9s en corsaire\u2026","rel":"","context":"Dans &quot;Non class\u00e9&quot;","block_context":{"text":"Non class\u00e9","link":"http:\/\/www.letourismeaparis.fr\/index.php\/category\/non-classe\/"},"img":{"alt_text":"","src":"","width":0,"height":0},"classes":[]},{"id":9271,"url":"http:\/\/www.letourismeaparis.fr\/index.php\/2010\/12\/28\/contes-histoires-au-pantheon\/","url_meta":{"origin":26051,"position":3},"title":"\u00ab Contes et Histoires \u00bb au Panth\u00e9on","author":"Fabienne TM","date":"28 d\u00e9cembre 2010","format":false,"excerpt":"\u00ab Contes & Histoires \u00bb au Panth\u00e9on mardi 28, mercredi 29 et jeudi 30 d\u00e9cembre Parcours d\u00e9couverte du Panth\u00e9on S\u00e9ance \u00e0 14h30 : sans r\u00e9servation, public familial Visite ludique, venez d\u00e9couvrir les secrets du Panth\u00e9on : ses histoires, ses lieux, ses femmes en une visite enrichissante et adapt\u00e9e. Contes et\u2026","rel":"","context":"Dans &quot;Non class\u00e9&quot;","block_context":{"text":"Non class\u00e9","link":"http:\/\/www.letourismeaparis.fr\/index.php\/category\/non-classe\/"},"img":{"alt_text":"","src":"","width":0,"height":0},"classes":[]},{"id":1327,"url":"http:\/\/www.letourismeaparis.fr\/index.php\/2009\/11\/04\/eby-et-le-mangeur-de-contes-un-spectacle-prolonge\/","url_meta":{"origin":26051,"position":4},"title":"Eby et la petite au bois dormant : un spectacle pour enfants &#8230;","author":"Fabienne TM","date":"4 novembre 2009","format":false,"excerpt":"Nous vous rappelons qu'\u00c9by et la Petite au Bois Dormant se joue au Th\u00e9\u00e2tre du Lucernaire \u00e0 Paris, tous les mercredis et samedis et du mardi au samedi pendant les vacances scolaires \u00e0 15h jusqu'au 2 janvier 2010. . TH\u00c9\u00c2TRE DU LUCERNAIRE\u00a0\u00a0 53 rue Notre Dame des Champs\u00a0\u00a0 75006 Paris\u2026","rel":"","context":"Dans &quot;Non class\u00e9&quot;","block_context":{"text":"Non class\u00e9","link":"http:\/\/www.letourismeaparis.fr\/index.php\/category\/non-classe\/"},"img":{"alt_text":"","src":"","width":0,"height":0},"classes":[]},{"id":25972,"url":"http:\/\/www.letourismeaparis.fr\/index.php\/2024\/12\/16\/contes-histoires-pour-les-vacances-de-noel\/","url_meta":{"origin":26051,"position":5},"title":"\u00ab\u00a0Contes &amp; Histoires\u00a0\u00bb pour les vacances de NO\u00cbL en \u00cele de France","author":"Fabienne TM","date":"16 d\u00e9cembre 2024","format":false,"excerpt":"L'aventure du chocolat \u00e0 St Cloud\u00a0 - Le 21 d\u00e9cembre Le secret du saphir, conte th\u00e9\u00e2tralis\u00e9 \u00e0 la basilique St Denis - Les 26, 27 et 28 d\u00e9cembre Jeu de piste au ch\u00e2teau de Jossigny - Les 23, 24, 26 et 27 d\u00e9cembre Visite-atelier \"Le ch\u00e2teau \u00e0 l'envers\" au ch\u00e2teau\u2026","rel":"","context":"Dans &quot;Actualit\u00e9s&quot;","block_context":{"text":"Actualit\u00e9s","link":"http:\/\/www.letourismeaparis.fr\/index.php\/category\/actualite\/"},"img":{"alt_text":"","src":"","width":0,"height":0},"classes":[]}],"jetpack_sharing_enabled":true,"jetpack_likes_enabled":true,"_links":{"self":[{"href":"http:\/\/www.letourismeaparis.fr\/index.php\/wp-json\/wp\/v2\/posts\/26051","targetHints":{"allow":["GET"]}}],"collection":[{"href":"http:\/\/www.letourismeaparis.fr\/index.php\/wp-json\/wp\/v2\/posts"}],"about":[{"href":"http:\/\/www.letourismeaparis.fr\/index.php\/wp-json\/wp\/v2\/types\/post"}],"author":[{"embeddable":true,"href":"http:\/\/www.letourismeaparis.fr\/index.php\/wp-json\/wp\/v2\/users\/2"}],"replies":[{"embeddable":true,"href":"http:\/\/www.letourismeaparis.fr\/index.php\/wp-json\/wp\/v2\/comments?post=26051"}],"version-history":[{"count":1,"href":"http:\/\/www.letourismeaparis.fr\/index.php\/wp-json\/wp\/v2\/posts\/26051\/revisions"}],"predecessor-version":[{"id":26053,"href":"http:\/\/www.letourismeaparis.fr\/index.php\/wp-json\/wp\/v2\/posts\/26051\/revisions\/26053"}],"wp:featuredmedia":[{"embeddable":true,"href":"http:\/\/www.letourismeaparis.fr\/index.php\/wp-json\/wp\/v2\/media\/26052"}],"wp:attachment":[{"href":"http:\/\/www.letourismeaparis.fr\/index.php\/wp-json\/wp\/v2\/media?parent=26051"}],"wp:term":[{"taxonomy":"category","embeddable":true,"href":"http:\/\/www.letourismeaparis.fr\/index.php\/wp-json\/wp\/v2\/categories?post=26051"},{"taxonomy":"post_tag","embeddable":true,"href":"http:\/\/www.letourismeaparis.fr\/index.php\/wp-json\/wp\/v2\/tags?post=26051"}],"curies":[{"name":"wp","href":"https:\/\/api.w.org\/{rel}","templated":true}]}}