{"id":26105,"date":"2025-03-31T18:35:37","date_gmt":"2025-03-31T16:35:37","guid":{"rendered":"http:\/\/www.letourismeaparis.fr\/?p=26105"},"modified":"2025-03-31T18:37:49","modified_gmt":"2025-03-31T16:37:49","slug":"dessins-de-bijoux-les-secrets-de-la-creation","status":"publish","type":"post","link":"http:\/\/www.letourismeaparis.fr\/index.php\/2025\/03\/31\/dessins-de-bijoux-les-secrets-de-la-creation\/","title":{"rendered":"Dessins de bijoux  ,les secrets de la cr\u00e9ation"},"content":{"rendered":"\n<p>le Petit Palais d\u00e9voile la diversit\u00e9 et l\u2019ampleur de sa collection de dessins de bijoux, couvrant plus d\u2019un si\u00e8cle de cr\u00e9ation, de la seconde moiti\u00e9 du XIXe au milieu du XXe si\u00e8cle.<\/p>\n\n\n\n<p>Les dessinateurs  se sont inspir\u00e9s de la nature et de recueils d&rsquo;ornements qui v\u00e9hicul\u00e8rent les formes d\u00e9coratives de diff\u00e9rentes \u00e9poques et r\u00e9gions du monde<\/p>\n\n\n\n<p>Cette pr\u00e9sentation a pour fil rouge le processus cr\u00e9atif des dessinateurs de haute-joaillerie  pour aboutir \u00e0 l\u2019\u00e9tincelante parure r\u00e9alis\u00e9e, et met en valeur les diff\u00e9rentes \u00e9tapes que sont les \u00e9tudes d\u2019apr\u00e8s mod\u00e8les, les esquisses pr\u00e9paratoires, les gouach\u00e9s  et m\u00eame les maquettes en trois dimensions.<\/p>\n\n\n\n<hr class=\"wp-block-separator has-alpha-channel-opacity\"\/>\n\n\n\n<p>Le parcours croise les \u00e9poques et les styles, m\u00ealant les dessins de bijoux du Second Empire \u00e0 ceux de l\u2019Art d\u00e9co, les styles historicisants de la deuxi\u00e8me moiti\u00e9 du XIXe si\u00e8cle \u00e0 l\u2019Art Nouveau.<\/p>\n\n\n\n<p>De Lalique \u00e0 Cartier, de Rouvenat \u00e0 Boucheron, l\u2019exposition offre un d\u00e9cryptage des proc\u00e9d\u00e9s propres aux dessinateurs de bijoux \u00e0 la mani\u00e8re d\u2019un voyage dans l\u2019atelier des cr\u00e9ateurs.<\/p>\n\n\n\n<hr class=\"wp-block-separator has-alpha-channel-opacity\"\/>\n\n\n\n<p>Les bijoux naissent de la collaboration de nombreux corps de m\u00e9tiers : dessinateurs, <\/p>\n\n\n\n<p>(Callot, Vever fr\u00e8res,Deraisme, Jacqueau,Desrosiers, Fouquet, Lalique, Philippi,Subes, Falize,Fanniere Fr\u00e8res)<\/p>\n\n\n\n<p> modeleurs,graveurs,ciseleurs, reperceurs, \u00e9mailleurs, joailliers, sertisseurs, enfileurs ou encore polisseurs&#8230;&#8230;<\/p>\n\n\n\n<hr class=\"wp-block-separator has-alpha-channel-opacity\"\/>\n\n\n\n<p>Avenue Winston Churchill 75008 Paris<\/p>\n\n\n\n<p>Tel : 01 53 43 40 00<\/p>\n\n\n\n<p>Du mardi au dimanche de 10h \u00e0 18h<\/p>\n\n\n\n<p>Nocturnes jusqu&rsquo;\u00e0 20h le vendredi et le samedi<\/p>\n\n\n\n<p>Derni\u00e8re entr\u00e9e \u00e0 19h<\/p>\n\n\n\n<p>jusqu&rsquo;au 20 juillet 2025<\/p>\n\n\n\n<hr class=\"wp-block-separator has-alpha-channel-opacity\"\/>\n\n\n\n<p><\/p>\n\n\n\n<p><\/p>\n\n\n\n<ol start=\"4\" class=\"wp-block-list\">\n<li>Cartier Paris., Bracelet rigide Chim\u00e8res, 1928<br>Or, platine, \u00e9mail, corail sculpt\u00e9, saphirs, diamants, \u00e9meraudes,<br>7,4 \u00d7 8,15 \u00d71,60 cm.<br>Collection Cartier.<br>Nils Herrmann, Collection Cartier \u00a9 Cartier<\/li>\n<\/ol>\n\n\n\n<p><\/p>\n","protected":false},"excerpt":{"rendered":"<p>le Petit Palais d\u00e9voile la diversit\u00e9 et l\u2019ampleur de sa collection de dessins de bijoux, couvrant plus d\u2019un si\u00e8cle de cr\u00e9ation, de la seconde moiti\u00e9 du XIXe au milieu du XXe si\u00e8cle. Les dessinateurs se sont inspir\u00e9s de la nature&#8230;<\/p>\n","protected":false},"author":2,"featured_media":26108,"comment_status":"open","ping_status":"open","sticky":false,"template":"","format":"standard","meta":{"ngg_post_thumbnail":0,"jetpack_post_was_ever_published":false,"_jetpack_newsletter_access":"","footnotes":""},"categories":[368,36,27],"tags":[],"class_list":["post-26105","post","type-post","status-publish","format-standard","has-post-thumbnail","hentry","category-joaillerie","category-luxe","category-musees-expositions"],"jetpack_featured_media_url":"http:\/\/www.letourismeaparis.fr\/wp-content\/uploads\/2025\/03\/Capture-decran-2025-03-31-a-18.32.46.png","jetpack-related-posts":[{"id":24422,"url":"http:\/\/www.letourismeaparis.fr\/index.php\/2021\/11\/04\/cartier-et-les-arts-de-lislam-aux-sources-de-la-modernite\/","url_meta":{"origin":26105,"position":0},"title":"CARTIER ET LES ARTS DE L\u2019ISLAM. AUX SOURCES DE LA MODERNIT\u00c9","author":"Fabienne TM","date":"4 novembre 2021","format":false,"excerpt":"Une magnifique exposition\u00a0! Courez-y ! du 21 octobre 2021 au 20 f\u00e9vrier 2022 Le Mus\u00e9e des Arts D\u00e9coratifs pr\u00e9sente \u00ab Cartier et les arts de l\u2019Islam. Aux sources de la modernit\u00e9 \u00bb, coproduite par le Mus\u00e9e des Arts D\u00e9coratifs, Paris et le Dallas Museum of Art, avec la collaboration exceptionnelle\u2026","rel":"","context":"Dans &quot;joaillerie&quot;","block_context":{"text":"joaillerie","link":"http:\/\/www.letourismeaparis.fr\/index.php\/category\/joaillerie\/"},"img":{"alt_text":"","src":"https:\/\/i0.wp.com\/www.letourismeaparis.fr\/wp-content\/uploads\/2021\/11\/Capture-d%E2%80%99e%CC%81cran-2021-11-04-a%CC%80-15.44.53.png?resize=350%2C200","width":350,"height":200},"classes":[]},{"id":11993,"url":"http:\/\/www.letourismeaparis.fr\/index.php\/2012\/11\/30\/van-cleef-arpels-lart-de-la-haute-joaillerie-du-20-septembre-2012-au-10-fevrier-2013-extraordinaire\/","url_meta":{"origin":26105,"position":1},"title":"Van Cleef &amp; Arpels. L&#039;art de la haute joaillerie  jusqu&#039; au 10 f\u00e9vrier 2013 : extraordinaire !","author":"Fabienne TM","date":"30 novembre 2012","format":false,"excerpt":"Van Cleef & Arpels. L'art de la haute joaillerie du 20 septembre 2012 au 10 f\u00e9vrier 2013 Toute l\u2019audace de la cr\u00e9ation d\u2019une grande maison de joaillerie est mise en lumi\u00e8re dans la nef des Arts D\u00e9coratifs \u00e0 travers plus de 500 bijoux, qui font la renomm\u00e9e de Van Cleef\u2026","rel":"","context":"Dans &quot;Non class\u00e9&quot;","block_context":{"text":"Non class\u00e9","link":"http:\/\/www.letourismeaparis.fr\/index.php\/category\/non-classe\/"},"img":{"alt_text":"","src":"","width":0,"height":0},"classes":[]},{"id":351,"url":"http:\/\/www.letourismeaparis.fr\/index.php\/2008\/09\/16\/les-journees-du-patrimoine-et-mellerio\/","url_meta":{"origin":26105,"position":2},"title":"Les journ\u00e9es du Patrimoine et Mellerio","author":"Fabienne TM","date":"16 septembre 2008","format":false,"excerpt":"Un artisan joaillier dans l'atelier Mellerio dits Meller D\u00e9couverte exceptionnelle de la Joaillerie Mellerio dits Meller, l'une des plus anciennes au monde et toujours d\u00e9tenue par la famille Mellerio depuis 1613. Exposition d'objets d'orf\u00e8vrerie, de bijoux anciens et contemporains et d'archives Exposition d'objets d'orf\u00e8vrerie, de bijoux anciens et contemporains et\u2026","rel":"","context":"Dans &quot;Non class\u00e9&quot;","block_context":{"text":"Non class\u00e9","link":"http:\/\/www.letourismeaparis.fr\/index.php\/category\/non-classe\/"},"img":{"alt_text":"","src":"","width":0,"height":0},"classes":[]},{"id":26448,"url":"http:\/\/www.letourismeaparis.fr\/index.php\/2025\/10\/03\/1925-2025-cent-ans-dart-deco-au-musee-des-arts-decoratifs\/","url_meta":{"origin":26105,"position":3},"title":"1925-2025. Cent ans d\u2019Art d\u00e9co au mus\u00e9e des arts d\u00e9coratifs : Exceptionnel !","author":"Fabienne TM","date":"3 octobre 2025","format":false,"excerpt":"jusqu' au 26 avril 2026 Mobilier sculptural, bijoux pr\u00e9cieux(Boucheron, Cartier...) objets d\u2019art, dessins, affiches et pi\u00e8ces de mode : pr\u00e8s de 1 000 \u0153uvres raconteront la richesse, l\u2019\u00e9l\u00e9gance et les contradictions d\u2019un style qui continue de fasciner. Un style audacieux, raffin\u00e9 et r\u00e9solument moderne.Sc\u00e9nographie immersive, mat\u00e9riaux somptueux, formes stylis\u00e9es et\u2026","rel":"","context":"Dans &quot;Art-Contemporain&quot;","block_context":{"text":"Art-Contemporain","link":"http:\/\/www.letourismeaparis.fr\/index.php\/category\/culture\/musees-expositions\/art-contemporain\/"},"img":{"alt_text":"","src":"https:\/\/i0.wp.com\/www.letourismeaparis.fr\/wp-content\/uploads\/2025\/10\/Capture-decran-2025-10-03-a-14.32.22.png?resize=350%2C200","width":350,"height":200},"classes":[]},{"id":24062,"url":"http:\/\/www.letourismeaparis.fr\/index.php\/2020\/10\/06\/jean-vendome-artiste-joaillier\/","url_meta":{"origin":26105,"position":4},"title":"\u00ab JEAN VENDOME, ARTISTE JOAILLIER \u00bb","author":"Fabienne TM","date":"6 octobre 2020","format":false,"excerpt":"Du 8 octobre au 18 d\u00e9cembre 2020, L\u2019\u00c9cole des Arts Joailliers mettra en lumi\u00e8re l\u2019univers de ce cr\u00e9ateur aventureux, qui en v\u00e9ritable artiste s\u2019est appliqu\u00e9 \u00e0 cr\u00e9er son monde. R\u00e9fractaire aux modes, il a cr\u00e9\u00e9 un style pr\u00e9curseur, tr\u00e8s personnel, celui d\u2019un bijou de caract\u00e8re, mais visuellement \u00e9quilibr\u00e9 car proportionn\u00e9\u2026","rel":"","context":"Dans &quot;Non class\u00e9&quot;","block_context":{"text":"Non class\u00e9","link":"http:\/\/www.letourismeaparis.fr\/index.php\/category\/non-classe\/"},"img":{"alt_text":"","src":"https:\/\/i0.wp.com\/www.letourismeaparis.fr\/wp-content\/uploads\/2020\/10\/Capture-d%E2%80%99e%CC%81cran-2020-10-06-a%CC%80-11.49.59.png?resize=350%2C200","width":350,"height":200,"srcset":"https:\/\/i0.wp.com\/www.letourismeaparis.fr\/wp-content\/uploads\/2020\/10\/Capture-d%E2%80%99e%CC%81cran-2020-10-06-a%CC%80-11.49.59.png?resize=350%2C200 1x, https:\/\/i0.wp.com\/www.letourismeaparis.fr\/wp-content\/uploads\/2020\/10\/Capture-d%E2%80%99e%CC%81cran-2020-10-06-a%CC%80-11.49.59.png?resize=525%2C300 1.5x"},"classes":[]},{"id":25362,"url":"http:\/\/www.letourismeaparis.fr\/index.php\/2023\/11\/10\/secrets-de-bijoux\/","url_meta":{"origin":26105,"position":5},"title":"Secrets de Bijoux","author":"Fabienne TM","date":"10 novembre 2023","format":false,"excerpt":"L\u2019exposition des savoir-faire de la bijouterie-joaillerie Les \u00a0sertis clos, grain\u00e9s,griff\u00e9s rails ou invisibles n\u2019auront plus de secrets pour vous. Des bijoux \u00e0 des prix tr\u00e8s abordables pour certains, selon les mati\u00e8res et le travail. on citera notamment la maison Aur\u00e9lie Bidermann, Doama,The black alchemy, cl\u00e9mentine Despocq,Copin... Jusqu\u2019au dimanche 19 novembre\u2026","rel":"","context":"Dans &quot;joaillerie&quot;","block_context":{"text":"joaillerie","link":"http:\/\/www.letourismeaparis.fr\/index.php\/category\/joaillerie\/"},"img":{"alt_text":"","src":"https:\/\/i0.wp.com\/www.letourismeaparis.fr\/wp-content\/uploads\/2023\/11\/Capture-decran-2023-11-10-a-19.19.14.png?resize=350%2C200","width":350,"height":200},"classes":[]}],"jetpack_sharing_enabled":true,"jetpack_likes_enabled":true,"_links":{"self":[{"href":"http:\/\/www.letourismeaparis.fr\/index.php\/wp-json\/wp\/v2\/posts\/26105","targetHints":{"allow":["GET"]}}],"collection":[{"href":"http:\/\/www.letourismeaparis.fr\/index.php\/wp-json\/wp\/v2\/posts"}],"about":[{"href":"http:\/\/www.letourismeaparis.fr\/index.php\/wp-json\/wp\/v2\/types\/post"}],"author":[{"embeddable":true,"href":"http:\/\/www.letourismeaparis.fr\/index.php\/wp-json\/wp\/v2\/users\/2"}],"replies":[{"embeddable":true,"href":"http:\/\/www.letourismeaparis.fr\/index.php\/wp-json\/wp\/v2\/comments?post=26105"}],"version-history":[{"count":5,"href":"http:\/\/www.letourismeaparis.fr\/index.php\/wp-json\/wp\/v2\/posts\/26105\/revisions"}],"predecessor-version":[{"id":26112,"href":"http:\/\/www.letourismeaparis.fr\/index.php\/wp-json\/wp\/v2\/posts\/26105\/revisions\/26112"}],"wp:featuredmedia":[{"embeddable":true,"href":"http:\/\/www.letourismeaparis.fr\/index.php\/wp-json\/wp\/v2\/media\/26108"}],"wp:attachment":[{"href":"http:\/\/www.letourismeaparis.fr\/index.php\/wp-json\/wp\/v2\/media?parent=26105"}],"wp:term":[{"taxonomy":"category","embeddable":true,"href":"http:\/\/www.letourismeaparis.fr\/index.php\/wp-json\/wp\/v2\/categories?post=26105"},{"taxonomy":"post_tag","embeddable":true,"href":"http:\/\/www.letourismeaparis.fr\/index.php\/wp-json\/wp\/v2\/tags?post=26105"}],"curies":[{"name":"wp","href":"https:\/\/api.w.org\/{rel}","templated":true}]}}