{"id":26113,"date":"2025-04-01T18:29:26","date_gmt":"2025-04-01T16:29:26","guid":{"rendered":"http:\/\/www.letourismeaparis.fr\/?p=26113"},"modified":"2025-04-25T17:24:35","modified_gmt":"2025-04-25T15:24:35","slug":"deserts-au-museum-national-dhistoire-naturellle","status":"publish","type":"post","link":"http:\/\/www.letourismeaparis.fr\/index.php\/2025\/04\/01\/deserts-au-museum-national-dhistoire-naturellle\/","title":{"rendered":"\u00ab\u00a0D\u00e9serts\u00a0\u00bb au Museum \u00a0national d\u2019histoire naturellle"},"content":{"rendered":"\n<p>Du 2 avril au 30 novembre 2025Un voyage \u00e0 travers les milieux les plus extr\u00eames de notre plan\u00e8te.\u00a0Des vastes \u00e9tendues d\u00e9sertiques aux paysages glaciaires des p\u00f4les, vous plongerez au c\u0153ur de ces territoires inhospitaliers et d\u00e9couvrez les incroyables strat\u00e9gies d\u2019adaptation du vivant pour y vivre.<\/p>\n\n\n\n<hr class=\"wp-block-separator has-alpha-channel-opacity\"\/>\n\n\n\n<p>Un voyage in\u00e9dit au c\u0153ur des milieux d\u00e9sertiques de notre plan\u00e8te, de l&#8217;embl\u00e9matique Sahara aux d\u00e9serts polaires, en passant par les d\u00e9serts de Sonora, d&rsquo;Atacama, de Gobi&#8230;<\/p>\n\n\n\n<p>Qu\u2019ils soient br\u00fblants ou polaires, form\u00e9s de roche, de sable, de sel ou de glace, les d\u00e9serts ont tous en commun d\u2019\u00eatre des milieux ouverts, arides et aux temp\u00e9ratures extr\u00eames.<\/p>\n\n\n\n<hr class=\"wp-block-separator has-alpha-channel-opacity\"\/>\n\n\n\n<p>\u00c0 travers pr\u00e8s de 200 sp\u00e9cimens et objets de natures vari\u00e9es, pour la plupart issus des riches collections du Mus\u00e9um ; ainsi que des dispositifs multim\u00e9dias ou de grandes projections, l\u2019exposition offre une approche scientifique, ludique et esth\u00e9tique de ces milieux fascinants.<\/p>\n\n\n\n<p>Vous d\u00e9couvrirez les yourtes d\u00e9sormais \u00e9quip\u00e9es pour certaines de panneaux solaires et d\u2019une antenne \u2026. Vous verrez\u00a0 des animaux grandeur nature\u00a0: chameaux, ours\u2026.<\/p>\n\n\n\n<p>Pour \u00e9couter les ressources audio, pr\u00e9voyez un casque de t\u00e9l\u00e9phone individuel avec fil et petite prise jack (pas de prise USB-C). <\/p>\n\n\n\n<p>Vous pouvez t\u00e9l\u00e9charger les fichiers MP3 sur le site.<\/p>\n\n\n\n<p><a href=\"https:\/\/www.jardindesplantesdeparis.fr\/fr\/expo-deserts\">https:\/\/www.jardindesplantesdeparis.fr\/fr\/expo-deserts<\/a><\/p>\n\n\n\n<p>&nbsp;ATELIERS<\/p>\n\n\n\n<p>D\u00e9couvrez des objets tress\u00e9s dans les oasis du Maghreb \u00e0 partir de folioles de palmier et concevez un animal en vannerie.<\/p>\n\n\n\n<p>Tous les dimanches<\/p>\n\n\n\n<p>Et pendant les vacances scolaires de printemps zone C : les lundis, vendredis et dimanches<\/p>\n\n\n\n<p>Les 6, 13, 14, 18, 20, 21 et 25 avril,<\/p>\n\n\n\n<p>les 4, 11, 18 et 25 mai,<\/p>\n\n\n\n<p>Et le 1er juin<\/p>\n\n\n\n<p>\u00c0 14h<\/p>\n\n\n\n<p>Lieu de rendez-vous :<\/p>\n\n\n\n<p>Rendez-vous \u00e0 l\u2019accueil de la Grande Galerie de l\u2019Evolution<\/p>\n\n\n\n<hr class=\"wp-block-separator has-alpha-channel-opacity\"\/>\n\n\n\n<p>\u00c0 travers huit toiles monumentales, sp\u00e9cialement cr\u00e9\u00e9es pour l&rsquo;exposition&nbsp;<em>D\u00e9serts<\/em>, le peintre Silv\u00e8re Jarrosson explore trois th\u00e8mes&nbsp;: comment les paysages se forment-ils&nbsp;? Quelle place le hasard et les contraintes occupent-ils dans cette formation&nbsp;? Et quelle exp\u00e9rience les humains ont-ils des d\u00e9serts&nbsp;?<\/p>\n\n\n\n<p>Ouvert tous les jours, sauf les mardis de 10h \u00e0 18 h<\/p>\n\n\n\n<p>36 rue Geoffroy Saint-Hilaire, 75005 Paris<\/p>\n","protected":false},"excerpt":{"rendered":"<p>Du 2 avril au 30 novembre 2025Un voyage \u00e0 travers les milieux les plus extr\u00eames de notre plan\u00e8te.\u00a0Des vastes \u00e9tendues d\u00e9sertiques aux paysages glaciaires des p\u00f4les, vous plongerez au c\u0153ur de ces territoires inhospitaliers et d\u00e9couvrez les incroyables strat\u00e9gies d\u2019adaptation&#8230;<\/p>\n","protected":false},"author":2,"featured_media":26145,"comment_status":"open","ping_status":"open","sticky":false,"template":"","format":"standard","meta":{"ngg_post_thumbnail":0,"jetpack_post_was_ever_published":false,"_jetpack_newsletter_access":"","footnotes":""},"categories":[17,20,23,27,42,41,52],"tags":[],"class_list":["post-26113","post","type-post","status-publish","format-standard","has-post-thumbnail","hentry","category-conferences","category-cultures-du-monde","category-ecologie","category-musees-expositions","category-nature-plein-air","category-photos","category-vacances-scolaires"],"jetpack_featured_media_url":"http:\/\/www.letourismeaparis.fr\/wp-content\/uploads\/2025\/04\/Capture-decran-2025-04-25-a-17.24.17.png","jetpack-related-posts":[{"id":22336,"url":"http:\/\/www.letourismeaparis.fr\/index.php\/2019\/04\/18\/ocean-une-plongee-insolite\/","url_meta":{"origin":26113,"position":0},"title":"Ocean, une plong\u00e9e insolite","author":"Fabienne TM","date":"18 avril 2019","format":false,"excerpt":"JUSQU'AU 5 JANVIER 2020 EXPLORATION Si l\u2019oc\u00e9an occupe la plus grande surface de notre plan\u00e8te, il reste en grande partie m\u00e9connu\u2026 En cause, son immensit\u00e9 bien s\u00fbr, mais aussi le fait que son exploration repr\u00e9sente pour l\u2019\u00eatre humain un v\u00e9ritable d\u00e9fi. D\u00e9couvrez quelques-uns des multiples outils et techniques mis en\u2026","rel":"","context":"Dans &quot;Non class\u00e9&quot;","block_context":{"text":"Non class\u00e9","link":"http:\/\/www.letourismeaparis.fr\/index.php\/category\/non-classe\/"},"img":{"alt_text":"","src":"","width":0,"height":0},"classes":[]},{"id":6486,"url":"http:\/\/www.letourismeaparis.fr\/index.php\/2010\/02\/06\/journee-speciale-voyageurs-du-monde-samedi-6-fevrier\/","url_meta":{"origin":26113,"position":1},"title":"Journ\u00e9e sp\u00e9ciale Voyageurs du monde, samedi 6 f\u00e9vrier","author":"Fabienne TM","date":"6 f\u00e9vrier 2010","format":false,"excerpt":"Journ\u00e9e sp\u00e9ciale Voyageurs du monde, samedi 6 f\u00e9vrier et une Soir\u00e9e exceptionnelle Aventure du d\u00e9sert, aventure int\u00e9rieure, samedi 13 f\u00e9vrier 2010, \u00e0 la Maison des Mines. Samedi 6 f\u00e9vrier 2010 Journ\u00e9e sp\u00e9ciale Voyageurs du monde Ouverture des portes \u00e0 15h 3 projections-rencontres \u00e0 16h, 18h et 20h30 16 h \u2013\u2026","rel":"","context":"Dans &quot;Non class\u00e9&quot;","block_context":{"text":"Non class\u00e9","link":"http:\/\/www.letourismeaparis.fr\/index.php\/category\/non-classe\/"},"img":{"alt_text":"","src":"","width":0,"height":0},"classes":[]},{"id":20287,"url":"http:\/\/www.letourismeaparis.fr\/index.php\/2017\/10\/31\/dans-la-peau-dun-soldat-de-la-rome-antique-a-nos-jours-au-musee-de-larmee\/","url_meta":{"origin":26113,"position":2},"title":"Dans la peau d&#039;un soldat de la Rome antique \u00e0 nos jours au mus\u00e9e de l&#039;arm\u00e9e","author":"Fabienne TM","date":"31 octobre 2017","format":false,"excerpt":"Le mus\u00e9e de l\u2019Arm\u00e9e pr\u00e9sente une exposition invitant le public \u00e0 se glisser dans la peau d\u2019un soldat, et \u00e0 partager sa vie \u00e0 travers les objets les plus banals mais aussi les plus insolites de son quotidien, depuis l\u2019Antiquit\u00e9 jusqu\u2019au XXIe si\u00e8cle. Une galerie chronologique pr\u00e9sente plus d\u2019une vingtaine\u2026","rel":"","context":"Dans &quot;Mus\u00e9es \/ Expositions&quot;","block_context":{"text":"Mus\u00e9es \/ Expositions","link":"http:\/\/www.letourismeaparis.fr\/index.php\/category\/culture\/musees-expositions\/"},"img":{"alt_text":"","src":"https:\/\/i0.wp.com\/www.letourismeaparis.fr\/wp-content\/uploads\/2017\/10\/Capture-d%C3%A2%C2%80%C2%99e%C3%8C%C2%81cran-2017-10-03-a%C3%8C%C2%80-17.17.03-224x300.png?resize=350%2C200","width":350,"height":200},"classes":[]},{"id":19316,"url":"http:\/\/www.letourismeaparis.fr\/index.php\/2016\/12\/23\/le-porteur-dhistoire-un-tres-bon-spectacle-au-theatre-des-beliers\/","url_meta":{"origin":26113,"position":3},"title":"Le Porteur d\u2019Histoire : un tr\u00e8s bon spectacle au Th\u00e9atre des B\u00e9liers","author":"Fabienne TM","date":"23 d\u00e9cembre 2016","format":false,"excerpt":"Le Porteur d\u2019Histoire est une Chasse au Tr\u00e9sor Litt\u00e9raire cr\u00e9\u00e9e et mise en sc\u00e8ne par Alexis Michalik. Une salle pleine \u00e0 craquer pour une bonne pi\u00e8ce.... \u00a0 Par une nuit pluvieuse, au fin fond des Ardennes, Martin Martin doit enterrer son p\u00e8re. Il est alors loin d\u2019imaginer que la d\u00e9couverte\u2026","rel":"","context":"Dans &quot;Th\u00e9atre&quot;","block_context":{"text":"Th\u00e9atre","link":"http:\/\/www.letourismeaparis.fr\/index.php\/category\/spectacle\/theatre\/"},"img":{"alt_text":"","src":"","width":0,"height":0},"classes":[]},{"id":11537,"url":"http:\/\/www.letourismeaparis.fr\/index.php\/2012\/02\/25\/les-vacances-de-fevrier-avec-les-enfants-au-museum\/","url_meta":{"origin":26113,"position":4},"title":"les vacances de F\u00e9vrier avec les enfants au Mus\u00e9um","author":"Fabienne TM","date":"25 f\u00e9vrier 2012","format":false,"excerpt":"les vacances de F\u00e9vrier avec les enfants au Mus\u00e9um \u00ab Au fil des Araign\u00e9es \u00bb Grande Galerie de l\u2019\u00c9volution du Mus\u00e9um - Jusqu\u2019au 2 juillet 2012 L\u2019exposition s\u2019attaque aux clich\u00e9s qui ont forg\u00e9 la mauvaise r\u00e9putation de l\u2019araign\u00e9e et d\u00e9cline les caract\u00e9ristiques de ce pr\u00e9dateur efficace qui constitue un maillon\u2026","rel":"","context":"Dans &quot;Non class\u00e9&quot;","block_context":{"text":"Non class\u00e9","link":"http:\/\/www.letourismeaparis.fr\/index.php\/category\/non-classe\/"},"img":{"alt_text":"","src":"","width":0,"height":0},"classes":[]},{"id":9772,"url":"http:\/\/www.letourismeaparis.fr\/index.php\/2011\/03\/18\/festival-voyage-a-travers-les-films-jusquau-au-20-mars-2011\/","url_meta":{"origin":26113,"position":5},"title":"Festival : &quot;Voyage \u00e0 travers les films&quot; : jusqu&#039;au au 20 mars 2011","author":"Fabienne TM","date":"18 mars 2011","format":false,"excerpt":"Voyage \u00e0 travers les films : jusqu'au au 20 mars 2011, \u00a0 \u00a0\u00a0 gratuit Dans le cadre de la Journ\u00e9e internationale de la Francophonie, le Groupe francophone aupr\u00e8s de l\u2019UNESCO \u2013 qui regroupe environ 70 d\u00e9l\u00e9gations \u2013, organise \u00e0 la Cit\u00e9 internationale universitaire de Paris le festival \u00ab Voyage \u00e0\u2026","rel":"","context":"Dans &quot;Non class\u00e9&quot;","block_context":{"text":"Non class\u00e9","link":"http:\/\/www.letourismeaparis.fr\/index.php\/category\/non-classe\/"},"img":{"alt_text":"","src":"","width":0,"height":0},"classes":[]}],"jetpack_sharing_enabled":true,"jetpack_likes_enabled":true,"_links":{"self":[{"href":"http:\/\/www.letourismeaparis.fr\/index.php\/wp-json\/wp\/v2\/posts\/26113","targetHints":{"allow":["GET"]}}],"collection":[{"href":"http:\/\/www.letourismeaparis.fr\/index.php\/wp-json\/wp\/v2\/posts"}],"about":[{"href":"http:\/\/www.letourismeaparis.fr\/index.php\/wp-json\/wp\/v2\/types\/post"}],"author":[{"embeddable":true,"href":"http:\/\/www.letourismeaparis.fr\/index.php\/wp-json\/wp\/v2\/users\/2"}],"replies":[{"embeddable":true,"href":"http:\/\/www.letourismeaparis.fr\/index.php\/wp-json\/wp\/v2\/comments?post=26113"}],"version-history":[{"count":2,"href":"http:\/\/www.letourismeaparis.fr\/index.php\/wp-json\/wp\/v2\/posts\/26113\/revisions"}],"predecessor-version":[{"id":26524,"href":"http:\/\/www.letourismeaparis.fr\/index.php\/wp-json\/wp\/v2\/posts\/26113\/revisions\/26524"}],"wp:featuredmedia":[{"embeddable":true,"href":"http:\/\/www.letourismeaparis.fr\/index.php\/wp-json\/wp\/v2\/media\/26145"}],"wp:attachment":[{"href":"http:\/\/www.letourismeaparis.fr\/index.php\/wp-json\/wp\/v2\/media?parent=26113"}],"wp:term":[{"taxonomy":"category","embeddable":true,"href":"http:\/\/www.letourismeaparis.fr\/index.php\/wp-json\/wp\/v2\/categories?post=26113"},{"taxonomy":"post_tag","embeddable":true,"href":"http:\/\/www.letourismeaparis.fr\/index.php\/wp-json\/wp\/v2\/tags?post=26113"}],"curies":[{"name":"wp","href":"https:\/\/api.w.org\/{rel}","templated":true}]}}