{"id":2622,"date":"2009-04-14T09:55:18","date_gmt":"2009-04-14T08:55:18","guid":{"rendered":"http:\/\/www.letourismeaparis.fr\/?p=2622"},"modified":"2009-04-14T09:55:18","modified_gmt":"2009-04-14T08:55:18","slug":"six-siecles-de-peintures-chinoises-au-musee-cernuschi-2","status":"publish","type":"post","link":"http:\/\/www.letourismeaparis.fr\/index.php\/2009\/04\/14\/six-siecles-de-peintures-chinoises-au-musee-cernuschi-2\/","title":{"rendered":"Six si\u00e8cles de peintures chinoises au mus\u00e9e Cernuschi"},"content":{"rendered":"<p>Six si\u00e8cles de peintures chinoises au mus\u00e9e Cernuschi<br \/>\nJusqu\u2019au 26 juin 2009, l\u2019exposition \u00ab Six si\u00e8cles de peintures chinoises, \u0153uvres restaur\u00e9es du mus\u00e9e Cernuschi \u00bb pr\u00e9sente les plus grands peintres de la Chine imp\u00e9riale<!--more-->,<br \/>\nC\u2019est la premi\u00e8re fois que la collection de peintures chinoises rapport\u00e9es d\u2019Orient par Henri Cernuschi en 1873 sera expos\u00e9e.<br \/>\n&#8211; Mus\u00e9e Cernuschi<br \/>\n&#8211; 7, avenue V\u00e9laquez, 75008 Paris<br \/>\n<a href=\"http:\/\/www.cernuschi.paris.fr\">http:\/\/www.cernuschi.paris.fr<\/a><\/p>\n","protected":false},"excerpt":{"rendered":"<p>Six si\u00e8cles de peintures chinoises au mus\u00e9e Cernuschi Jusqu\u2019au 26 juin 2009, l\u2019exposition \u00ab Six si\u00e8cles de peintures chinoises, \u0153uvres restaur\u00e9es du mus\u00e9e Cernuschi \u00bb pr\u00e9sente les plus grands peintres de la Chine imp\u00e9riale<\/p>\n","protected":false},"author":2,"featured_media":0,"comment_status":"open","ping_status":"open","sticky":false,"template":"","format":"standard","meta":{"ngg_post_thumbnail":0,"jetpack_post_was_ever_published":false,"_jetpack_newsletter_access":"","footnotes":""},"categories":[1],"tags":[],"class_list":["post-2622","post","type-post","status-publish","format-standard","hentry","category-non-classe"],"jetpack_featured_media_url":"","jetpack-related-posts":[{"id":2464,"url":"http:\/\/www.letourismeaparis.fr\/index.php\/2009\/03\/27\/six-siecles-de-peintures-chinoises-au-musee-cernuschi\/","url_meta":{"origin":2622,"position":0},"title":"Six si\u00e8cles de peintures chinoises au mus\u00e9e Cernuschi","author":"Fabienne TM","date":"27 mars 2009","format":false,"excerpt":"Six si\u00e8cles de peintures chinoises au mus\u00e9e Cernuschi Jusqu\u2019au 26 juin 2009, l\u2019exposition \u00ab Six si\u00e8cles de peintures chinoises, \u0153uvres restaur\u00e9es du mus\u00e9e Cernuschi \u00bb pr\u00e9sente les plus grands peintres de la Chine imp\u00e9riale, C\u2019est la premi\u00e8re fois que la collection de peintures chinoises rapport\u00e9es d\u2019Orient par Henri Cernuschi en\u2026","rel":"","context":"Dans &quot;Non class\u00e9&quot;","block_context":{"text":"Non class\u00e9","link":"http:\/\/www.letourismeaparis.fr\/index.php\/category\/non-classe\/"},"img":{"alt_text":"","src":"","width":0,"height":0},"classes":[]},{"id":21445,"url":"http:\/\/www.letourismeaparis.fr\/index.php\/2018\/10\/27\/les-tresors-de-kyoto-au-musee-cernuschi\/","url_meta":{"origin":2622,"position":1},"title":"Les tr\u00e9sors de Kyoto au mus\u00e9e Cernuschi","author":"Fabienne TM","date":"27 octobre 2018","format":false,"excerpt":"L'exposition Tr\u00e9sors de Kyoto pr\u00e9sente les grandes \u00e9coles de la peinture japonaise, le courant d\u00e9coratif Rinpa, apparu au d\u00e9but du XVIIe si\u00e8cle et dont la production perdure jusqu'\u00e0 aujourd'hui. Cette pr\u00e9sentation est propos\u00e9e dans le cadre de la saison Japonismes 2018 : les \u00e2mes en r\u00e9sonances, offrant l'opportunit\u00e9 exceptionnelle de\u2026","rel":"","context":"Dans &quot;Non class\u00e9&quot;","block_context":{"text":"Non class\u00e9","link":"http:\/\/www.letourismeaparis.fr\/index.php\/category\/non-classe\/"},"img":{"alt_text":"","src":"","width":0,"height":0},"classes":[]},{"id":25320,"url":"http:\/\/www.letourismeaparis.fr\/index.php\/2023\/10\/06\/retour-dasie-jusquau-4-fevrier-2024\/","url_meta":{"origin":2622,"position":2},"title":"\u00ab\u00a0Retour d\u2019Asie\u00a0\u00bb jusqu\u2019au 4 F\u00e9vrier 2024","author":"Fabienne TM","date":"6 octobre 2023","format":false,"excerpt":"D\u00e9couvrez notamment des bronzes exceptionnels.... Rendez-vous au BAL MUSICAL le 15 octobre de 14h \u00e0 16h Cette exposition propos\u00e9e \u00e0 l\u2019occasion de la c\u00e9l\u00e9bration du 150\u00e8me anniversaire du retour d\u2019Asie d'Henri Cernuschi invite \u00e0 d\u00e9couvrir, ou red\u00e9couvrir, l\u2019itin\u00e9raire du voyageur et collectionneur dont la contribution novatrice a permis de faire\u2026","rel":"","context":"Dans &quot;Cultures du Monde&quot;","block_context":{"text":"Cultures du Monde","link":"http:\/\/www.letourismeaparis.fr\/index.php\/category\/culture\/musees-expositions\/cultures-du-monde\/"},"img":{"alt_text":"","src":"","width":0,"height":0},"classes":[]},{"id":22129,"url":"http:\/\/www.letourismeaparis.fr\/index.php\/2019\/02\/28\/promenade-au-japon-un-regard-sur-la-collection-du-musee-cernuschi\/","url_meta":{"origin":2622,"position":3},"title":"Promenade au Japon, un regard sur la collection du mus\u00e9e Cernuschi","author":"Fabienne TM","date":"28 f\u00e9vrier 2019","format":false,"excerpt":"Cet accrochage in\u00e9dit invite les visiteurs \u00e0 d\u00e9couvrir de quelle mani\u00e8re les derni\u00e8res acquisitions du mus\u00e9e dialoguent avec les chefs-d\u2019\u0153uvre r\u00e9unis par son fondateur il y a plus de cent vingt ans. Accueil Expositions Promenade au Japon, un regard sur la collection Partager sur Facebook Partager sur Twitter Le fonds\u2026","rel":"","context":"Dans &quot;Non class\u00e9&quot;","block_context":{"text":"Non class\u00e9","link":"http:\/\/www.letourismeaparis.fr\/index.php\/category\/non-classe\/"},"img":{"alt_text":"","src":"","width":0,"height":0},"classes":[]},{"id":523,"url":"http:\/\/www.letourismeaparis.fr\/index.php\/2008\/11\/28\/estampes-japonaises-1\/","url_meta":{"origin":2622,"position":4},"title":"Estampes japonaises (1)","author":"Fabienne TM","date":"28 novembre 2008","format":false,"excerpt":"PEINTURES DE L\u2019UKIYO-E DANS LES COLLECTIONS DU MUSEE DES ARTS IDEMITSU jusqu'au 4 janvier 2009 www.letourismeaparis.fr Apparue \u00e0 la fin du XVII\u00e8me si\u00e8cle, l\u2019\u00e9cole de l\u2019Ukiyo-e ou peinture d\u2019un monde flottant, compte quelques uns des plus grands artistes de la peinture japonaise dont Kaigetsud\u00f4 And\u00f4, Harunobu, Utamaro, Hokusa\u00ef et Hiroshige.\u2026","rel":"","context":"Dans &quot;Non class\u00e9&quot;","block_context":{"text":"Non class\u00e9","link":"http:\/\/www.letourismeaparis.fr\/index.php\/category\/non-classe\/"},"img":{"alt_text":"","src":"","width":0,"height":0},"classes":[]},{"id":8465,"url":"http:\/\/www.letourismeaparis.fr\/index.php\/2010\/09\/09\/angkor-au-musee-cernuschi\/","url_meta":{"origin":2622,"position":5},"title":"Angkor au mus\u00e9e Cernuschi","author":"Fabienne TM","date":"9 septembre 2010","format":false,"excerpt":"Le mus\u00e9e Cernuschi propose jusqu'au 2 janvier 2011 une exposition consacr\u00e9e \u00e0 l'action centenaire de l'\u00c9cole Fran\u00e7aise d'Extr\u00eame-Orient \u00e0 Angkor (Cambodge). Elle m\u00e8ne une action exemplaire depuis 1907 pour ressusciter le site d'Angkor, longtemps grande m\u00e9tropole d'Asie avant d'\u00eatre envahie au XVIe si\u00e8cle par la jungle... 108 photographies (1860-1960) des\u2026","rel":"","context":"Dans &quot;Non class\u00e9&quot;","block_context":{"text":"Non class\u00e9","link":"http:\/\/www.letourismeaparis.fr\/index.php\/category\/non-classe\/"},"img":{"alt_text":"","src":"","width":0,"height":0},"classes":[]}],"jetpack_sharing_enabled":true,"jetpack_likes_enabled":true,"_links":{"self":[{"href":"http:\/\/www.letourismeaparis.fr\/index.php\/wp-json\/wp\/v2\/posts\/2622","targetHints":{"allow":["GET"]}}],"collection":[{"href":"http:\/\/www.letourismeaparis.fr\/index.php\/wp-json\/wp\/v2\/posts"}],"about":[{"href":"http:\/\/www.letourismeaparis.fr\/index.php\/wp-json\/wp\/v2\/types\/post"}],"author":[{"embeddable":true,"href":"http:\/\/www.letourismeaparis.fr\/index.php\/wp-json\/wp\/v2\/users\/2"}],"replies":[{"embeddable":true,"href":"http:\/\/www.letourismeaparis.fr\/index.php\/wp-json\/wp\/v2\/comments?post=2622"}],"version-history":[{"count":0,"href":"http:\/\/www.letourismeaparis.fr\/index.php\/wp-json\/wp\/v2\/posts\/2622\/revisions"}],"wp:attachment":[{"href":"http:\/\/www.letourismeaparis.fr\/index.php\/wp-json\/wp\/v2\/media?parent=2622"}],"wp:term":[{"taxonomy":"category","embeddable":true,"href":"http:\/\/www.letourismeaparis.fr\/index.php\/wp-json\/wp\/v2\/categories?post=2622"},{"taxonomy":"post_tag","embeddable":true,"href":"http:\/\/www.letourismeaparis.fr\/index.php\/wp-json\/wp\/v2\/tags?post=2622"}],"curies":[{"name":"wp","href":"https:\/\/api.w.org\/{rel}","templated":true}]}}