{"id":26230,"date":"2025-06-20T14:32:08","date_gmt":"2025-06-20T12:32:08","guid":{"rendered":"http:\/\/www.letourismeaparis.fr\/?p=26230"},"modified":"2025-06-20T14:32:11","modified_gmt":"2025-06-20T12:32:11","slug":"transparence-une-exposition-qui-plaira-aux-enfants-de-2-a-12-ans","status":"publish","type":"post","link":"http:\/\/www.letourismeaparis.fr\/index.php\/2025\/06\/20\/transparence-une-exposition-qui-plaira-aux-enfants-de-2-a-12-ans\/","title":{"rendered":"Transparence , une exposition qui plaira aux enfants de 2 \u00e0 12 ans"},"content":{"rendered":"\n<p> Palais des enfants (Grand Palais)<\/p>\n\n\n\n<p> jusqu&rsquo;au 29 ao\u00fbt 2027<\/p>\n\n\n\n<p>Un parcours ludique et sensoriel \u00e0 vivre en famille, o\u00f9 \u0153uvres artistiques et exp\u00e9riences scientifiques jouent avec la lumi\u00e8re pour \u00e9veiller la curiosit\u00e9 et l\u2019\u00e9merveillement des plus jeunes. Enfants et accompagnants exp\u00e9rimentent les multiples nuances de la transparence;<\/p>\n\n\n\n<hr class=\"wp-block-separator has-alpha-channel-opacity\"\/>\n\n\n\n<p>Petits et grands cheminent d\u2019un palais des glaces miroitant \u00e0 une grotte aux tr\u00e9sors cristallins.Les arts de la sculpture, de l\u2019estampe ou de la photographie dialoguent avec les sciences, via des dispositifs interactifs et sensoriels.<\/p>\n\n\n\n<hr class=\"wp-block-separator has-alpha-channel-opacity\"\/>\n\n\n\n<p>Du mardi au vendredi, de 9h30 \u00e0 17h<\/p>\n\n\n\n<p>Week-ends et vacances scolaires (zone C), de 9h30 \u00e0 19h<\/p>\n\n\n\n<p>&nbsp;Le Palais des enfants con\u00e7oit ses expositions pour les enfants de 2 \u00e0 10 ans accompagn\u00e9s.<\/p>\n\n\n\n<p>17 Avenue du G\u00e9n\u00e9ral Eisenhower, 75008 Paris<\/p>\n\n\n\n<p> photo Romain Moretto<\/p>\n\n\n\n<p>EPPDCSI<\/p>\n\n\n\n<p><\/p>\n","protected":false},"excerpt":{"rendered":"<p>Palais des enfants (Grand Palais) jusqu&rsquo;au 29 ao\u00fbt 2027 Un parcours ludique et sensoriel \u00e0 vivre en famille, o\u00f9 \u0153uvres artistiques et exp\u00e9riences scientifiques jouent avec la lumi\u00e8re pour \u00e9veiller la curiosit\u00e9 et l\u2019\u00e9merveillement des plus jeunes. Enfants et accompagnants&#8230;<\/p>\n","protected":false},"author":2,"featured_media":26231,"comment_status":"open","ping_status":"open","sticky":false,"template":"","format":"standard","meta":{"ngg_post_thumbnail":0,"jetpack_post_was_ever_published":false,"_jetpack_newsletter_access":"","footnotes":""},"categories":[28,370,27],"tags":[],"class_list":["post-26230","post","type-post","status-publish","format-standard","has-post-thumbnail","hentry","category-familles","category-immersif","category-musees-expositions"],"jetpack_featured_media_url":"http:\/\/www.letourismeaparis.fr\/wp-content\/uploads\/2025\/06\/Capture-decran-2025-06-20-a-14.21.24.png","jetpack-related-posts":[{"id":25882,"url":"http:\/\/www.letourismeaparis.fr\/index.php\/2024\/11\/07\/la-saga-des-grands-magasins-jusquau-6-avril\/","url_meta":{"origin":26230,"position":0},"title":"La Saga des grands magasins jusqu\u2019au 6 avril","author":"Fabienne TM","date":"7 novembre 2024","format":false,"excerpt":"De 1850 \u00e0 nos jours Une Exposition innovante et immersive. Cette exposition in\u00e9dite vous plonge dans l\u2019ambiance des grands magasins \u00e0 travers une sc\u00e9nographie immersive, recr\u00e9ant l\u2019exp\u00e9rience sensorielle et attractive de ces temples de la consommation. \u00a0Elle pr\u00e9sente un panorama mondial de leurs architectures monumentales, avec des collections encore jamais\u2026","rel":"","context":"Dans &quot;Non class\u00e9&quot;","block_context":{"text":"Non class\u00e9","link":"http:\/\/www.letourismeaparis.fr\/index.php\/category\/non-classe\/"},"img":{"alt_text":"","src":"https:\/\/i0.wp.com\/www.letourismeaparis.fr\/wp-content\/uploads\/2024\/11\/Capture-decran-2024-11-07-a-12.36.59.png?resize=350%2C200","width":350,"height":200,"srcset":"https:\/\/i0.wp.com\/www.letourismeaparis.fr\/wp-content\/uploads\/2024\/11\/Capture-decran-2024-11-07-a-12.36.59.png?resize=350%2C200 1x, https:\/\/i0.wp.com\/www.letourismeaparis.fr\/wp-content\/uploads\/2024\/11\/Capture-decran-2024-11-07-a-12.36.59.png?resize=525%2C300 1.5x"},"classes":[]},{"id":23962,"url":"http:\/\/www.letourismeaparis.fr\/index.php\/2020\/02\/08\/double-jeu-a-la-cite-des-sciences-et-de-lindustrie-et-au-palais-de-la-decouverte\/","url_meta":{"origin":26230,"position":1},"title":"Double jeu \u00e0 la Cit\u00e9 des sciences et de l&rsquo;industrie et au Palais de la d\u00e9couverte","author":"Fabienne TM","date":"8 f\u00e9vrier 2020","format":false,"excerpt":"Pour les vacances d\u2019hiver, on joue double jeu \u00e0 la Cit\u00e9 des sciences et de l\u2019industrie et au Palais de la d\u00e9couverte : d\u00e9couvrir tout et son contraire, les secrets les mieux gard\u00e9s des espions, les myst\u00e8res de l\u2019amour et les faces cach\u00e9es de l\u2019attraction\u2026 Tout un programme vers l\u2019inconnu...Contraires\u2026","rel":"","context":"Dans &quot;Familles&quot;","block_context":{"text":"Familles","link":"http:\/\/www.letourismeaparis.fr\/index.php\/category\/familles\/"},"img":{"alt_text":"","src":"https:\/\/i0.wp.com\/www.letourismeaparis.fr\/wp-content\/uploads\/2020\/02\/Capture-d%E2%80%99e%CC%81cran-2020-02-08-a%CC%80-12.45.26.png?resize=350%2C200","width":350,"height":200},"classes":[]},{"id":17912,"url":"http:\/\/www.letourismeaparis.fr\/index.php\/2016\/02\/09\/explorez-mars-du-9-fevrier-au-28-aout-2016-au-palais-de-la-decouverte\/","url_meta":{"origin":26230,"position":2},"title":"EXPLOREZ MARS  du 9 f\u00e9vrier au 28 ao\u00fbt 2016  au Palais de la d\u00e9couverte","author":"Fabienne TM","date":"9 f\u00e9vrier 2016","format":false,"excerpt":"\u00a0 \" Explorez Mars\" transporte le visiteur \u00e0 des milliers de kilom\u00e8tres de la Terre gr\u00e2ce \u00e0 une aventure spatiale originale et sensorielle.\u00a0Elle permet \u00e9galement de d\u00e9couvrir les rovers et les sondes qui ont\u00a0foul\u00e9 ou approch\u00e9 une plan\u00e8te aussi myst\u00e9rieuse qu\u2019intrigante.\u00a0Observable \u00e0 l\u2019\u0153il nu, la plan\u00e8te Mars attire toutes les\u2026","rel":"","context":"Dans &quot;Non class\u00e9&quot;","block_context":{"text":"Non class\u00e9","link":"http:\/\/www.letourismeaparis.fr\/index.php\/category\/non-classe\/"},"img":{"alt_text":"","src":"https:\/\/i0.wp.com\/www.letourismeaparis.fr\/wp-content\/uploads\/2016\/02\/Mars-216x300.jpg?resize=350%2C200","width":350,"height":200},"classes":[]},{"id":24407,"url":"http:\/\/www.letourismeaparis.fr\/index.php\/2021\/10\/28\/une-experience-sensorielle-autour-des-fruits-et-legumes-frais\/","url_meta":{"origin":26230,"position":3},"title":"Une exp\u00e9rience sensorielle autour des fruits et l\u00e9gumes frais !","author":"Fabienne TM","date":"28 octobre 2021","format":false,"excerpt":"Le Jardin Extraordinaire de Frutti et Veggi dans 5 villes de France D\u00e8s l\u2019automne 2021, Interfel, l\u2019Interprofession des fruits et l\u00e9gumes frais, inaugure sa tourn\u00e9e des cinq sens dans le cadre du nouveau programme \u00ab\u00a0European Fraich\u2019Force\u00a0\u00bb, co-financ\u00e9 par l\u2019Union europ\u00e9enne et lanc\u00e9 en mai dernier. Petits et grands gourmands seront\u2026","rel":"","context":"Dans &quot;Familles&quot;","block_context":{"text":"Familles","link":"http:\/\/www.letourismeaparis.fr\/index.php\/category\/familles\/"},"img":{"alt_text":"","src":"","width":0,"height":0},"classes":[]},{"id":17259,"url":"http:\/\/www.letourismeaparis.fr\/index.php\/2015\/10\/22\/vacances-de-la-toussaint-au-palais-de-la-decouverte-et-a-la-cite-des-sciences-et-de-lindustrie\/","url_meta":{"origin":26230,"position":4},"title":"Vacances de la Toussaint  au Palais de la d\u00e9couverte et \u00e0 la Cit\u00e9 des sciences et de l\u2019industrie","author":"Fabienne TM","date":"22 octobre 2015","format":false,"excerpt":"Ouverts exceptionnellement les lundis, les deux mus\u00e9es proposent 14 jours non-stop d\u2018activit\u00e9s. Les ateliers et expos\u00e9s qui accompagnent les expositions temporaires aux th\u00e9matiques fortes et dans l\u2019air du temps, permettent \u00e0 chacun de trouver son bonheur. Ouvertures exceptionnelles les lundis 19 et 26 octobre. Ouverts tous les jours jusqu\u2019\u00e0 19h.\u2026","rel":"","context":"Dans &quot;Familles&quot;","block_context":{"text":"Familles","link":"http:\/\/www.letourismeaparis.fr\/index.php\/category\/familles\/"},"img":{"alt_text":"","src":"","width":0,"height":0},"classes":[]},{"id":16355,"url":"http:\/\/www.letourismeaparis.fr\/index.php\/2015\/03\/07\/jeanne-lanvin-galliera-du-8-mars-au-23-aout-2015\/","url_meta":{"origin":26230,"position":5},"title":"Jeanne Lanvin \u00e0 Galli\u00e9ra   du 8 mars au 23 ao\u00fbt 2015","author":"Fabienne TM","date":"7 mars 2015","format":false,"excerpt":"Jeanne Lanvin, robe du soir (d\u00e9tail), 1935-1936. Collection Palais Galliera. Photo : \u00a9 R. Briant et L. Degr\u00e2ces \/ Galliera \/ Roger-Viollet Le Palais Galliera, c\u00e9l\u00e8bre la plus ancienne maison de couture fran\u00e7aise encore en activit\u00e9. Consacr\u00e9e \u00e0 Jeanne Lanvin (1867-1946), cette premi\u00e8re retrospective parisienne r\u00e9unit, en une centaine de\u2026","rel":"","context":"Dans &quot;Luxe&quot;","block_context":{"text":"Luxe","link":"http:\/\/www.letourismeaparis.fr\/index.php\/category\/luxe\/"},"img":{"alt_text":"","src":"","width":0,"height":0},"classes":[]}],"jetpack_sharing_enabled":true,"jetpack_likes_enabled":true,"_links":{"self":[{"href":"http:\/\/www.letourismeaparis.fr\/index.php\/wp-json\/wp\/v2\/posts\/26230","targetHints":{"allow":["GET"]}}],"collection":[{"href":"http:\/\/www.letourismeaparis.fr\/index.php\/wp-json\/wp\/v2\/posts"}],"about":[{"href":"http:\/\/www.letourismeaparis.fr\/index.php\/wp-json\/wp\/v2\/types\/post"}],"author":[{"embeddable":true,"href":"http:\/\/www.letourismeaparis.fr\/index.php\/wp-json\/wp\/v2\/users\/2"}],"replies":[{"embeddable":true,"href":"http:\/\/www.letourismeaparis.fr\/index.php\/wp-json\/wp\/v2\/comments?post=26230"}],"version-history":[{"count":1,"href":"http:\/\/www.letourismeaparis.fr\/index.php\/wp-json\/wp\/v2\/posts\/26230\/revisions"}],"predecessor-version":[{"id":26232,"href":"http:\/\/www.letourismeaparis.fr\/index.php\/wp-json\/wp\/v2\/posts\/26230\/revisions\/26232"}],"wp:featuredmedia":[{"embeddable":true,"href":"http:\/\/www.letourismeaparis.fr\/index.php\/wp-json\/wp\/v2\/media\/26231"}],"wp:attachment":[{"href":"http:\/\/www.letourismeaparis.fr\/index.php\/wp-json\/wp\/v2\/media?parent=26230"}],"wp:term":[{"taxonomy":"category","embeddable":true,"href":"http:\/\/www.letourismeaparis.fr\/index.php\/wp-json\/wp\/v2\/categories?post=26230"},{"taxonomy":"post_tag","embeddable":true,"href":"http:\/\/www.letourismeaparis.fr\/index.php\/wp-json\/wp\/v2\/tags?post=26230"}],"curies":[{"name":"wp","href":"https:\/\/api.w.org\/{rel}","templated":true}]}}