{"id":26244,"date":"2025-06-25T19:29:16","date_gmt":"2025-06-25T17:29:16","guid":{"rendered":"http:\/\/www.letourismeaparis.fr\/?p=26244"},"modified":"2025-06-25T19:29:19","modified_gmt":"2025-06-25T17:29:19","slug":"grand-bal-bresilien-au-grand-palais","status":"publish","type":"post","link":"http:\/\/www.letourismeaparis.fr\/index.php\/2025\/06\/25\/grand-bal-bresilien-au-grand-palais\/","title":{"rendered":"Grand bal br\u00e9silien au Grand Palais"},"content":{"rendered":"\n<p>entr\u00e9e libre.  Samedi 5 juillet 2025  \u00e0 20h30<\/p>\n\n\n\n<p>La Saison Br\u00e9sil-France 2025 et le Grand Palais s\u2019associent pour un Grand Bal br\u00e9silien dans la nef du Grand Palais. Ambiance de carnaval, musiques enivrantes, danse effr\u00e9n\u00e9e et saveurs br\u00e9siliennes : une nuit de f\u00eate haute en couleur. <\/p>\n\n\n\n<p>Dans la longue tradition des bals populaires qui se d\u00e9roulent \u00e0 Bahia ou dans la Grande Rio au moment du carnaval, le public est invit\u00e9 \u00e0 danser et \u00e0 d\u00e9guster des salgadinhos sur les musiques des artistes br\u00e9siliens. <\/p>\n\n\n\n<hr class=\"wp-block-separator has-alpha-channel-opacity\"\/>\n\n\n\n<p>Les rythmes carnavalesques d\u00e9filent, des sambas antigas aux grooves actuels, tandis que les performances des danseuses et danseurs se succ\u00e8dent sans rel\u00e2che juste tard dans la nuit au c\u0153ur de la nef.<\/p>\n\n\n\n<p>Pour vivre pleinement l\u2019ambiance enflamm\u00e9e du bal, le public est invit\u00e9 \u00e0 venir costum\u00e9 de ses plus beaux masques, coiffes, jupes et pantalons. Couleurs, plumes, paillettes : c\u2019est le moment de briller.<\/p>\n\n\n\n<p>D\u00e9roul\u00e9 indicatif<\/p>\n\n\n\n<p>20h30 Roda de Samba da Heloisa<\/p>\n\n\n\n<p>21h00 Cabaret Ganda\u00efa (Bloco de Carnaval)<\/p>\n\n\n\n<p>21h20 Capoeira para todes<\/p>\n\n\n\n<p>21h40 Batala Batucada<\/p>\n\n\n\n<p>21h50 Carla Visi (ax\u00e9 &amp; frevo)<\/p>\n\n\n\n<p>23h00 Karla Da Silva invite mestre Jorge Arag\u00e3o<\/p>\n\n\n\n<p>00h00 Puma Camille<\/p>\n\n\n\n<p>00h00 Rythme Bris\u00e9 (set Baile Funk)<\/p>\n\n\n\n<p>00h30 Yuksek<\/p>\n\n\n\n<p>02h00 fin<\/p>\n\n\n\n<p><\/p>\n","protected":false},"excerpt":{"rendered":"<p>entr\u00e9e libre. Samedi 5 juillet 2025 \u00e0 20h30 La Saison Br\u00e9sil-France 2025 et le Grand Palais s\u2019associent pour un Grand Bal br\u00e9silien dans la nef du Grand Palais. Ambiance de carnaval, musiques enivrantes, danse effr\u00e9n\u00e9e et saveurs br\u00e9siliennes : une&#8230;<\/p>\n","protected":false},"author":2,"featured_media":26245,"comment_status":"open","ping_status":"open","sticky":false,"template":"","format":"standard","meta":{"ngg_post_thumbnail":0,"jetpack_post_was_ever_published":false,"_jetpack_newsletter_access":"","footnotes":""},"categories":[375,11,20,21,39],"tags":[],"class_list":["post-26244","post","type-post","status-publish","format-standard","has-post-thumbnail","hentry","category-bal","category-bon-plan","category-cultures-du-monde","category-danse","category-musique"],"jetpack_featured_media_url":"http:\/\/www.letourismeaparis.fr\/wp-content\/uploads\/2025\/06\/Capture-decran-2025-06-25-a-19.26.19.png","jetpack-related-posts":[{"id":26188,"url":"http:\/\/www.letourismeaparis.fr\/index.php\/2025\/05\/16\/le-festival-des-places-place-au-bresil\/","url_meta":{"origin":26244,"position":0},"title":"Le Festival des Places : place au Br\u00e9sil","author":"Fabienne TM","date":"16 mai 2025","format":false,"excerpt":"Du vendredi 16 au dimanche 18 mai : (Place du Ch\u00e2telet et Agora du Th\u00e9\u00e2tre Sarah Bernhardt) Le Festival des Places invite \u00e0 c\u00e9l\u00e9brer la richesse de la culture br\u00e9silienne, dans une ambiance chaleureuse et festive. Au programme : concerts, batucada, bal gafiera, capoeira, po\u00e9sie et gastronomie br\u00e9silienne \u2014 une\u2026","rel":"","context":"Dans &quot;Bons Plans&quot;","block_context":{"text":"Bons Plans","link":"http:\/\/www.letourismeaparis.fr\/index.php\/category\/bon-plan\/"},"img":{"alt_text":"","src":"","width":0,"height":0},"classes":[]},{"id":13713,"url":"http:\/\/www.letourismeaparis.fr\/index.php\/2013\/07\/10\/le-bal-pop-du-grand-palais\/","url_meta":{"origin":26244,"position":1},"title":"Le Bal Pop du Grand Palais","author":"Fabienne TM","date":"10 juillet 2013","format":false,"excerpt":"12 Juillet 2013\u00a0-\u00a014 Juillet 2013 \u00a0\u00a0Grand Palais Le festival de la musique et de l'humour \"Les Envahisseurs\" d\u00e9barque au Grand Palais du 12 au 14 juillet. Les fans de disco, boules \u00e0 facettes et pattes d'eph' se retrouveront \u00e0 la soir\u00e9e Disco Tour 2013, pour danser sur les rythmes endiabl\u00e9s\u2026","rel":"","context":"Dans &quot;Danse&quot;","block_context":{"text":"Danse","link":"http:\/\/www.letourismeaparis.fr\/index.php\/category\/spectacle\/danse\/"},"img":{"alt_text":"","src":"","width":0,"height":0},"classes":[]},{"id":20078,"url":"http:\/\/www.letourismeaparis.fr\/index.php\/2017\/07\/14\/le-grand-bal-au-grand-palais-le-13-juillet\/","url_meta":{"origin":26244,"position":2},"title":"&quot;Le Grand Bal &quot;au Grand Palais le 13 juillet","author":"Fabienne TM","date":"14 juillet 2017","format":false,"excerpt":"Variations autour de Messe pour le temps pr\u00e9sent 13 Juillet 2017 Grand Palais, Nef Le 13 juillet, \u00e0 20h00, dansez et regardez danser dans la grandiose nef du Grand Palais ! Sept chor\u00e9graphes de talent r\u00e9interpr\u00e8teront \u00e0 leur mani\u00e8re, hip-hop, danse africaine, krump ou bien danse contemporaine, la c\u00e9l\u00e8bre Messe\u2026","rel":"","context":"Dans &quot;Non class\u00e9&quot;","block_context":{"text":"Non class\u00e9","link":"http:\/\/www.letourismeaparis.fr\/index.php\/category\/non-classe\/"},"img":{"alt_text":"","src":"","width":0,"height":0},"classes":[]},{"id":6775,"url":"http:\/\/www.letourismeaparis.fr\/index.php\/2010\/02\/27\/venez-danser-la-samba-au-quai-branly-le-dimanche-28-fevrier-a-14-h\/","url_meta":{"origin":26244,"position":3},"title":"Venez danser la samba ,au mus\u00e9e du Quai Branly le dimanche 28 f\u00e9vrier \u00e0 14 h","author":"Fabienne TM","date":"27 f\u00e9vrier 2010","format":false,"excerpt":"Dans le cadre du cycle Le grand mix du Br\u00e9sil, le mus\u00e9e du quai Branly vous invite \u00e0 participer \u00e0 un carnaval br\u00e9silien, \u00e0 la rencontre des rythmes festifs des musiciens et danseurs du groupe Allez Samba! Venez vivre cette ambiance color\u00e9e et festive avec les musiciens et danseurs d'Allez\u2026","rel":"","context":"Dans &quot;Non class\u00e9&quot;","block_context":{"text":"Non class\u00e9","link":"http:\/\/www.letourismeaparis.fr\/index.php\/category\/non-classe\/"},"img":{"alt_text":"","src":"","width":0,"height":0},"classes":[]},{"id":5261,"url":"http:\/\/www.letourismeaparis.fr\/index.php\/2009\/11\/20\/bal-au-palais-brongniart-le-samedi-21-novembre\/","url_meta":{"origin":26244,"position":4},"title":"Bal au Palais Brongniart le samedi 21 novembre","author":"Fabienne TM","date":"20 novembre 2009","format":false,"excerpt":"les Conseils de quartier du 2e arrondissement vous\u00a0 invitent l \u00e0 une soir\u00e9e familiale et festive au Palais Brongniart. le palais Brongniart retrouve chaque ann\u00e9e une ambiance tumultueuse \u00e0 faire vibrer ses murs . De 18 h 00 \u00e0 20 h 00, c'est le moment des enfants avec de nombreuses\u2026","rel":"","context":"Dans &quot;Non class\u00e9&quot;","block_context":{"text":"Non class\u00e9","link":"http:\/\/www.letourismeaparis.fr\/index.php\/category\/non-classe\/"},"img":{"alt_text":"","src":"","width":0,"height":0},"classes":[]},{"id":26234,"url":"http:\/\/www.letourismeaparis.fr\/index.php\/2025\/06\/20\/la-fete-de-la-musique-quelques-idees\/","url_meta":{"origin":26244,"position":5},"title":"la F\u00eate de la Musique\u00a0:quelques id\u00e9es","author":"Fabienne TM","date":"20 juin 2025","format":false,"excerpt":"Des concerts en plein air et des DJ sets s\u2019encha\u00eeneront d\u00e8s la fin d\u2019apr\u00e8s-midi, Un concert exceptionnel dans les jardins du Louvre. Jardin du Luxembourg : Tout au long de la journ\u00e9e, trois concerts gratuits seront propos\u00e9s au niveau du kiosque \u00e0 musique. Place Dauphine : artistes et musiciens, de\u2026","rel":"","context":"Dans &quot;Concert&quot;","block_context":{"text":"Concert","link":"http:\/\/www.letourismeaparis.fr\/index.php\/category\/culture\/concerts-musique\/concert\/"},"img":{"alt_text":"","src":"https:\/\/i0.wp.com\/www.letourismeaparis.fr\/wp-content\/uploads\/2025\/06\/Capture-decran-2025-06-20-a-15.40.09.png?resize=350%2C200","width":350,"height":200},"classes":[]}],"jetpack_sharing_enabled":true,"jetpack_likes_enabled":true,"_links":{"self":[{"href":"http:\/\/www.letourismeaparis.fr\/index.php\/wp-json\/wp\/v2\/posts\/26244","targetHints":{"allow":["GET"]}}],"collection":[{"href":"http:\/\/www.letourismeaparis.fr\/index.php\/wp-json\/wp\/v2\/posts"}],"about":[{"href":"http:\/\/www.letourismeaparis.fr\/index.php\/wp-json\/wp\/v2\/types\/post"}],"author":[{"embeddable":true,"href":"http:\/\/www.letourismeaparis.fr\/index.php\/wp-json\/wp\/v2\/users\/2"}],"replies":[{"embeddable":true,"href":"http:\/\/www.letourismeaparis.fr\/index.php\/wp-json\/wp\/v2\/comments?post=26244"}],"version-history":[{"count":1,"href":"http:\/\/www.letourismeaparis.fr\/index.php\/wp-json\/wp\/v2\/posts\/26244\/revisions"}],"predecessor-version":[{"id":26246,"href":"http:\/\/www.letourismeaparis.fr\/index.php\/wp-json\/wp\/v2\/posts\/26244\/revisions\/26246"}],"wp:featuredmedia":[{"embeddable":true,"href":"http:\/\/www.letourismeaparis.fr\/index.php\/wp-json\/wp\/v2\/media\/26245"}],"wp:attachment":[{"href":"http:\/\/www.letourismeaparis.fr\/index.php\/wp-json\/wp\/v2\/media?parent=26244"}],"wp:term":[{"taxonomy":"category","embeddable":true,"href":"http:\/\/www.letourismeaparis.fr\/index.php\/wp-json\/wp\/v2\/categories?post=26244"},{"taxonomy":"post_tag","embeddable":true,"href":"http:\/\/www.letourismeaparis.fr\/index.php\/wp-json\/wp\/v2\/tags?post=26244"}],"curies":[{"name":"wp","href":"https:\/\/api.w.org\/{rel}","templated":true}]}}