{"id":2626,"date":"2009-04-14T10:12:52","date_gmt":"2009-04-14T09:12:52","guid":{"rendered":"http:\/\/www.letourismeaparis.fr\/?p=2626"},"modified":"2009-04-14T10:12:52","modified_gmt":"2009-04-14T09:12:52","slug":"jacques-tati-a-la-cinematheque","status":"publish","type":"post","link":"http:\/\/www.letourismeaparis.fr\/index.php\/2009\/04\/14\/jacques-tati-a-la-cinematheque\/","title":{"rendered":"Jacques TATI \u00e0 la cin\u00e9math\u00e8que"},"content":{"rendered":"<p>Jacques Tati, deux temps\u00a0 trois mouvements jusqu&rsquo; au 2 ao\u00fbt 2009<br \/>\n\u00ab\u00a0Cette exposition est un hommage original et excentrique au brillant cin\u00e9aste fran\u00e7ais, Jacques Tati, dont les films (Playtime, Mon Oncle\u2026) sont l\u2019embl\u00e8me m\u00eame de la modernit\u00e9.\u00a0\u00bb<!--more--> La sc\u00e9nographie originale r\u00e9unira diff\u00e9rents types d\u2019\u0153uvres d\u2019art qui, esth\u00e9tiquement, sont proches de l\u2019univers filmique de Tati.<strong>De nombreux films sont programm\u00e9s pour adultes et enfants.(cf site)<\/strong><br \/>\nCes \u0153uvres seront confront\u00e9es \u00e0 tout ce qui permet de documenter l\u2019univers cin\u00e9matographique de Jacques Tati.\u00a0 Des entretiens exceptionnels ont \u00e9galement \u00e9t\u00e9 r\u00e9alis\u00e9s avec des personnalit\u00e9s du monde de l\u2019art dont le travail a r\u00e9ellement ou virtuellement crois\u00e9 la route de Tati.<br \/>\nCin\u00e9math\u00e8que Fran\u00e7aise, 51 rue de Bercy<br \/>\n<a href=\"http:::www.cinematheque.fr\">http:::www.cinematheque.fr<\/a><\/p>\n<h1><a href=\"http:\/\/www.letourismeapris.fr\">http:\/\/www.letourismeaparis.fr<\/a><\/h1>\n","protected":false},"excerpt":{"rendered":"<p>Jacques Tati, deux temps\u00a0 trois mouvements jusqu&rsquo; au 2 ao\u00fbt 2009 \u00ab\u00a0Cette exposition est un hommage original et excentrique au brillant cin\u00e9aste fran\u00e7ais, Jacques Tati, dont les films (Playtime, Mon Oncle\u2026) sont l\u2019embl\u00e8me m\u00eame de la modernit\u00e9.\u00a0\u00bb<\/p>\n","protected":false},"author":2,"featured_media":0,"comment_status":"open","ping_status":"open","sticky":false,"template":"","format":"standard","meta":{"ngg_post_thumbnail":0,"jetpack_post_was_ever_published":false,"_jetpack_newsletter_access":"","footnotes":""},"categories":[1],"tags":[],"class_list":["post-2626","post","type-post","status-publish","format-standard","hentry","category-non-classe"],"jetpack_featured_media_url":"","jetpack-related-posts":[{"id":2867,"url":"http:\/\/www.letourismeaparis.fr\/index.php\/2009\/05\/13\/la-nuit-des-musees-samedi-16-mai-entree-libre\/","url_meta":{"origin":2626,"position":0},"title":"La  &quot;nuit des mus\u00e9es &quot;samedi 16 mai (entr\u00e9e libre)","author":"Fabienne TM","date":"13 mai 2009","format":false,"excerpt":"Concerts, explications diverses,danse,animations historiques,ateliers pour enfants, projections de films... Mus\u00e9e Carnavalet, 23 rue de S\u00e9vign\u00e9 Paris 75004 Piano & cordes de 20h30 \u00e0 22h.Cr\u00e9ation chor\u00e9graphique \"Ce que j\u2019ai \u00e0 vous dire ne se voit pas, ne s\u2019entend pas\" de 20h \u00e0 20h30.Messe \u00e0 trois voix de 19h30 \u00e0 20h... Exposition\u2026","rel":"","context":"Dans &quot;Non class\u00e9&quot;","block_context":{"text":"Non class\u00e9","link":"http:\/\/www.letourismeaparis.fr\/index.php\/category\/non-classe\/"},"img":{"alt_text":"","src":"","width":0,"height":0},"classes":[]},{"id":13103,"url":"http:\/\/www.letourismeaparis.fr\/index.php\/2013\/07\/28\/le-monde-enchante-de-jacques-demy-du-10-avril-au-4-aout-2013-a-la-cinematheque\/","url_meta":{"origin":2626,"position":1},"title":"Le monde enchant\u00e9 de Jacques Demy jusqu&#039; au 4 ao\u00fbt 2013 \u00e0 la cin\u00e9math\u00e8que","author":"Fabienne TM","date":"28 juillet 2013","format":false,"excerpt":"Com\u00e9dies pop, personnages enchanteurs, all\u00e9gresse et sensualit\u00e9... D\u00e9couvrez le monde enchant\u00e9 de Jacques Demy ! A la fois spectaculaire et intime, l'exposition nous plonge dans l'univers color\u00e9 et musical de l'auteur des Parapluies de Cherbourg, des Demoiselles de Rochefort et de Peau d'\u00e2ne et fait rimer extraits de films, photographies,\u2026","rel":"","context":"Dans &quot;Cin\u00e9ma&quot;","block_context":{"text":"Cin\u00e9ma","link":"http:\/\/www.letourismeaparis.fr\/index.php\/category\/spectacle\/cinema\/"},"img":{"alt_text":"","src":"","width":0,"height":0},"classes":[]},{"id":24033,"url":"http:\/\/www.letourismeaparis.fr\/index.php\/2020\/08\/11\/turner-peintures-et-aquarelles-au-musee-jacquemart-andre\/","url_meta":{"origin":2626,"position":2},"title":"Turner, peintures et aquarelles au mus\u00e9e Jacquemart- Andr\u00e9","author":"Fabienne TM","date":"11 ao\u00fbt 2020","format":false,"excerpt":"Collections de la Tate .Du 26 mai au 11 janvier 2021. Cette exposition r\u00e9v\u00e8le le r\u00f4le qu\u2019ont jou\u00e9 les aquarelles dans la vie et l\u2019art de Turner, des oeuvres de jeunesse qu\u2019il envoya \u00e0 la Royal Academy aux fascinantes exp\u00e9rimentations lumineuses et color\u00e9es de sa maturit\u00e9. Pour un public moderne,\u2026","rel":"","context":"Dans &quot;Non class\u00e9&quot;","block_context":{"text":"Non class\u00e9","link":"http:\/\/www.letourismeaparis.fr\/index.php\/category\/non-classe\/"},"img":{"alt_text":"","src":"https:\/\/i0.wp.com\/www.letourismeaparis.fr\/wp-content\/uploads\/2020\/08\/d32162.jpg?resize=350%2C200","width":350,"height":200,"srcset":"https:\/\/i0.wp.com\/www.letourismeaparis.fr\/wp-content\/uploads\/2020\/08\/d32162.jpg?resize=350%2C200 1x, https:\/\/i0.wp.com\/www.letourismeaparis.fr\/wp-content\/uploads\/2020\/08\/d32162.jpg?resize=525%2C300 1.5x, https:\/\/i0.wp.com\/www.letourismeaparis.fr\/wp-content\/uploads\/2020\/08\/d32162.jpg?resize=700%2C400 2x"},"classes":[]},{"id":24001,"url":"http:\/\/www.letourismeaparis.fr\/index.php\/2020\/03\/06\/turner-peintures-et-aquarelles-collections-de-la-tate\/","url_meta":{"origin":2626,"position":3},"title":"TURNER, PEINTURES ET AQUARELLES. COLLECTIONS DE LA TATE","author":"Fabienne TM","date":"6 mars 2020","format":false,"excerpt":"TURNER, PEINTURES ET AQUARELLES. COLLECTIONS DE LA TATE \u00e0 partir du 13 mars et jusqu'au 20 juillet 2020 En 2020, le mus\u00e9e Jacquemart-Andr\u00e9 pr\u00e9sente une r\u00e9trospective de Joseph Mallord William Turner (1775-1851). Incontestablement le plus grand repr\u00e9sentant de l\u2019\u00e2ge d\u2019or de l\u2019aquarelle anglaise, il en exploita les effets de lumi\u00e8re\u2026","rel":"","context":"Dans &quot;Non class\u00e9&quot;","block_context":{"text":"Non class\u00e9","link":"http:\/\/www.letourismeaparis.fr\/index.php\/category\/non-classe\/"},"img":{"alt_text":"","src":"https:\/\/i0.wp.com\/www.letourismeaparis.fr\/wp-content\/uploads\/2020\/03\/Capture-d%E2%80%99e%CC%81cran-2020-03-04-a%CC%80-15.39.33.png?resize=350%2C200","width":350,"height":200},"classes":[]},{"id":17559,"url":"http:\/\/www.letourismeaparis.fr\/index.php\/2015\/12\/10\/et-pendant-ce-temps-simone-veille-un-bon-spectacle-au-studio-hebertot\/","url_meta":{"origin":2626,"position":4},"title":"Et pendant ce temps Simone veille : un bon spectacle au studio H\u00e9bertot","author":"Fabienne TM","date":"10 d\u00e9cembre 2015","format":false,"excerpt":"l\u2019histoire de la condition f\u00e9minine en France des ann\u00e9es 50 \u00e0 nos jours \u00e0 travers trois lign\u00e9es de femmes, celles de Marcelle, France et Giovanna. L\u2019ouvri\u00e8re, la bourgeoise et la troisi\u00e8me issue de la classe moyenne qui semble s\u2019\u00eatre \u00e9chapp\u00e9e d\u2019un film de Jacques Tati. Ces trois femmes au destin\u2026","rel":"","context":"Dans &quot;Th\u00e9atre&quot;","block_context":{"text":"Th\u00e9atre","link":"http:\/\/www.letourismeaparis.fr\/index.php\/category\/spectacle\/theatre\/"},"img":{"alt_text":"","src":"","width":0,"height":0},"classes":[]},{"id":17224,"url":"http:\/\/www.letourismeaparis.fr\/index.php\/2015\/10\/17\/jacques-doucet-yves-saint-laurent-vivre-pour-lart-du-15-octobre-2015-au-14-fevrier-2016\/","url_meta":{"origin":2626,"position":5},"title":"Jacques Doucet &#8211; Yves Saint Laurent  : Vivre pour l&#039;Art   du 15 octobre 2015 au 14 f\u00e9vrier 2016","author":"Fabienne TM","date":"17 octobre 2015","format":false,"excerpt":"Jacques Doucet - Yves Saint Laurent Vivre pour l'Art du 15 octobre 2015 au 14 f\u00e9vrier 2016 \u00a0 Cr\u00e9ateurs de beaut\u00e9, Jacques Doucet (1853-1929) et Yves Saint Laurent\u00a0(1936-2008)\u00a0sont tous les deux couturiers, chacun dans une moiti\u00e9 du XX\u00e8me\u00a0si\u00e8cle. Ils sont aussi deux collectionneurs de g\u00e9nie, qui composent pour eux-m\u00eames des\u2026","rel":"","context":"Dans &quot;Non class\u00e9&quot;","block_context":{"text":"Non class\u00e9","link":"http:\/\/www.letourismeaparis.fr\/index.php\/category\/non-classe\/"},"img":{"alt_text":"","src":"","width":0,"height":0},"classes":[]}],"jetpack_sharing_enabled":true,"jetpack_likes_enabled":true,"_links":{"self":[{"href":"http:\/\/www.letourismeaparis.fr\/index.php\/wp-json\/wp\/v2\/posts\/2626","targetHints":{"allow":["GET"]}}],"collection":[{"href":"http:\/\/www.letourismeaparis.fr\/index.php\/wp-json\/wp\/v2\/posts"}],"about":[{"href":"http:\/\/www.letourismeaparis.fr\/index.php\/wp-json\/wp\/v2\/types\/post"}],"author":[{"embeddable":true,"href":"http:\/\/www.letourismeaparis.fr\/index.php\/wp-json\/wp\/v2\/users\/2"}],"replies":[{"embeddable":true,"href":"http:\/\/www.letourismeaparis.fr\/index.php\/wp-json\/wp\/v2\/comments?post=2626"}],"version-history":[{"count":0,"href":"http:\/\/www.letourismeaparis.fr\/index.php\/wp-json\/wp\/v2\/posts\/2626\/revisions"}],"wp:attachment":[{"href":"http:\/\/www.letourismeaparis.fr\/index.php\/wp-json\/wp\/v2\/media?parent=2626"}],"wp:term":[{"taxonomy":"category","embeddable":true,"href":"http:\/\/www.letourismeaparis.fr\/index.php\/wp-json\/wp\/v2\/categories?post=2626"},{"taxonomy":"post_tag","embeddable":true,"href":"http:\/\/www.letourismeaparis.fr\/index.php\/wp-json\/wp\/v2\/tags?post=2626"}],"curies":[{"name":"wp","href":"https:\/\/api.w.org\/{rel}","templated":true}]}}