{"id":26472,"date":"2025-10-17T20:41:05","date_gmt":"2025-10-17T18:41:05","guid":{"rendered":"http:\/\/www.letourismeaparis.fr\/?p=26472"},"modified":"2025-10-17T20:41:08","modified_gmt":"2025-10-17T18:41:08","slug":"drole-de-justiceexcellente-piece-au-theatre-de-passy","status":"publish","type":"post","link":"http:\/\/www.letourismeaparis.fr\/index.php\/2025\/10\/17\/drole-de-justiceexcellente-piece-au-theatre-de-passy\/","title":{"rendered":"\u00ab\u00a0Dr\u00f4le de Justice\u00a0\u00bb,excellente pi\u00e8ce au Th\u00e9atre de Passy"},"content":{"rendered":"\n<p>Un vaudeville judiciaire de Jean-Marie Rouart qui fait  une grande place \u00e0 l&rsquo;humour.<\/p>\n\n\n\n<p>vous passerez une bonne soir\u00e9e&#8230;.<\/p>\n\n\n\n<p><br>De tr\u00e8s bons com\u00e9diens: Daniel Russo, Florence Darel ,Thibaut de Lussy, Baptiste Gonthier, Julie Savard, Eliott Cren&#8230;<\/p>\n\n\n\n<hr class=\"wp-block-separator has-alpha-channel-opacity\"\/>\n\n\n\n<p>Mise en sc\u00e8ne : Daniel Colas<\/p>\n\n\n\n<p>Th\u00e9atre de Passy<\/p>\n\n\n\n<p>95, rue de Passy Paris 75016<\/p>\n\n\n\n<p><a href=\"http:\/\/www.theatredepassy.fr\" data-type=\"link\" data-id=\"www.theatredepassy.fr\">www.theatredepassy.fr<\/a><\/p>\n\n\n\n<p><\/p>\n","protected":false},"excerpt":{"rendered":"<p>Un vaudeville judiciaire de Jean-Marie Rouart qui fait une grande place \u00e0 l&rsquo;humour. vous passerez une bonne soir\u00e9e&#8230;. De tr\u00e8s bons com\u00e9diens: Daniel Russo, Florence Darel ,Thibaut de Lussy, Baptiste Gonthier, Julie Savard, Eliott Cren&#8230; Mise en sc\u00e8ne : Daniel&#8230;<\/p>\n","protected":false},"author":2,"featured_media":26477,"comment_status":"open","ping_status":"open","sticky":false,"template":"","format":"standard","meta":{"ngg_post_thumbnail":0,"jetpack_post_was_ever_published":false,"_jetpack_newsletter_access":"","footnotes":""},"categories":[49],"tags":[],"class_list":["post-26472","post","type-post","status-publish","format-standard","has-post-thumbnail","hentry","category-theatre"],"jetpack_featured_media_url":"http:\/\/www.letourismeaparis.fr\/wp-content\/uploads\/2025\/10\/Capture-decran-2025-10-17-a-20.40.47.png","jetpack-related-posts":[{"id":25522,"url":"http:\/\/www.letourismeaparis.fr\/index.php\/2024\/03\/01\/revelations-au-theatre-de-passy-une-bonne-soiree\/","url_meta":{"origin":26472,"position":0},"title":"\u00ab\u00a0R\u00e9v\u00e9lations\u00a0\u00bb au Th\u00e9atre de Passy : une bonne soir\u00e9e !","author":"Fabienne TM","date":"1 mars 2024","format":false,"excerpt":"D'excellents com\u00e9diens nous parlent de situations de notre \u00e9poque : V\u00e9ronique Genest, Daniel Russo, Messaline Paillet et \u00c9douard Collin. Les r\u00e9v\u00e9lations sont surprenantes mais ne d\u00e9rapent pas trop.... Alice commence\u2026 Les parents s\u2019attendaient \u00e0 tout sauf \u00e0 \u00e7a..... leur fils continue puis les parents.....Chacun a son \u00ab jardin secret ....\u2026","rel":"","context":"Dans &quot;Th\u00e9atre&quot;","block_context":{"text":"Th\u00e9atre","link":"http:\/\/www.letourismeaparis.fr\/index.php\/category\/spectacle\/theatre\/"},"img":{"alt_text":"","src":"https:\/\/i0.wp.com\/www.letourismeaparis.fr\/wp-content\/uploads\/2024\/03\/Capture-decran-2024-03-01-a-16.26.21.png?resize=350%2C200","width":350,"height":200},"classes":[]},{"id":25902,"url":"http:\/\/www.letourismeaparis.fr\/index.php\/2024\/11\/14\/le-cake-aux-olives-au-theatre-de-passy-une-bonne-soiree\/","url_meta":{"origin":26472,"position":1},"title":"\u00ab\u00a0Le cake aux olives \u00a0\u00bb au Th\u00e9atre de Passy : une bonne soir\u00e9e !","author":"Fabienne TM","date":"14 novembre 2024","format":false,"excerpt":"Le Cake aux Olives de J\u00e9r\u00f4me de Verdi\u00e8re : une com\u00e9die dont le spectateur se paye une bonne tranche\u2026de rires ! Lles excellents com\u00e9diens Philippe Chevaller et Bernard Mabille seront appr\u00e9ci\u00e9s ! Bernard a mis, \u00e0 plein volume, la cinqui\u00e8me de Beethoven sur sa chaine Hifi et nettoie m\u00e9ticuleusement un\u2026","rel":"","context":"Dans &quot;Spectacle&quot;","block_context":{"text":"Spectacle","link":"http:\/\/www.letourismeaparis.fr\/index.php\/category\/spectacle\/"},"img":{"alt_text":"","src":"https:\/\/i0.wp.com\/www.letourismeaparis.fr\/wp-content\/uploads\/2024\/11\/Capture-decran-2024-11-14-a-12.34.39.png?resize=350%2C200","width":350,"height":200},"classes":[]},{"id":25585,"url":"http:\/\/www.letourismeaparis.fr\/index.php\/2024\/04\/13\/une-soiree-chez-offenbach-au-theatre-de-passy\/","url_meta":{"origin":26472,"position":2},"title":"Une soir\u00e9e chez Offenbach au Th\u00e9atre de Passy","author":"Fabienne TM","date":"13 avril 2024","format":false,"excerpt":"Une tr\u00e8s bonne soir\u00e9e chez Offenbach.Un spectacle lyrique et joyeux autour du g\u00e9nial Offenbach! De bons solistes\u00a0 vous attendent au Th\u00e9atre de Passy .Ils interpr\u00eatent notamment la vie parisienne, la belle H\u00e9l\u00e8ne, la P\u00e9richole, les contes d\u2019Hoffmann\u2026. Nous avons appr\u00e9ci\u00e9\u00a0 tout particuli\u00e8rement Nicolas Rigas, , Cl\u00e9mentine Decouture, , Guillaume Zhang,\u2014\u2026","rel":"","context":"Dans &quot;Concerts \/ Musique&quot;","block_context":{"text":"Concerts \/ Musique","link":"http:\/\/www.letourismeaparis.fr\/index.php\/category\/culture\/concerts-musique\/"},"img":{"alt_text":"","src":"https:\/\/i0.wp.com\/www.letourismeaparis.fr\/wp-content\/uploads\/2024\/04\/Capture-decran-2024-04-13-a-19.18.46.png?resize=350%2C200","width":350,"height":200},"classes":[]},{"id":25177,"url":"http:\/\/www.letourismeaparis.fr\/index.php\/2023\/05\/31\/gaby-deslys-au-theatre-de-passy-un-tres-bon-spectacle\/","url_meta":{"origin":26472,"position":3},"title":"Gaby Deslys au th\u00e9atre de Passy : un tr\u00e8s bon spectacle !","author":"Fabienne TM","date":"31 mai 2023","format":false,"excerpt":"\u00a0Ce spectacle musical nous fait revivre le destin exceptionnel de Gaby Deslys, qui allait enflammer la sc\u00e8ne internationale du Music-hall, de Paris, Londres, New-York. \u00a0Audacieuse et novatrice elle osa par son style inimitable, son chant et ses danses, bousculer les codes du music-hall de la belle \u00e9poque, et fut la\u2026","rel":"","context":"Dans &quot;Com\u00e9die Musicale&quot;","block_context":{"text":"Com\u00e9die Musicale","link":"http:\/\/www.letourismeaparis.fr\/index.php\/category\/spectacle\/comedie-musicale\/"},"img":{"alt_text":"","src":"https:\/\/i0.wp.com\/www.letourismeaparis.fr\/wp-content\/uploads\/2023\/05\/Capture-decran-2023-05-31-a-17.44.50.png?resize=350%2C200","width":350,"height":200},"classes":[]},{"id":26067,"url":"http:\/\/www.letourismeaparis.fr\/index.php\/2025\/02\/23\/les-grands-ducs-au-theatre-de-passy\/","url_meta":{"origin":26472,"position":4},"title":"Les Grands Ducs au Th\u00e9atre de Passy","author":"Fabienne TM","date":"23 f\u00e9vrier 2025","format":false,"excerpt":"D\u2019apr\u00e8s le film culte de Patrice Leconte Allez vous amusez au Th\u00e9atre de Passy ! Une pi\u00e8ce divertissante et tr\u00e8s bien jou\u00e9e ! Trois com\u00e9diens sur le retour r\u00e9ussissent \u00e0 se faire engager par un producteur au bord de la faillite, dans une pi\u00e8ce de boulevard m\u00e9diocre avec dans le\u2026","rel":"","context":"Dans &quot;Spectacle&quot;","block_context":{"text":"Spectacle","link":"http:\/\/www.letourismeaparis.fr\/index.php\/category\/spectacle\/"},"img":{"alt_text":"","src":"https:\/\/i0.wp.com\/www.letourismeaparis.fr\/wp-content\/uploads\/2025\/02\/Capture-decran-2025-02-23-a-19.00.31.png?resize=350%2C200","width":350,"height":200},"classes":[]},{"id":25431,"url":"http:\/\/www.letourismeaparis.fr\/index.php\/2024\/01\/20\/chanel-en-hiver-au-theatre-de-passy-un-excellent-spectacle\/","url_meta":{"origin":26472,"position":5},"title":"\u00ab\u00a0Chanel en Hiver\u00a0\u00bb au th\u00e9atre de Passy, un excellent spectacle !","author":"Fabienne TM","date":"20 janvier 2024","format":false,"excerpt":"Hiver 1946, Mademoiselle survivra-t-elle \u00e0 l\u2019exil ? Exfiltr\u00e9e en Suisse\u00a0 gr\u00e2ce \u00e0 son ami Winston Churchill , Mademoiselle commence \u00e0 dicter ses m\u00e9moires \u00e0 son ami Paul Morand, ancien ambassadeur de Vichy et futur acad\u00e9micien fran\u00e7ais, lui aussi exil\u00e9 sur les bords du L\u00e9man. C\u2019est alors que repara\u00eet Hans-Gunther von\u2026","rel":"","context":"Dans &quot;Th\u00e9atre&quot;","block_context":{"text":"Th\u00e9atre","link":"http:\/\/www.letourismeaparis.fr\/index.php\/category\/spectacle\/theatre\/"},"img":{"alt_text":"","src":"https:\/\/i0.wp.com\/www.letourismeaparis.fr\/wp-content\/uploads\/2024\/01\/Capture-decran-2024-01-20-a-15.11.26.png?resize=350%2C200","width":350,"height":200},"classes":[]}],"jetpack_sharing_enabled":true,"jetpack_likes_enabled":true,"_links":{"self":[{"href":"http:\/\/www.letourismeaparis.fr\/index.php\/wp-json\/wp\/v2\/posts\/26472","targetHints":{"allow":["GET"]}}],"collection":[{"href":"http:\/\/www.letourismeaparis.fr\/index.php\/wp-json\/wp\/v2\/posts"}],"about":[{"href":"http:\/\/www.letourismeaparis.fr\/index.php\/wp-json\/wp\/v2\/types\/post"}],"author":[{"embeddable":true,"href":"http:\/\/www.letourismeaparis.fr\/index.php\/wp-json\/wp\/v2\/users\/2"}],"replies":[{"embeddable":true,"href":"http:\/\/www.letourismeaparis.fr\/index.php\/wp-json\/wp\/v2\/comments?post=26472"}],"version-history":[{"count":2,"href":"http:\/\/www.letourismeaparis.fr\/index.php\/wp-json\/wp\/v2\/posts\/26472\/revisions"}],"predecessor-version":[{"id":26474,"href":"http:\/\/www.letourismeaparis.fr\/index.php\/wp-json\/wp\/v2\/posts\/26472\/revisions\/26474"}],"wp:featuredmedia":[{"embeddable":true,"href":"http:\/\/www.letourismeaparis.fr\/index.php\/wp-json\/wp\/v2\/media\/26477"}],"wp:attachment":[{"href":"http:\/\/www.letourismeaparis.fr\/index.php\/wp-json\/wp\/v2\/media?parent=26472"}],"wp:term":[{"taxonomy":"category","embeddable":true,"href":"http:\/\/www.letourismeaparis.fr\/index.php\/wp-json\/wp\/v2\/categories?post=26472"},{"taxonomy":"post_tag","embeddable":true,"href":"http:\/\/www.letourismeaparis.fr\/index.php\/wp-json\/wp\/v2\/tags?post=26472"}],"curies":[{"name":"wp","href":"https:\/\/api.w.org\/{rel}","templated":true}]}}