{"id":26479,"date":"2025-10-27T12:31:36","date_gmt":"2025-10-27T11:31:36","guid":{"rendered":"http:\/\/www.letourismeaparis.fr\/?p=26479"},"modified":"2025-10-27T12:33:19","modified_gmt":"2025-10-27T11:33:19","slug":"ailleurs-apres-au-petit-montparnasse","status":"publish","type":"post","link":"http:\/\/www.letourismeaparis.fr\/index.php\/2025\/10\/27\/ailleurs-apres-au-petit-montparnasse\/","title":{"rendered":"Ailleurs\/Apr\u00e8s au petit Montparnasse"},"content":{"rendered":"\n<p>Philippe Magnan  et Lou Chauvain  : excellents com\u00e9diens pour ce spectacle philosophique  et contemporain&#8230;.d&rsquo;Arnaud B\u00e9douet.<\/p>\n\n\n\n<p>\u00ab\u00a0Cette pi\u00e8ce est n\u00e9e du d\u00e9sir de parler de l\u2019amour et du temps et d\u2019une volont\u00e9 de m\u00ealer la r\u00e9alit\u00e9 \u00e0 l\u2019imaginaire et au fantasme, comme le ferait un enfant qui joue, sans interdits ni fronti\u00e8res.\u00a0\u00bb<\/p>\n\n\n\n<p>\u00ab\u00a0Ils sont voisins, mais ne se connaissent pas. Elle a 30 ans, il ne les a plus. Elle aime la vie, il n\u2019en a plus. Elle vient de rompre, il est veuf. Elle lui propose de partir en vacances avec elle\u2026 il refuse. Elle insiste, il accepte. Sa vieille d\u00e9capotable fera l\u2019affaire.\u00a0\u00bb<\/p>\n\n\n\n<p>\u00ab\u00a0Ils partent vers l\u2019Ouest pour le plus improbable des p\u00e9riples, emportant avec eux, leurs r\u00eaves, leurs fant\u00f4mes et leurs fichus caract\u00e8res.Ils interpr\u00e8tent le monde selon leur propre prisme.\u00a0\u00bb<\/p>\n\n\n\n<p><\/p>\n\n\n\n<p>Un choc de g\u00e9n\u00e9rations ? Non : une rencontre, un souffle d\u2019amiti\u00e9, un \u00e9clat de vie !<\/p>\n\n\n\n<figure class=\"wp-block-embed is-type-video is-provider-youtube wp-block-embed-youtube wp-embed-aspect-16-9 wp-has-aspect-ratio\"><div class=\"wp-block-embed__wrapper\">\n<iframe loading=\"lazy\" title=\"[AILLEURS\/APR\u00c8S] - Bande annonce\" width=\"640\" height=\"360\" src=\"https:\/\/www.youtube.com\/embed\/w65NAfCtdXk?start=5&#038;feature=oembed\" frameborder=\"0\" allow=\"accelerometer; autoplay; clipboard-write; encrypted-media; gyroscope; picture-in-picture; web-share\" referrerpolicy=\"strict-origin-when-cross-origin\" allowfullscreen><\/iframe>\n<\/div><\/figure>\n\n\n\n<p>Avec Philippe MAGNAN et Lou CHAUVAIN<\/p>\n\n\n\n<p>D\u2019Arnaud B\u00c9DOUET<\/p>\n\n\n\n<p>Mise en sc\u00e8ne Catherine SCHAUB<\/p>\n\n\n\n<p>31, rue de la Gait\u00e9 paris 75014<\/p>\n","protected":false},"excerpt":{"rendered":"<p>Philippe Magnan et Lou Chauvain : excellents com\u00e9diens pour ce spectacle philosophique et contemporain&#8230;.d&rsquo;Arnaud B\u00e9douet. \u00ab\u00a0Cette pi\u00e8ce est n\u00e9e du d\u00e9sir de parler de l\u2019amour et du temps et d\u2019une volont\u00e9 de m\u00ealer la r\u00e9alit\u00e9 \u00e0 l\u2019imaginaire et au fantasme,&#8230;<\/p>\n","protected":false},"author":2,"featured_media":26480,"comment_status":"open","ping_status":"open","sticky":false,"template":"","format":"standard","meta":{"ngg_post_thumbnail":0,"jetpack_post_was_ever_published":false,"_jetpack_newsletter_access":"","footnotes":""},"categories":[47,49],"tags":[],"class_list":["post-26479","post","type-post","status-publish","format-standard","has-post-thumbnail","hentry","category-spectacle","category-theatre"],"jetpack_featured_media_url":"http:\/\/www.letourismeaparis.fr\/wp-content\/uploads\/2025\/10\/40x60-ailleurs-apres-logos-200x300-1.webp","jetpack-related-posts":[{"id":17805,"url":"http:\/\/www.letourismeaparis.fr\/index.php\/2016\/01\/13\/spectacle-culturel-du-nouvel-an-chinois-le-3-fevrier-a-19-h\/","url_meta":{"origin":26479,"position":0},"title":"Spectacle culturel du nouvel an chinois le 3 f\u00e9vrier \u00e0 19 h","author":"Fabienne TM","date":"13 janvier 2016","format":false,"excerpt":"Spectacle culturel du nouvel an chinois Cette ann\u00e9e, la mairie du 7e aura le plaisir d\u2019accueillir l\u2019Association le Lotus Sacr\u00e9 pour un spectacle traditionnel qui en fera r\u00eaver plus d\u2019un. Cet \u00e9v\u00e8nement m\u00ealant principalement danse et musique traditionnelles chinoises vous fera voyager en dehors des fronti\u00e8res. Venez d\u00e9couvrir une autre\u2026","rel":"","context":"Dans &quot;Cultures du Monde&quot;","block_context":{"text":"Cultures du Monde","link":"http:\/\/www.letourismeaparis.fr\/index.php\/category\/culture\/musees-expositions\/cultures-du-monde\/"},"img":{"alt_text":"","src":"","width":0,"height":0},"classes":[]},{"id":10157,"url":"http:\/\/www.letourismeaparis.fr\/index.php\/2011\/08\/09\/une-escapade-a-reims-pour-decouvrir-reves-de-couleurs\/","url_meta":{"origin":26479,"position":1},"title":"Une escapade \u00e0 Reims pour d\u00e9couvrir &quot;R\u00eaves de couleurs&quot;","author":"Fabienne TM","date":"9 ao\u00fbt 2011","format":false,"excerpt":"\"R\u00caVE DE COULEURS\" ILLUMINERA LES NUITS R\u00c9MOISES jusquq'en octobre 2011 \"R\u00eave de couleurs\", propos\u00e9 par la Ville de Reims, est un spectacle de polychromie dynamique tr\u00e8s haute d\u00e9finition. A l'occasion du 800e anniversaire de la cath\u00e9drale Notre-Dame de Reims, il animera la statuaire de la fa\u00e7ade de l'\u00e9difice et r\u00e9tablira\u2026","rel":"","context":"Dans &quot;Non class\u00e9&quot;","block_context":{"text":"Non class\u00e9","link":"http:\/\/www.letourismeaparis.fr\/index.php\/category\/non-classe\/"},"img":{"alt_text":"","src":"","width":0,"height":0},"classes":[]},{"id":23938,"url":"http:\/\/www.letourismeaparis.fr\/index.php\/2020\/01\/03\/the-king-of-pop-a-la-seine-musicale-samedi-4-janvier\/","url_meta":{"origin":26479,"position":2},"title":"The King of Pop \u00e0 la Seine Musicale samedi 4 janvier","author":"Fabienne TM","date":"3 janvier 2020","format":false,"excerpt":"\u00ab The Best Show about the King of Pop \u00bb FOREVER Apr\u00e8s une tourn\u00e9e triomphale en Europe et plus de 500 000 spectateurs, FOREVER \u00ab The Best show about the King of Pop \u00bb arrive en France. FOREVER \u00ab The Best show about the King of Pop \u00bb, c\u2019est plus\u2026","rel":"","context":"Dans &quot;Non class\u00e9&quot;","block_context":{"text":"Non class\u00e9","link":"http:\/\/www.letourismeaparis.fr\/index.php\/category\/non-classe\/"},"img":{"alt_text":"","src":"https:\/\/i0.wp.com\/www.letourismeaparis.fr\/wp-content\/uploads\/2020\/01\/Capture-d%E2%80%99e%CC%81cran-2020-01-03-a%CC%80-12.41.58.png?resize=350%2C200","width":350,"height":200},"classes":[]},{"id":11828,"url":"http:\/\/www.letourismeaparis.fr\/index.php\/2012\/09\/10\/apparences-un-spectacle-multimedia-pyrotechnique-gratuit-le-samedi-22-septembre\/","url_meta":{"origin":26479,"position":3},"title":"Apparences, un spectacle multim\u00e9dia, pyrotechnique (gratuit) le samedi 22 septembre","author":"Fabienne TM","date":"10 septembre 2012","format":false,"excerpt":"Un spectacle grandiose alliant mapping 3D et pyrotechnie, qui vous fera d\u00e9couvrir le premier quartier d'affaires europ\u00e9en. Le 22 septembre prochain \u00e0 21 heures Defacto vous propose de d\u00e9couvrir le premier quartier d\u2019affaires europ\u00e9en comme vous ne l\u2019avez jamais vu ! i \"Apparences\" un grand spectacle gratuit, con\u00e7u et imagin\u00e9\u2026","rel":"","context":"Dans &quot;Non class\u00e9&quot;","block_context":{"text":"Non class\u00e9","link":"http:\/\/www.letourismeaparis.fr\/index.php\/category\/non-classe\/"},"img":{"alt_text":"","src":"","width":0,"height":0},"classes":[]},{"id":15296,"url":"http:\/\/www.letourismeaparis.fr\/index.php\/2014\/06\/02\/lart-fait-ventre-au-musee-de-la-poste\/","url_meta":{"origin":26479,"position":4},"title":"&quot;L&#039;art fait ventre &quot;au mus\u00e9e de la poste","author":"Fabienne TM","date":"2 juin 2014","format":false,"excerpt":"Depuis la Renaissance, la cuisine, dans son sens le plus large, est devenue un v\u00e9ritable sujet de cr\u00e9ation. L\u2019exposition \u00e0 la fois s\u00e9rieuse dans son questionnement et festive dans sa d\u00e9monstration, r\u00e9unit des artistes contemporains fran\u00e7ais et \u00e9trangers Des banquets\/performances r\u00e9alis\u00e9s avec la complicit\u00e9, ou par, des artistes et des\u2026","rel":"","context":"Dans &quot;Mus\u00e9es \/ Expositions&quot;","block_context":{"text":"Mus\u00e9es \/ Expositions","link":"http:\/\/www.letourismeaparis.fr\/index.php\/category\/culture\/musees-expositions\/"},"img":{"alt_text":"","src":"https:\/\/i0.wp.com\/www.letourismeaparis.fr\/wp-content\/uploads\/2014\/06\/afv-201x300.jpg?resize=350%2C200","width":350,"height":200},"classes":[]},{"id":145,"url":"http:\/\/www.letourismeaparis.fr\/index.php\/2009\/09\/13\/versailles-et-les-grandes-eaux-musicales\/","url_meta":{"origin":26479,"position":5},"title":"VERSAILLES et ses grandes eaux musicales","author":"Fabienne TM","date":"13 septembre 2009","format":false,"excerpt":"Un spectacle fabuleux \u00e0 red\u00e9couvrir tous les samedis, dimanches et jours f\u00e9ri\u00e9s(sauf le 1er mai)de 9h \u00e0 17h30, mise en eaux de 11h \u00e0 12h et de 15h30 \u00e0 17 h. Vous vous promenerez \u00e0 travers les fontaines et bosquets du jardin de Versailles : une merveille ! Les Grandes\u2026","rel":"","context":"Dans &quot;Non class\u00e9&quot;","block_context":{"text":"Non class\u00e9","link":"http:\/\/www.letourismeaparis.fr\/index.php\/category\/non-classe\/"},"img":{"alt_text":"","src":"","width":0,"height":0},"classes":[]}],"jetpack_sharing_enabled":true,"jetpack_likes_enabled":true,"_links":{"self":[{"href":"http:\/\/www.letourismeaparis.fr\/index.php\/wp-json\/wp\/v2\/posts\/26479","targetHints":{"allow":["GET"]}}],"collection":[{"href":"http:\/\/www.letourismeaparis.fr\/index.php\/wp-json\/wp\/v2\/posts"}],"about":[{"href":"http:\/\/www.letourismeaparis.fr\/index.php\/wp-json\/wp\/v2\/types\/post"}],"author":[{"embeddable":true,"href":"http:\/\/www.letourismeaparis.fr\/index.php\/wp-json\/wp\/v2\/users\/2"}],"replies":[{"embeddable":true,"href":"http:\/\/www.letourismeaparis.fr\/index.php\/wp-json\/wp\/v2\/comments?post=26479"}],"version-history":[{"count":1,"href":"http:\/\/www.letourismeaparis.fr\/index.php\/wp-json\/wp\/v2\/posts\/26479\/revisions"}],"predecessor-version":[{"id":26481,"href":"http:\/\/www.letourismeaparis.fr\/index.php\/wp-json\/wp\/v2\/posts\/26479\/revisions\/26481"}],"wp:featuredmedia":[{"embeddable":true,"href":"http:\/\/www.letourismeaparis.fr\/index.php\/wp-json\/wp\/v2\/media\/26480"}],"wp:attachment":[{"href":"http:\/\/www.letourismeaparis.fr\/index.php\/wp-json\/wp\/v2\/media?parent=26479"}],"wp:term":[{"taxonomy":"category","embeddable":true,"href":"http:\/\/www.letourismeaparis.fr\/index.php\/wp-json\/wp\/v2\/categories?post=26479"},{"taxonomy":"post_tag","embeddable":true,"href":"http:\/\/www.letourismeaparis.fr\/index.php\/wp-json\/wp\/v2\/tags?post=26479"}],"curies":[{"name":"wp","href":"https:\/\/api.w.org\/{rel}","templated":true}]}}