{"id":26483,"date":"2025-10-28T19:27:23","date_gmt":"2025-10-28T18:27:23","guid":{"rendered":"http:\/\/www.letourismeaparis.fr\/?p=26483"},"modified":"2025-10-28T19:32:56","modified_gmt":"2025-10-28T18:32:56","slug":"amazonia-au-musee-du-quai-branly","status":"publish","type":"post","link":"http:\/\/www.letourismeaparis.fr\/index.php\/2025\/10\/28\/amazonia-au-musee-du-quai-branly\/","title":{"rendered":"AMAZONIA au mus\u00e9e du quai Branly"},"content":{"rendered":"\n<p>Cette exposition, met en lumi\u00e8re l&rsquo;Amazonie du point de vue autochtone, un monde vibrant et ancr\u00e9 dans le pr\u00e9sent, o\u00f9 coexistent une multitude d&rsquo;entit\u00e9s, humaines et non-humaines.<\/p>\n\n\n\n<p>Souvent r\u00e9duite \u00e0 sa seule biodiversit\u00e9, l\u2019Amazonie comporte pourtant une richesse culturelle foisonnante. L\u2019exposition Amaz\u00f4nia propose un nouvel \u00e9clairage sur les collections dites \u00ab ethnographiques \u00bb des mus\u00e9es europ\u00e9ens et interroge notre regard occidental sur les arts visuels am\u00e9rindiens.<\/p>\n\n\n<div class=\"wp-block-image\">\n<figure class=\"aligncenter size-full is-resized\"><img loading=\"lazy\" decoding=\"async\" width=\"752\" height=\"539\" src=\"http:\/\/www.letourismeaparis.fr\/wp-content\/uploads\/2025\/10\/Capture-decran-2025-10-28-a-19.07.54-1.png\" alt=\"\" class=\"wp-image-26488\" style=\"width:491px;height:auto\" srcset=\"http:\/\/www.letourismeaparis.fr\/wp-content\/uploads\/2025\/10\/Capture-decran-2025-10-28-a-19.07.54-1.png 752w, http:\/\/www.letourismeaparis.fr\/wp-content\/uploads\/2025\/10\/Capture-decran-2025-10-28-a-19.07.54-1-300x215.png 300w\" sizes=\"auto, (max-width: 752px) 100vw, 752px\" \/><\/figure>\n<\/div>\n\n\n<hr class=\"wp-block-separator has-alpha-channel-opacity\"\/>\n\n\n\n<p>L\u2019exposition invite \u00e0 repenser les fronti\u00e8res entre art traditionnel et art contemporain.Les artefacts \u00bb peuvent y \u00eatre consid\u00e9r\u00e9s comme des oeuvres d\u2019art \u00e0 part enti\u00e8re.<\/p>\n\n\n\n<p>les danses, arts oraux, peintures corporelles, savoirs \u2014 t\u00e9moignent de la richesse et de la vitalit\u00e9 des cultures amazoniennes.<\/p>\n\n\n\n<p>L\u2019exposition r\u00e9v\u00e8le une Amazonie plurielle et contemporaine, o\u00f9 traditions ancestrales et modernit\u00e9 s&rsquo;entrecroisent et s&rsquo;enrichissent mutuellement.<\/p>\n\n\n\n<hr class=\"wp-block-separator has-alpha-channel-opacity\"\/>\n\n\n\n<p>De nombreuses animations &nbsp;sont pr\u00e9vues notamment un concert&nbsp; ,un spectacle \u00ab&nbsp;le chant des for\u00eats&nbsp;\u00bb des films pour enfants\u2026.<\/p>\n\n\n\n<p><a href=\"http:\/\/www.quaibranly.fr\">www.quaibranly.fr<\/a><\/p>\n\n\n\n<p><\/p>\n\n\n\n<p>Mogahe Gihu. Abel Rodriguez <\/p>\n\n\n\n<p>Kanagucha    La Chorrera (Colombie 2020)<\/p>\n","protected":false},"excerpt":{"rendered":"<p>Cette exposition, met en lumi\u00e8re l&rsquo;Amazonie du point de vue autochtone, un monde vibrant et ancr\u00e9 dans le pr\u00e9sent, o\u00f9 coexistent une multitude d&rsquo;entit\u00e9s, humaines et non-humaines. Souvent r\u00e9duite \u00e0 sa seule biodiversit\u00e9, l\u2019Amazonie comporte pourtant une richesse culturelle foisonnante&#8230;.<\/p>\n","protected":false},"author":2,"featured_media":26486,"comment_status":"open","ping_status":"open","sticky":false,"template":"","format":"standard","meta":{"ngg_post_thumbnail":0,"jetpack_post_was_ever_published":false,"_jetpack_newsletter_access":"","footnotes":""},"categories":[4,5,20,23,31,27],"tags":[],"class_list":["post-26483","post","type-post","status-publish","format-standard","has-post-thumbnail","hentry","category-art-contemporain","category-artisanat","category-cultures-du-monde","category-ecologie","category-histoire","category-musees-expositions"],"jetpack_featured_media_url":"http:\/\/www.letourismeaparis.fr\/wp-content\/uploads\/2025\/10\/Capture-decran-2025-10-28-a-19.09.41-1.png","jetpack-related-posts":[{"id":25153,"url":"http:\/\/www.letourismeaparis.fr\/index.php\/2023\/05\/11\/des-cheveux-et-des-poils-au-musee-des-arts-decoratifs\/","url_meta":{"origin":26483,"position":0},"title":"\u00ab\u00a0DES CHEVEUX ET DES POILS\u00a0\u00bb au mus\u00e9e des arts d\u00e9coratifs","author":"Fabienne TM","date":"11 mai 2023","format":false,"excerpt":"du 5 avril au 17 septembre 2023 le mus\u00e9e des Arts d\u00e9coratifs pr\u00e9sente une exposition consacr\u00e9e aux cheveux et aux poils dans le monde occidental. \u00ab Des cheveux et des poils \u00bb montre comment la coiffure et l\u2019agencement des poils humains participent depuis des si\u00e8cles \u00e0 la construction des apparences.\u2026","rel":"","context":"Dans &quot;Mus\u00e9es \/ Expositions&quot;","block_context":{"text":"Mus\u00e9es \/ Expositions","link":"http:\/\/www.letourismeaparis.fr\/index.php\/category\/culture\/musees-expositions\/"},"img":{"alt_text":"","src":"","width":0,"height":0},"classes":[]},{"id":24082,"url":"http:\/\/www.letourismeaparis.fr\/index.php\/2020\/10\/14\/luxes-du-15-octobre-2020-au-2-mai-2021-au-musee-des-arts-decoratifs\/","url_meta":{"origin":26483,"position":1},"title":"\u00ab\u00a0LUXES\u00a0\u00bb du 15 octobre 2020 au 2 mai 2021 au mus\u00e9e des arts d\u00e9coratifs","author":"Fabienne TM","date":"14 octobre 2020","format":false,"excerpt":"le Mus\u00e9e des Arts D\u00e9coratifs pr\u00e9sente une magnifique exposition \u00ab Luxes \u00bb qui pr\u00e9sente des objets d'une grande vari\u00e9t\u00e9.argenterie, mode , joaillerie, mobilier.... . L\u2019exposition propose un voyage \u00e0 travers le temps et la g\u00e9ographie. Le parcours, chronologique et th\u00e9matique, ouvre aussi le salon 1900 et le salon des Boiseries,\u2026","rel":"","context":"Dans &quot;Non class\u00e9&quot;","block_context":{"text":"Non class\u00e9","link":"http:\/\/www.letourismeaparis.fr\/index.php\/category\/non-classe\/"},"img":{"alt_text":"","src":"https:\/\/i0.wp.com\/www.letourismeaparis.fr\/wp-content\/uploads\/2020\/10\/Capture-d%E2%80%99e%CC%81cran-2020-10-14-a%CC%80-14.48.58.png?resize=350%2C200","width":350,"height":200,"srcset":"https:\/\/i0.wp.com\/www.letourismeaparis.fr\/wp-content\/uploads\/2020\/10\/Capture-d%E2%80%99e%CC%81cran-2020-10-14-a%CC%80-14.48.58.png?resize=350%2C200 1x, https:\/\/i0.wp.com\/www.letourismeaparis.fr\/wp-content\/uploads\/2020\/10\/Capture-d%E2%80%99e%CC%81cran-2020-10-14-a%CC%80-14.48.58.png?resize=525%2C300 1.5x, https:\/\/i0.wp.com\/www.letourismeaparis.fr\/wp-content\/uploads\/2020\/10\/Capture-d%E2%80%99e%CC%81cran-2020-10-14-a%CC%80-14.48.58.png?resize=700%2C400 2x"},"classes":[]},{"id":16574,"url":"http:\/\/www.letourismeaparis.fr\/index.php\/2015\/04\/17\/expositions-au-cinema-vous-presentent-les-plus-grandes-expositions-dart\/","url_meta":{"origin":26483,"position":2},"title":"Expositions Au Cin\u00e9ma vous pr\u00e9sentent les plus grandes expositions d\u2019art","author":"Fabienne TM","date":"17 avril 2015","format":false,"excerpt":"Expositions Au Cin\u00e9ma vous pr\u00e9sentent les plus grandes expositions d\u2019art dans les cin\u00e9mas du monde entier. Produit par le r\u00e9alisateur Phil Grabsky, la nouvelle saison des Expositions Au Cin\u00e9ma suit le mod\u00e8le des expositions \u00e0 succ\u00e8s L\u00e9onardo DeVinci en direct de la National Gallery de Londres, Manet de l\u2019Acad\u00e9mie Royal\u2026","rel":"","context":"Dans &quot;Cin\u00e9ma&quot;","block_context":{"text":"Cin\u00e9ma","link":"http:\/\/www.letourismeaparis.fr\/index.php\/category\/spectacle\/cinema\/"},"img":{"alt_text":"","src":"","width":0,"height":0},"classes":[]},{"id":21125,"url":"http:\/\/www.letourismeaparis.fr\/index.php\/2018\/06\/28\/madagascar-arts-de-la-grande-ile-a-partir-du-18-septembre-2018\/","url_meta":{"origin":26483,"position":3},"title":"MADAGASCAR,    Arts de la Grande \u00cele   \u00e0 partir  du 18 septembre 2018","author":"Fabienne TM","date":"28 juin 2018","format":false,"excerpt":"\u00a0 Depuis 1946, aucune grande exposition n'a mis \u00e0 l'honneur les arts de Madagascar. \u00a0L'exposition au mus\u00e9e du quai Branly - Jacques Chirac pr\u00e9sente l'art de la Grande \u00cele Amulette\u00a0bois, m\u00e9tal, verre, coquillage, coton, mati\u00e8res organiques 22 x 9 x 9,5 cm ; 561 g \u00a9 mus\u00e9e du quai Branly\u2026","rel":"","context":"Dans &quot;Cultures du Monde&quot;","block_context":{"text":"Cultures du Monde","link":"http:\/\/www.letourismeaparis.fr\/index.php\/category\/culture\/musees-expositions\/cultures-du-monde\/"},"img":{"alt_text":"","src":"","width":0,"height":0},"classes":[]},{"id":18252,"url":"http:\/\/www.letourismeaparis.fr\/index.php\/2016\/05\/20\/la-nuit-des-musees-a-paris-samedi-21-mai\/","url_meta":{"origin":26483,"position":4},"title":"La nuit des mus\u00e9es \u00e0 Paris  samedi 21 mai, quelques id\u00e9es dont la cit\u00e9 des sciences et le Palais de la d\u00e9couverte","author":"Fabienne TM","date":"20 mai 2016","format":false,"excerpt":"La Cit\u00e9 des sciences et de l\u2019industrie, la G\u00e9ode et le Palais de la d\u00e9couverte en acc\u00e8s libre et gratuit jusqu\u2019\u00e0 minuit samedi 21 mai 2016, \u00e0 l\u2019occasion de la 12e Nuit europ\u00e9enne des mus\u00e9es \u00c0 l\u2019occasion de la Nuit europ\u00e9enne des Mus\u00e9es, grand rendez-vous du printemps qui c\u00e9l\u00e8bre l\u2019art\u2026","rel":"","context":"Dans &quot;Non class\u00e9&quot;","block_context":{"text":"Non class\u00e9","link":"http:\/\/www.letourismeaparis.fr\/index.php\/category\/non-classe\/"},"img":{"alt_text":"","src":"","width":0,"height":0},"classes":[]},{"id":212,"url":"http:\/\/www.letourismeaparis.fr\/index.php\/2008\/07\/01\/peter-doig-au-musee-dart-moderne-jusquau-0709\/","url_meta":{"origin":26483,"position":5},"title":"Peter Doig au Mus\u00e9e d&#039;art moderne jusqu&#039;au 07\/09","author":"Fabienne TM","date":"1 juillet 2008","format":false,"excerpt":"Le Tourisme \u00e0 Paris Paris Advisor Compos\u00e9e d\u2019une centaine de peintures et dessins regroup\u00e9es par th\u00e8mes, l\u2019exposition retrace le parcours de l\u2019artiste britannique depuis le d\u00e9but des ann\u00e9es 1990 jusqu'\u00e0 nos jours. D\u00e8s le d\u00e9but des ann\u00e9es 1990, son travail est reconnu .Son approche tr\u00e8s personnelle de l\u2019image peinte lui\u2026","rel":"","context":"Dans &quot;Non class\u00e9&quot;","block_context":{"text":"Non class\u00e9","link":"http:\/\/www.letourismeaparis.fr\/index.php\/category\/non-classe\/"},"img":{"alt_text":"","src":"","width":0,"height":0},"classes":[]}],"jetpack_sharing_enabled":true,"jetpack_likes_enabled":true,"_links":{"self":[{"href":"http:\/\/www.letourismeaparis.fr\/index.php\/wp-json\/wp\/v2\/posts\/26483","targetHints":{"allow":["GET"]}}],"collection":[{"href":"http:\/\/www.letourismeaparis.fr\/index.php\/wp-json\/wp\/v2\/posts"}],"about":[{"href":"http:\/\/www.letourismeaparis.fr\/index.php\/wp-json\/wp\/v2\/types\/post"}],"author":[{"embeddable":true,"href":"http:\/\/www.letourismeaparis.fr\/index.php\/wp-json\/wp\/v2\/users\/2"}],"replies":[{"embeddable":true,"href":"http:\/\/www.letourismeaparis.fr\/index.php\/wp-json\/wp\/v2\/comments?post=26483"}],"version-history":[{"count":3,"href":"http:\/\/www.letourismeaparis.fr\/index.php\/wp-json\/wp\/v2\/posts\/26483\/revisions"}],"predecessor-version":[{"id":26491,"href":"http:\/\/www.letourismeaparis.fr\/index.php\/wp-json\/wp\/v2\/posts\/26483\/revisions\/26491"}],"wp:featuredmedia":[{"embeddable":true,"href":"http:\/\/www.letourismeaparis.fr\/index.php\/wp-json\/wp\/v2\/media\/26486"}],"wp:attachment":[{"href":"http:\/\/www.letourismeaparis.fr\/index.php\/wp-json\/wp\/v2\/media?parent=26483"}],"wp:term":[{"taxonomy":"category","embeddable":true,"href":"http:\/\/www.letourismeaparis.fr\/index.php\/wp-json\/wp\/v2\/categories?post=26483"},{"taxonomy":"post_tag","embeddable":true,"href":"http:\/\/www.letourismeaparis.fr\/index.php\/wp-json\/wp\/v2\/tags?post=26483"}],"curies":[{"name":"wp","href":"https:\/\/api.w.org\/{rel}","templated":true}]}}