{"id":2650,"date":"2009-04-16T12:31:08","date_gmt":"2009-04-16T11:31:08","guid":{"rendered":"http:\/\/www.letourismeaparis.fr\/?p=2650"},"modified":"2009-04-16T12:31:08","modified_gmt":"2009-04-16T11:31:08","slug":"a-toute-vitesse-1899-1949-50-ans-de-courses-et-de-records-automobiles","status":"publish","type":"post","link":"http:\/\/www.letourismeaparis.fr\/index.php\/2009\/04\/16\/a-toute-vitesse-1899-1949-50-ans-de-courses-et-de-records-automobiles\/","title":{"rendered":"A toute vitesse 1899-1949, 50 ans de courses et de records automobiles"},"content":{"rendered":"<p>jusqu&rsquo;au 21 septembre 2009<br \/>\n<span style=\"color: #008000;\">A toute vitesse\u00a0 1899-1949, 50 ans de courses et de records automobiles<\/span><br \/>\nVenez d\u00e9couvrir et red\u00e9couvrir les objets qui ont marqu\u00e9s 50 ans d\u2019histoire de courses et de records automobiles.<br \/>\nVoitures, oeuvres d&rsquo;art et jouets se m\u00ealent autour du th\u00e8me du Mythe de la Vitesse..<!--more-->.vous verrez notamment\u00a0 deux v\u00e9hicules embl\u00e9matiques : la \u00ab Jamais Contente \u00bb de Camille Jenatzy, qui franchit pour la premi\u00e8re fois le mur des 100 km\/h en 1899, et la Bugatti type 59\/50B pilot\u00e9e par le champion automobile Jean-Pierre Wimille, qui remporta en 1945 la Coupe des Prisonniers, premi\u00e8re course organis\u00e9e apr\u00e8s-guerre.<br \/>\nVisite guid\u00e9e: jeudi 23 avril \u00e0 16h<br \/>\nAtelier \u00ab\u00a0A toute vitesse\u00a0\u00bb: jeudi 23 avril \u00e0 17h<br \/>\nMus\u00e9e National du Sport 93 avenue de France 75013 Paris<br \/>\n<a href=\"http:\/\/www.museedusport.fr\">http:\/\/www.museedusport.fr<\/a><\/p>\n<h1><em><span style=\"color: #ff0000;\"><a href=\"http:\/\/www.letourismeaparis.fr\">http:\/\/www.letourismeaparis.fr<\/a><\/span><\/em><\/h1>\n","protected":false},"excerpt":{"rendered":"<p>jusqu&rsquo;au 21 septembre 2009 A toute vitesse\u00a0 1899-1949, 50 ans de courses et de records automobiles Venez d\u00e9couvrir et red\u00e9couvrir les objets qui ont marqu\u00e9s 50 ans d\u2019histoire de courses et de records automobiles. Voitures, oeuvres d&rsquo;art et jouets se&#8230;<\/p>\n","protected":false},"author":2,"featured_media":0,"comment_status":"open","ping_status":"open","sticky":false,"template":"","format":"standard","meta":{"ngg_post_thumbnail":0,"jetpack_post_was_ever_published":false,"_jetpack_newsletter_access":"","footnotes":""},"categories":[1],"tags":[],"class_list":["post-2650","post","type-post","status-publish","format-standard","hentry","category-non-classe"],"jetpack_featured_media_url":"","jetpack-related-posts":[{"id":15565,"url":"http:\/\/www.letourismeaparis.fr\/index.php\/2014\/09\/03\/automedon-18-et-19-octobre-2014-competition-et-performance\/","url_meta":{"origin":2650,"position":0},"title":"Autom\u00e9don : 18 et 19 octobre 2014  COMP\u00c9TITION ET PERFORMANCE !","author":"Fabienne TM","date":"3 septembre 2014","format":false,"excerpt":"Vitesse, performance, comp\u00e9tition, passion sont les ingr\u00e9dients d\u2019une \u00e9dition qui s\u2019annonce prometteuse. Autom\u00e9don investira le hall 4 du Parc des Expositions du Bourget (93) (20.000 m\u00b2 en int\u00e9rieur, 5.000 m\u00b2 pour la bourse ext\u00e9rieure et 23.000 m\u00b2 pour le parking de collection) pour accueillir les passionn\u00e9s de belles m\u00e9caniques, les\u2026","rel":"","context":"Dans &quot;Sport&quot;","block_context":{"text":"Sport","link":"http:\/\/www.letourismeaparis.fr\/index.php\/category\/sport\/"},"img":{"alt_text":"","src":"","width":0,"height":0},"classes":[]},{"id":18149,"url":"http:\/\/www.letourismeaparis.fr\/index.php\/2016\/04\/22\/course-de-formule-e-a-paris-samedi-23-avril-sur-lesplanade-des-invalides\/","url_meta":{"origin":2650,"position":1},"title":"Course de Formule E \u00e0 Paris, samedi 23 avril sur l\u2019esplanade des invalides","author":"Fabienne TM","date":"22 avril 2016","format":false,"excerpt":"La Formula E est un championnat r\u00e9volutionnaire plac\u00e9 sous l\u2019\u00e9gide de la FIA et la premi\u00e8re discipline 100 % \u00e9lectrique dans le monde des sports m\u00e9caniques. L\u2019objectif de la Formula E est de proposer une vision nouvelle de l\u2019industrie automobile et de servir de cadre de recherche et de d\u00e9veloppement\u2026","rel":"","context":"Dans &quot;Automobiles&quot;","block_context":{"text":"Automobiles","link":"http:\/\/www.letourismeaparis.fr\/index.php\/category\/culture\/musees-expositions\/automobiles\/"},"img":{"alt_text":"","src":"","width":0,"height":0},"classes":[]},{"id":20930,"url":"http:\/\/www.letourismeaparis.fr\/index.php\/2018\/04\/26\/qatar-airways-paris-e-prix-2018-le-circuit-des-invalides-vendredi-27-et-samedi-28-avril\/","url_meta":{"origin":2650,"position":2},"title":"Qatar Airways Paris E-Prix 2018  :  Le circuit des Invalides vendredi 27 et samedi 28 avril","author":"Fabienne TM","date":"26 avril 2018","format":false,"excerpt":"La Formule E le cadre du Circuit des Invalides, en plein c\u0153ur d'une ville qui sera le th\u00e9\u00e2tre du huiti\u00e8me manche d'un championnat de courses automobiles de classe mondiale. \u00a0 D'une longueur de 1,9 km, le Circuit des Invalides est l'un des trac\u00e9s les plus courts du calendrier. Dans les\u2026","rel":"","context":"Dans &quot;Non class\u00e9&quot;","block_context":{"text":"Non class\u00e9","link":"http:\/\/www.letourismeaparis.fr\/index.php\/category\/non-classe\/"},"img":{"alt_text":"","src":"","width":0,"height":0},"classes":[]},{"id":4763,"url":"http:\/\/www.letourismeaparis.fr\/index.php\/2010\/01\/26\/james-ensor1860-1949-au-musee-dorsay\/","url_meta":{"origin":2650,"position":3},"title":"&quot;James Ensor&quot;(1860-1949) au Mus\u00e9e d\u2019Orsay, jusqu&#039;au 4 f\u00e9vrier","author":"Fabienne TM","date":"26 janvier 2010","format":false,"excerpt":"Cette exposition\u00a0 montre le jeu de rupture et de continuit\u00e9 perp\u00e9tuellement pratiqu\u00e9 par Ensor. La continuit\u00e9( h\u00e9ritages naturaliste et symboliste , tradition des masques, du travestissement, du grotesque et de la satire, du carnaval La rupture(dramatisation de l\u2019usage de la couleur et de la lumi\u00e8re, l\u2019invention d\u2019un nouveau langage o\u00f9\u2026","rel":"","context":"Dans &quot;Non class\u00e9&quot;","block_context":{"text":"Non class\u00e9","link":"http:\/\/www.letourismeaparis.fr\/index.php\/category\/non-classe\/"},"img":{"alt_text":"","src":"","width":0,"height":0},"classes":[]},{"id":12720,"url":"http:\/\/www.letourismeaparis.fr\/index.php\/2013\/02\/03\/du-6-au-10-fevrier-2013-la-38eme-edition-du-salon-retromobile-porte-de-versailles-a-paris\/","url_meta":{"origin":2650,"position":4},"title":"Du 6 au 10 f\u00e9vrier 2013, la 38\u00e8me \u00e9dition du salon R\u00e9tromobile Porte de Versailles, \u00e0 Paris.","author":"Fabienne TM","date":"3 f\u00e9vrier 2013","format":false,"excerpt":"Le salon des voitures anciennes et de l'histoire de l'automobile regroupe\u00a0 400 exposants r\u00e9partis sur 33.000 m\u00b2 et quelque 500 v\u00e9hicules.De nombreuses animations vous attendent. En 2013,\u00a0 sont \u00e0 l'honneur la Porsche 911 et la Peugeot 205, qui f\u00eatent respectivement leurs 50 et 30 ans d'existence,\u00a0 ainsi que la premi\u00e8re\u2026","rel":"","context":"Dans &quot;Non class\u00e9&quot;","block_context":{"text":"Non class\u00e9","link":"http:\/\/www.letourismeaparis.fr\/index.php\/category\/non-classe\/"},"img":{"alt_text":"","src":"","width":0,"height":0},"classes":[]},{"id":19436,"url":"http:\/\/www.letourismeaparis.fr\/index.php\/2017\/02\/09\/bonhams-au-grand-palais-les-8-et-9-fevrier-prochains\/","url_meta":{"origin":2650,"position":5},"title":"BONHAMS AU GRAND PALAIS LES 8 ET 9 F\u00c9VRIER PROCHAINS","author":"Fabienne TM","date":"9 f\u00e9vrier 2017","format":false,"excerpt":"\u00a0Depuis 2011, le Grand Palais accueille la vente aux ench\u00e8res d'automobiles de collection de Bonhams, maison de ventes aux ench\u00e8res britannique. \u00a0 \u00a9 Collection Grand Palais, Fran\u00e7ois Tomasi \u00a0Aston martin Ulster \u00a0sport deux places \u00a01935 deux placesCo\u00efncidant avec la semaine de R\u00e9tromobile, l\u2019\u00e9v\u00e8nement qui fait de Paris la capitale de\u2026","rel":"","context":"Dans &quot;Automobiles&quot;","block_context":{"text":"Automobiles","link":"http:\/\/www.letourismeaparis.fr\/index.php\/category\/culture\/musees-expositions\/automobiles\/"},"img":{"alt_text":"","src":"https:\/\/i0.wp.com\/www.letourismeaparis.fr\/wp-content\/uploads\/2017\/02\/Capture-d%C3%A2%C2%80%C2%99e%C3%8C%C2%81cran-2017-02-01-a%C3%8C%C2%80-14.54.32-300x226.png?resize=350%2C200","width":350,"height":200},"classes":[]}],"jetpack_sharing_enabled":true,"jetpack_likes_enabled":true,"_links":{"self":[{"href":"http:\/\/www.letourismeaparis.fr\/index.php\/wp-json\/wp\/v2\/posts\/2650","targetHints":{"allow":["GET"]}}],"collection":[{"href":"http:\/\/www.letourismeaparis.fr\/index.php\/wp-json\/wp\/v2\/posts"}],"about":[{"href":"http:\/\/www.letourismeaparis.fr\/index.php\/wp-json\/wp\/v2\/types\/post"}],"author":[{"embeddable":true,"href":"http:\/\/www.letourismeaparis.fr\/index.php\/wp-json\/wp\/v2\/users\/2"}],"replies":[{"embeddable":true,"href":"http:\/\/www.letourismeaparis.fr\/index.php\/wp-json\/wp\/v2\/comments?post=2650"}],"version-history":[{"count":0,"href":"http:\/\/www.letourismeaparis.fr\/index.php\/wp-json\/wp\/v2\/posts\/2650\/revisions"}],"wp:attachment":[{"href":"http:\/\/www.letourismeaparis.fr\/index.php\/wp-json\/wp\/v2\/media?parent=2650"}],"wp:term":[{"taxonomy":"category","embeddable":true,"href":"http:\/\/www.letourismeaparis.fr\/index.php\/wp-json\/wp\/v2\/categories?post=2650"},{"taxonomy":"post_tag","embeddable":true,"href":"http:\/\/www.letourismeaparis.fr\/index.php\/wp-json\/wp\/v2\/tags?post=2650"}],"curies":[{"name":"wp","href":"https:\/\/api.w.org\/{rel}","templated":true}]}}