{"id":26517,"date":"2025-11-01T11:40:42","date_gmt":"2025-11-01T10:40:42","guid":{"rendered":"http:\/\/www.letourismeaparis.fr\/?p=26517"},"modified":"2025-11-01T11:40:45","modified_gmt":"2025-11-01T10:40:45","slug":"chaque-1er-dimanche-du-mois-est-jour-de-gratuite-des-musees-nationaux-2-novembre","status":"publish","type":"post","link":"http:\/\/www.letourismeaparis.fr\/index.php\/2025\/11\/01\/chaque-1er-dimanche-du-mois-est-jour-de-gratuite-des-musees-nationaux-2-novembre\/","title":{"rendered":"Chaque 1er dimanche du mois est jour de gratuit\u00e9 des mus\u00e9es nationaux : 2 novembre"},"content":{"rendered":"\n<p>Chaque 1er dimanche du mois est jour de gratuit\u00e9 des mus\u00e9es nationaux \u00e0 Paris, le prochain est le 2 novembre 2025.<\/p>\n\n\n\n<p>L\u2019Orangerie, Paris 1er (9h \u00e0 18h)(r\u00e9server)<\/p>\n\n\n\n<p>&nbsp;Le Mus\u00e9e des Arts-et-M\u00e9tiers, Paris 3e (10h \u00e0 18h)<\/p>\n\n\n\n<p>&nbsp;Le Mus\u00e9e Picasso, Paris 3e (9h30 \u00e0 18h)<\/p>\n\n\n\n<p>&nbsp;Le Mus\u00e9e du Moyen-\u00c2ge &amp; Thermes de Cluny, Paris 5e (9h30 \u00e0 18h15)<\/p>\n\n\n\n<hr class=\"wp-block-separator has-alpha-channel-opacity\"\/>\n\n\n\n<hr class=\"wp-block-separator has-alpha-channel-opacity\"\/>\n\n\n\n<p>&nbsp;Le Mus\u00e9e Eug\u00e8ne Delacroix (9h30 \u00e0 17h30) r\u00e9server<\/p>\n\n\n\n<p>&nbsp;Le Mus\u00e9e Gustave Moreau, Paris 9e (10h \u00e0 18h) r\u00e9server<\/p>\n\n\n\n<p>Le Mus\u00e9e Rodin, Paris 7e (10h \u00e0 18h30)<\/p>\n\n\n\n<p>Le Mus\u00e9e d\u2019Orsay (9h30 \u00e0 18h)r\u00e9server<\/p>\n\n\n\n<p>&nbsp;Le Mus\u00e9e du Quai Branly, Paris 7e (10h30 \u00e0 19h)r\u00e9server<\/p>\n\n\n\n<p>&nbsp;La Cit\u00e9 de l\u2019Architecture et du Patrimoine, Paris 16e (11h \u00e0 19h)<\/p>\n\n\n\n<p>&nbsp;Le Mus\u00e9e National de l\u2019Histoire de l\u2019Immigration, Paris 12e (10h \u00e0 19h)<\/p>\n\n\n\n<p>r\u00e9server&nbsp;l\u2019Aquarium tropical du Palais de la Porte Dor\u00e9e n\u2019est pas inclus<\/p>\n\n\n\n<p>&nbsp;La Galerie des Gobelins, Paris 13e (11h \u00e0 18h)<\/p>\n\n\n\n<p>&nbsp;Le Mus\u00e9e Guimet, Paris 16e (10h \u00e0 18h)<\/p>\n\n\n\n<p>Mus\u00e9e National Jean-Jacques Henner, Paris 17e (10h \u00e0 18h)r\u00e9server<\/p>\n\n\n\n<p>&nbsp;Mus\u00e9e National de la Marine (Paris 16e) (11h\u201319h)<\/p>\n\n\n\n<p>r\u00e9servation conseill\u00e9e<\/p>\n\n\n\n<p>&nbsp;Mus\u00e9e de l\u2019Arm\u00e9e \u2013 H\u00f4tel des Invalides (Paris 7e)<\/p>\n\n\n\n<p>La gratuit\u00e9 couvre les collections permanentes du Mus\u00e9e de l\u2019Arm\u00e9e<\/p>\n\n\n\n<p>Notez aussi que <strong>le mus\u00e9e du Louvre est ouvert gratuitement le premier samedi de chaque mois de 18h \u00e0 21h45 et non pas le dimanche.<\/strong><\/p>\n\n\n\n<p><\/p>\n\n\n\n<p>Les dimanches gratuits suivants seront les dimanches 7 d\u00e9cembre 2025 et 4 janvier 2026.<\/p>\n\n\n\n<p>Les mus\u00e9es de la Ville de Paris sont gratuits tous les jours<\/p>\n","protected":false},"excerpt":{"rendered":"<p>Chaque 1er dimanche du mois est jour de gratuit\u00e9 des mus\u00e9es nationaux \u00e0 Paris, le prochain est le 2 novembre 2025. L\u2019Orangerie, Paris 1er (9h \u00e0 18h)(r\u00e9server) &nbsp;Le Mus\u00e9e des Arts-et-M\u00e9tiers, Paris 3e (10h \u00e0 18h) &nbsp;Le Mus\u00e9e Picasso, Paris&#8230;<\/p>\n","protected":false},"author":2,"featured_media":26520,"comment_status":"open","ping_status":"open","sticky":false,"template":"","format":"standard","meta":{"ngg_post_thumbnail":0,"jetpack_post_was_ever_published":false,"_jetpack_newsletter_access":"","footnotes":""},"categories":[381,4,9,11,363,20,22,385,31,32,36,27],"tags":[],"class_list":["post-26517","post","type-post","status-publish","format-standard","has-post-thumbnail","hentry","category-architecture","category-art-contemporain","category-beaux-arts","category-bon-plan","category-culture","category-cultures-du-monde","category-decoration","category-gratuit","category-histoire","category-informations-diverses","category-luxe","category-musees-expositions"],"jetpack_featured_media_url":"http:\/\/www.letourismeaparis.fr\/wp-content\/uploads\/2025\/11\/Capture-decran-2025-11-01-a-11.36.28.png","jetpack-related-posts":[{"id":18671,"url":"http:\/\/www.letourismeaparis.fr\/index.php\/2016\/09\/17\/les-journees-du-patrimoine-a-paris-quelques-idees-circuits-ambassades-musees\/","url_meta":{"origin":26517,"position":0},"title":"Les journ\u00e9es du Patrimoine \u00e0 Paris : quelques id\u00e9es &#8230;..circuits,  ambassades, mus\u00e9es&#8230;&#8230;","author":"Fabienne TM","date":"17 septembre 2016","format":false,"excerpt":"CIRCUIT \u00ab QUARTIER DES HALLES \u00bb Forum des Halles Circuit \u00ab Le quartier des halles \u00bb \u00a016h30-18h30 CIRCUIT \u00ab PASSAGES ET GALERIES \u00bb RDV au me\u0301tro Palais-Royal - Place Colette Circuit \u00ab Passages et galeries parisiens \u00bb. sam. et dim. 10h-12h, 15h-17h \u00a0 RANDONN\u00c9E \"DE LA BASTILLE A L\u2019ASSEMBL\u00c9E NATIONALE,\u2026","rel":"","context":"Dans &quot;Non class\u00e9&quot;","block_context":{"text":"Non class\u00e9","link":"http:\/\/www.letourismeaparis.fr\/index.php\/category\/non-classe\/"},"img":{"alt_text":"","src":"","width":0,"height":0},"classes":[]},{"id":25335,"url":"http:\/\/www.letourismeaparis.fr\/index.php\/2023\/10\/26\/la-regence-au-musee-carnavalet\/","url_meta":{"origin":26517,"position":1},"title":"La R\u00e9gence au Mus\u00e9e  Carnavalet","author":"Fabienne TM","date":"26 octobre 2023","format":false,"excerpt":"Le mus\u00e9e Carnavalet \u2013 Histoire de Paris pr\u00e9sente une exposition consacr\u00e9e \u00e0 la R\u00e9gence, p\u00e9riode oubli\u00e9e de l\u2019histoire qui marque le retour du roi et de la vie politique, \u00e9conomique et culturelle \u00e0 Paris. Louis XIV meurt le 1er septembre 1715 \u00e0 Versailles. Il laisse derri\u00e8re lui une France endett\u00e9e\u2026","rel":"","context":"Dans &quot;Beaux arts&quot;","block_context":{"text":"Beaux arts","link":"http:\/\/www.letourismeaparis.fr\/index.php\/category\/culture\/musees-expositions\/beaux-arts\/"},"img":{"alt_text":"","src":"https:\/\/i0.wp.com\/www.letourismeaparis.fr\/wp-content\/uploads\/2023\/10\/Capture-decran-2023-10-26-a-13.00.17.png?resize=350%2C200","width":350,"height":200},"classes":[]},{"id":12162,"url":"http:\/\/www.letourismeaparis.fr\/index.php\/2012\/11\/24\/les-frimousses-de-createurs-un-evenement-incontournable-exposition-gratuite-du-27-novembre-au-2-decembre-2012-au-petit-palais\/","url_meta":{"origin":26517,"position":2},"title":"Les Frimousses de cr\u00e9ateurs, un \u00e9v\u00e8nement incontournable ! Exposition gratuite du 27 novembre au 2 d\u00e9cembre 2012 au Petit Palais,","author":"Fabienne TM","date":"24 novembre 2012","format":false,"excerpt":"Frimousses de Cr\u00e9ateurs r\u00e9unit depuis 10 ans les plus grands Cr\u00e9ateurs de Mode, des Artistes de renom, des Joailliers, des Designers autour d\u2019un but commun : apporter une aide concr\u00e8te aux enfants du Darfour, 1\u00e8res victimes d\u2019une crise humanitaire sans pr\u00e9c\u00e9dent. Pour la dixi\u00e8me \u00e9dition, l\u2019UNICEF France renouvelle sa prestigieuse\u2026","rel":"","context":"Dans &quot;Non class\u00e9&quot;","block_context":{"text":"Non class\u00e9","link":"http:\/\/www.letourismeaparis.fr\/index.php\/category\/non-classe\/"},"img":{"alt_text":"","src":"","width":0,"height":0},"classes":[]},{"id":15447,"url":"http:\/\/www.letourismeaparis.fr\/index.php\/2014\/08\/13\/lenvol-du-dragon-art-royal-du-vietnam-jusquau-15-septembre\/","url_meta":{"origin":26517,"position":3},"title":"L\u2019Envol du dragon \u2013 Art royal du Vietnam jusqu\u2019au 15 septembre","author":"Fabienne TM","date":"13 ao\u00fbt 2014","format":false,"excerpt":"\u00a0 Dans le Vietnam traditionnel, le dragon occupe une place privil\u00e9gi\u00e9e au sein du bestiaire des animaux fabuleux. Cette fascinante chim\u00e8re manifeste le caract\u00e8re dynamique de son r\u00f4le protecteur et bienfaisant par un aspect \u00e0 la fois gesticulant et anim\u00e9 dont les artistes vietnamiens ont, durant des si\u00e8cles, d\u00e9crit les\u2026","rel":"","context":"Dans &quot;Cultures du Monde&quot;","block_context":{"text":"Cultures du Monde","link":"http:\/\/www.letourismeaparis.fr\/index.php\/category\/culture\/musees-expositions\/cultures-du-monde\/"},"img":{"alt_text":"","src":"","width":0,"height":0},"classes":[]},{"id":16242,"url":"http:\/\/www.letourismeaparis.fr\/index.php\/2015\/02\/17\/pierre-bonnard-peindre-larcadie-au-musee-dorsay-partir-du-17-mars\/","url_meta":{"origin":26517,"position":4},"title":"Pierre Bonnard. Peindre l&#039;Arcadie  au mus\u00e9e d&#039;Orsay \u00e0 partir du 17 mars","author":"Fabienne TM","date":"17 f\u00e9vrier 2015","format":false,"excerpt":"\u00a0 Pierre BonnardDanseuses\u00a9 ADAGP - Mus\u00e9e d'Orsay, dist. RMN-Grand Palais \/ Patrice Schmidt \u00a0 Apr\u00e8s les expositions Bonnard organis\u00e9es dans le monde entier, le mus\u00e9e d'Orsay se devait de lui consacrer une r\u00e9trospective repr\u00e9sentative de toutes les p\u00e9riodes de sa cr\u00e9ation. Pratiquant l'art sous des formes multiples \u2013 peinture, dessin,\u2026","rel":"","context":"Dans &quot;Mus\u00e9es \/ Expositions&quot;","block_context":{"text":"Mus\u00e9es \/ Expositions","link":"http:\/\/www.letourismeaparis.fr\/index.php\/category\/culture\/musees-expositions\/"},"img":{"alt_text":"","src":"https:\/\/i0.wp.com\/www.letourismeaparis.fr\/wp-content\/uploads\/2015\/02\/orsay-300x222.png?resize=350%2C200","width":350,"height":200},"classes":[]},{"id":18038,"url":"http:\/\/www.letourismeaparis.fr\/index.php\/2016\/04\/02\/picasso-sculptures-au-musee-picasso\/","url_meta":{"origin":26517,"position":5},"title":"Picasso Sculptures au mus\u00e9e Picasso","author":"Fabienne TM","date":"2 avril 2016","format":false,"excerpt":"Au Mus\u00e9e national Picasso-Paris jusqu\u2019au 28 ao\u00fbt 2016 L\u2019exposition prend la suite de la r\u00e9trospective \u00ab Picasso Sculpture \u00bb pr\u00e9sent\u00e9e au Museum of Modern Art (MoMA) de New York. L\u2019exposition r\u00e9v\u00e8le au public un aspect peu \u00e9tudi\u00e9 de la sculpture de Picasso : sa dimension multiple \u00e0 travers la question\u2026","rel":"","context":"Dans &quot;Mus\u00e9es \/ Expositions&quot;","block_context":{"text":"Mus\u00e9es \/ Expositions","link":"http:\/\/www.letourismeaparis.fr\/index.php\/category\/culture\/musees-expositions\/"},"img":{"alt_text":"","src":"https:\/\/i0.wp.com\/www.letourismeaparis.fr\/wp-content\/uploads\/2016\/03\/Affiche_Sculptures_1000-202x300.jpg?resize=350%2C200","width":350,"height":200},"classes":[]}],"jetpack_sharing_enabled":true,"jetpack_likes_enabled":true,"_links":{"self":[{"href":"http:\/\/www.letourismeaparis.fr\/index.php\/wp-json\/wp\/v2\/posts\/26517","targetHints":{"allow":["GET"]}}],"collection":[{"href":"http:\/\/www.letourismeaparis.fr\/index.php\/wp-json\/wp\/v2\/posts"}],"about":[{"href":"http:\/\/www.letourismeaparis.fr\/index.php\/wp-json\/wp\/v2\/types\/post"}],"author":[{"embeddable":true,"href":"http:\/\/www.letourismeaparis.fr\/index.php\/wp-json\/wp\/v2\/users\/2"}],"replies":[{"embeddable":true,"href":"http:\/\/www.letourismeaparis.fr\/index.php\/wp-json\/wp\/v2\/comments?post=26517"}],"version-history":[{"count":2,"href":"http:\/\/www.letourismeaparis.fr\/index.php\/wp-json\/wp\/v2\/posts\/26517\/revisions"}],"predecessor-version":[{"id":26521,"href":"http:\/\/www.letourismeaparis.fr\/index.php\/wp-json\/wp\/v2\/posts\/26517\/revisions\/26521"}],"wp:featuredmedia":[{"embeddable":true,"href":"http:\/\/www.letourismeaparis.fr\/index.php\/wp-json\/wp\/v2\/media\/26520"}],"wp:attachment":[{"href":"http:\/\/www.letourismeaparis.fr\/index.php\/wp-json\/wp\/v2\/media?parent=26517"}],"wp:term":[{"taxonomy":"category","embeddable":true,"href":"http:\/\/www.letourismeaparis.fr\/index.php\/wp-json\/wp\/v2\/categories?post=26517"},{"taxonomy":"post_tag","embeddable":true,"href":"http:\/\/www.letourismeaparis.fr\/index.php\/wp-json\/wp\/v2\/tags?post=26517"}],"curies":[{"name":"wp","href":"https:\/\/api.w.org\/{rel}","templated":true}]}}