{"id":26605,"date":"2025-12-11T10:31:35","date_gmt":"2025-12-11T09:31:35","guid":{"rendered":"http:\/\/www.letourismeaparis.fr\/?p=26605"},"modified":"2025-12-11T10:33:43","modified_gmt":"2025-12-11T09:33:43","slug":"pompon-pompon-au-theatre-saint-georges","status":"publish","type":"post","link":"http:\/\/www.letourismeaparis.fr\/index.php\/2025\/12\/11\/pompon-pompon-au-theatre-saint-georges\/","title":{"rendered":"POMPON, POMPON au th\u00e9atre Saint Georges"},"content":{"rendered":"\n<p>POMPON, POMPON : com\u00e9die musicale d\u20191h, tout public (de 4 \u00e0 104 ans)<\/p>\n\n\n\n<p><\/p>\n\n\n\n<p> PASCAL PARISOT, chanteur chouchou des enfants (et des grands) est de retour avec l\u2019exquise com\u00e9die musicale<\/p>\n\n\n\n<p>Pompon devrait \u00eatre heureux sauf qu\u2019il lui manque l\u2019essentiel pour un ours blanc : la banquise. Sans pourtant la connaitre\u2026 Le soir, quand le mus\u00e9e est vide, aid\u00e9 par La Petite Danseuse de 14 ans d\u2019Edgar\u00a0 Degas, Pompon part mener l\u2019enqu\u00eate, questionnant les autres oeuvres : Ont-elles d\u00e9j\u00e0 entendu parler de cette glace divine ?<\/p>\n\n\n\n<p><a href=\"https:\/\/mail.google.com\/mail\/u\/0\/#search\/pompon\/FMfcgzQdzmQQvbdWdSGqkXJXDmBhQwxL?projector=1\">https:\/\/mail.google.com\/mail\/u\/0\/#search\/pompon\/FMfcgzQdzmQQvbdWdSGqkXJXDmBhQwxL?projector=1<\/a><\/p>\n\n\n\n<p><\/p>\n\n\n\n<hr class=\"wp-block-separator has-alpha-channel-opacity\"\/>\n\n\n\n<p> Savent-elles o\u00f9 elle se trouve ? Ont-elles une id\u00e9e de ce \u00e0 quoi elle ressemble ? Ses voisins et amis monstres (de L\u00e9opold Chauveau) Marfou, Grapus et Pernimasse, Le Bouddha d\u2019Odile Redon, La Sorci\u00e8re au Chat Noir du Paul Ranson, Le Chevalier aux fleurs de Georges Rochegrosse, Schneelandschaft de Cuno Amiet, et bien d\u2019autres encore et m\u00eame un gardien endormi, vont tenter d\u2019aider Pompon.<\/p>\n\n\n\n<p>Une com\u00e9die musicale ludique, joyeuse, instructive et dr\u00f4le !<\/p>\n\n\n\n<p>Th\u00e9atre Saint Georges<\/p>\n\n\n\n<p>51, rue Saint Georges Paris 75009<\/p>\n","protected":false},"excerpt":{"rendered":"<p>POMPON, POMPON : com\u00e9die musicale d\u20191h, tout public (de 4 \u00e0 104 ans) PASCAL PARISOT, chanteur chouchou des enfants (et des grands) est de retour avec l\u2019exquise com\u00e9die musicale Pompon devrait \u00eatre heureux sauf qu\u2019il lui manque l\u2019essentiel pour un&#8230;<\/p>\n","protected":false},"author":2,"featured_media":26607,"comment_status":"open","ping_status":"open","sticky":false,"template":"","format":"standard","meta":{"ngg_post_thumbnail":0,"jetpack_post_was_ever_published":false,"_jetpack_newsletter_access":"","footnotes":""},"categories":[15,28,49],"tags":[],"class_list":["post-26605","post","type-post","status-publish","format-standard","has-post-thumbnail","hentry","category-comedie-musicale","category-familles","category-theatre"],"jetpack_featured_media_url":"http:\/\/www.letourismeaparis.fr\/wp-content\/uploads\/2025\/12\/Capture-decran-2025-12-11-a-10.19.00.png","jetpack-related-posts":[{"id":26625,"url":"http:\/\/www.letourismeaparis.fr\/index.php\/2026\/01\/07\/pompon-pompon-une-comedie-musicale-sympathique-pour-petits-et-grands\/","url_meta":{"origin":26605,"position":0},"title":"POMPON, POMPON une com\u00e9die musicale sympathique pour petits et grands","author":"Fabienne TM","date":"7 janvier 2026","format":false,"excerpt":"1h, tout public (de 4 \u00e0 104 ans) Pompon devrait \u00eatre heureux sauf qu\u2019il lui manque l\u2019essentiel pour un ours blanc : la banquise. Le soir, quand le mus\u00e9e est vide, aid\u00e9 par La Petite Danseuse de 14 ans d\u2019Edgar\u00a0 Degas, Pompon part mener l\u2019enqu\u00eate, questionnant les autres oeuvres :\u2026","rel":"","context":"Dans &quot;Com\u00e9die Musicale&quot;","block_context":{"text":"Com\u00e9die Musicale","link":"http:\/\/www.letourismeaparis.fr\/index.php\/category\/spectacle\/comedie-musicale\/"},"img":{"alt_text":"","src":"https:\/\/i0.wp.com\/www.letourismeaparis.fr\/wp-content\/uploads\/2026\/01\/Capture-decran-2025-12-11-a-10.19.00.png?resize=350%2C200","width":350,"height":200},"classes":[]},{"id":8791,"url":"http:\/\/www.letourismeaparis.fr\/index.php\/2010\/01\/16\/exposition-monet-2010-2011-au-musee-marmottan-a-voir-absolument\/","url_meta":{"origin":26605,"position":1},"title":"Exposition Monet  au mus\u00e9e Marmottan : \u00e0 voir  !","author":"Fabienne TM","date":"16 janvier 2010","format":false,"excerpt":"Le mus\u00e9e Marmottan Monet pr\u00e9sente\u00a0 une exposition in\u00e9dite et exceptionnelle, \u00ab Claude Monet, son Mus\u00e9e\u00a0 \u00bb. Pour la premi\u00e8re fois, le mus\u00e9e pr\u00e9sente l\u2019int\u00e9gralit\u00e9 de sa collection Monet, la plus riche au monde : Impression, Soleil Levant, Les Nymph\u00e9as, Iris, ponts Japonais, portrait de Poly, la Barque, La Meule, les\u2026","rel":"","context":"Dans &quot;Non class\u00e9&quot;","block_context":{"text":"Non class\u00e9","link":"http:\/\/www.letourismeaparis.fr\/index.php\/category\/non-classe\/"},"img":{"alt_text":"","src":"","width":0,"height":0},"classes":[]},{"id":19680,"url":"http:\/\/www.letourismeaparis.fr\/index.php\/2017\/04\/08\/gosse-de-riche-une-comedie-musicale-au-theatre-trevise-les-12-et-19-avril-a-20h\/","url_meta":{"origin":26605,"position":2},"title":"Gosse de Riche, une com\u00e9die musicale au th\u00e9atre Tr\u00e9vise les 12 et 19 avril \u00e0 20h","author":"Fabienne TM","date":"8 avril 2017","format":false,"excerpt":"Une com\u00e9die musicale sympathique en 3 actes de Maurice Yvain,\u00a0Livret & Lyrics de Jacques Bousquet & Henri Falk* La distribution r\u00e9unit artistes du monde lyrique et du music-hall Doroth\u00e9e Lorthiois, Charl\u00e8ne Duval, Ariane Pitrie, L\u00e9ovanie Raud Guillaume Paire, Alexandre Martin-Varroy, Olivier Podesta Accompagn\u00e9s du Frivol'Ensemble t plac\u00e9 sous la baguette\u2026","rel":"","context":"Dans &quot;Com\u00e9die Musicale&quot;","block_context":{"text":"Com\u00e9die Musicale","link":"http:\/\/www.letourismeaparis.fr\/index.php\/category\/spectacle\/comedie-musicale\/"},"img":{"alt_text":"","src":"https:\/\/i0.wp.com\/www.letourismeaparis.fr\/wp-content\/uploads\/2017\/04\/Capture-d%C3%A2%C2%80%C2%99e%C3%8C%C2%81cran-2017-04-08-a%C3%8C%C2%80-14.28.35-257x300.png?resize=350%2C200","width":350,"height":200},"classes":[]},{"id":14243,"url":"http:\/\/www.letourismeaparis.fr\/index.php\/2014\/01\/31\/1925-quand-lart-deco-seduit-le-monde-la-cite-de-larchitecture-un-film-bord-du-normandie-samedi-23-novembre-18h30\/","url_meta":{"origin":26605,"position":3},"title":"1925, quand l&#039;Art D\u00e9co s\u00e9duit le monde , \u00e0 la cit\u00e9 de l&#039;architecture  jusqu&#039;au 3 mars","author":"Fabienne TM","date":"31 janvier 2014","format":false,"excerpt":"\u00a0 Formes g\u00e9om\u00e9triques, pures et dynamiques : le style Art D\u00e9co (1919-1940) se caract\u00e9rise par son attractivit\u00e9 et sa vivacit\u00e9. N\u00e9 de l\u2019impulsion des cr\u00e9ateurs fran\u00e7ais tels que les architectes Henri Sauvage, Robert Mallet-Stevens, Pierre Patout, les d\u00e9corateurs Andr\u00e9 V\u00e9ra, Louis S\u00fce, Andr\u00e9 Mare et Jacques-\u00c9mile Ruhlmann, le couturier Paul\u2026","rel":"","context":"Dans &quot;Mus\u00e9es \/ Expositions&quot;","block_context":{"text":"Mus\u00e9es \/ Expositions","link":"http:\/\/www.letourismeaparis.fr\/index.php\/category\/culture\/musees-expositions\/"},"img":{"alt_text":"","src":"","width":0,"height":0},"classes":[]},{"id":25095,"url":"http:\/\/www.letourismeaparis.fr\/index.php\/2023\/04\/08\/concours-international-de-chant-et-comedie-musicale\/","url_meta":{"origin":26605,"position":4},"title":"Concours International de Chant et Com\u00e9die Musicale","author":"Fabienne TM","date":"8 avril 2023","format":false,"excerpt":"Il a pour vocation de mettre en lumi\u00e8re des artistes complets et pluridisciplinaires dans les disciplines du chant, du th\u00e9\u00e2tre et de la danse.Comme chaque ann\u00e9e, de jeunes artistes vont pouvoir monter sur sc\u00e8ne et pr\u00e9senter leurs talents devant des professionnels du spectacle vivant. La date de la grande finale\u2026","rel":"","context":"Dans &quot;Com\u00e9die Musicale&quot;","block_context":{"text":"Com\u00e9die Musicale","link":"http:\/\/www.letourismeaparis.fr\/index.php\/category\/spectacle\/comedie-musicale\/"},"img":{"alt_text":"","src":"https:\/\/i0.wp.com\/www.letourismeaparis.fr\/wp-content\/uploads\/2023\/04\/Capture-decran-2023-04-08-a-16.47.26.png?resize=350%2C200","width":350,"height":200},"classes":[]},{"id":15674,"url":"http:\/\/www.letourismeaparis.fr\/index.php\/2014\/10\/27\/le-bal-des-vampires-une-superbe-comedie-musicale-au-theatre-mogador\/","url_meta":{"origin":26605,"position":5},"title":"LE BAL DES VAMPIRES : une superbe com\u00e9die musicale au Th\u00e9atre Mogador","author":"Fabienne TM","date":"27 octobre 2014","format":false,"excerpt":"Pour la premi\u00e8re fois en France et en fran\u00e7ais,\u00a0Stage Entertainment\u00a0pr\u00e9sentera, en collaboration avec Vereinigte B\u00fchnen Wien, le musicalLE BAL DES VAMPIRES, adapt\u00e9 du film culte de Roman Polanski. Retrouvez sur sc\u00e8ne, les p\u00e9rip\u00e9ties du professeur Abronsius et son jeune assistant Alfred partis en voyage dans la myst\u00e9rieuse contr\u00e9e de Transylvanie,\u2026","rel":"","context":"Dans &quot;Com\u00e9die Musicale&quot;","block_context":{"text":"Com\u00e9die Musicale","link":"http:\/\/www.letourismeaparis.fr\/index.php\/category\/spectacle\/comedie-musicale\/"},"img":{"alt_text":"","src":"","width":0,"height":0},"classes":[]}],"jetpack_sharing_enabled":true,"jetpack_likes_enabled":true,"_links":{"self":[{"href":"http:\/\/www.letourismeaparis.fr\/index.php\/wp-json\/wp\/v2\/posts\/26605","targetHints":{"allow":["GET"]}}],"collection":[{"href":"http:\/\/www.letourismeaparis.fr\/index.php\/wp-json\/wp\/v2\/posts"}],"about":[{"href":"http:\/\/www.letourismeaparis.fr\/index.php\/wp-json\/wp\/v2\/types\/post"}],"author":[{"embeddable":true,"href":"http:\/\/www.letourismeaparis.fr\/index.php\/wp-json\/wp\/v2\/users\/2"}],"replies":[{"embeddable":true,"href":"http:\/\/www.letourismeaparis.fr\/index.php\/wp-json\/wp\/v2\/comments?post=26605"}],"version-history":[{"count":2,"href":"http:\/\/www.letourismeaparis.fr\/index.php\/wp-json\/wp\/v2\/posts\/26605\/revisions"}],"predecessor-version":[{"id":26608,"href":"http:\/\/www.letourismeaparis.fr\/index.php\/wp-json\/wp\/v2\/posts\/26605\/revisions\/26608"}],"wp:featuredmedia":[{"embeddable":true,"href":"http:\/\/www.letourismeaparis.fr\/index.php\/wp-json\/wp\/v2\/media\/26607"}],"wp:attachment":[{"href":"http:\/\/www.letourismeaparis.fr\/index.php\/wp-json\/wp\/v2\/media?parent=26605"}],"wp:term":[{"taxonomy":"category","embeddable":true,"href":"http:\/\/www.letourismeaparis.fr\/index.php\/wp-json\/wp\/v2\/categories?post=26605"},{"taxonomy":"post_tag","embeddable":true,"href":"http:\/\/www.letourismeaparis.fr\/index.php\/wp-json\/wp\/v2\/tags?post=26605"}],"curies":[{"name":"wp","href":"https:\/\/api.w.org\/{rel}","templated":true}]}}