{"id":26650,"date":"2026-01-28T18:00:35","date_gmt":"2026-01-28T17:00:35","guid":{"rendered":"http:\/\/www.letourismeaparis.fr\/?p=26650"},"modified":"2026-01-28T18:09:34","modified_gmt":"2026-01-28T17:09:34","slug":"rigoletto-au-musee-jacquemart-andre","status":"publish","type":"post","link":"http:\/\/www.letourismeaparis.fr\/index.php\/2026\/01\/28\/rigoletto-au-musee-jacquemart-andre\/","title":{"rendered":"RIGOLETTO AU MUS\u00c9E JACQUEMART ANDR\u00c9"},"content":{"rendered":"\n<p><strong>OP\u00c9RA A PALAZZO <\/strong><\/p>\n\n\n\n<h1 class=\"wp-block-heading\">une soir\u00e9e d\u2019op\u00e9ra dans un lieu d\u2019exception \u00e0 Paris.<\/h1>\n\n\n\n<p><strong>UN CHEF D\u2019\u0152UVRE DE GIUSSEPPE VERDI,<\/strong>LIVRET DE FRANCESCO MARIA PIAVE.<\/p>\n\n\n\n<p>EDIFI\u00c9 \u00c0 A LA FIN DU XIX\u00c8ME SI\u00c8CLE CET H\u00d5TEL OFFRE LA D\u00c9COUVERTE D\u2019ESPACES HABIT\u00c9S AU XIX\u00c8ME. UN \u00c9CRIN INTIME ET MAJESTUEUX .<\/p>\n\n\n\n<p>EDOUARD \u00a0ANDR\u00c9 ET NELLY JACQUEMART ONT PARCOURU L\u2019EUROPE ET L\u2019ORIENT POUR ACQU\u00c9RIR LES \u0152UVRES D\u2019ART LETLES MOBILIERS<\/p>\n\n\n\n<p>L\u2019HISTOIRE CONTE LES D\u00c9BOIRES DE RIGOLETTO,UN BOUFFON DIFORME ET CYNIQUE AU SERVICE DU DUC DE MANTOUE.<\/p>\n\n\n\n<p>MARL\u00c8NE ASSAYAG SOPRANO  MATHILDE LEGRAND MEZZO SOPRANO .&nbsp;YU SHAO T\u00c9NOR JIWON SONG BARYTON JEAN PHILIPPE MC CLISH BASSE YUKO OSAWA PIANISTE ET CHEF DE CHANT JEAN-LUDOVIC PORTEJOIE VIOLONISTE CARLOTTA PERSICO. VIOLONISTE<\/p>\n\n\n\n<p>20H30<\/p>\n\n\n\n<p><a href=\"mailto:reservation@opera-palazzo.com\">reservation@opera-palazzo.com<\/a><\/p>\n\n\n\n<p>Mer. 11 f\u00e9vr.Sam. 14 marsSam. 11 avr.Sam. 30 mai Sam. 13 juin<\/p>\n\n\n\n<p>158 BOULEVARD HAUSSMAN<\/p>\n\n\n\n<p>PARIS 75008<\/p>\n","protected":false},"excerpt":{"rendered":"<p>OP\u00c9RA A PALAZZO une soir\u00e9e d\u2019op\u00e9ra dans un lieu d\u2019exception \u00e0 Paris. UN CHEF D\u2019\u0152UVRE DE GIUSSEPPE VERDI,LIVRET DE FRANCESCO MARIA PIAVE. EDIFI\u00c9 \u00c0 A LA FIN DU XIX\u00c8ME SI\u00c8CLE CET H\u00d5TEL OFFRE LA D\u00c9COUVERTE D\u2019ESPACES HABIT\u00c9S AU XIX\u00c8ME. UN&#8230;<\/p>\n","protected":false},"author":2,"featured_media":26652,"comment_status":"open","ping_status":"open","sticky":false,"template":"","format":"standard","meta":{"ngg_post_thumbnail":0,"jetpack_post_was_ever_published":false,"_jetpack_newsletter_access":"","footnotes":""},"categories":[376,362,365],"tags":[],"class_list":["post-26650","post","type-post","status-publish","format-standard","has-post-thumbnail","hentry","category-chant","category-concerts-musique","category-opera"],"jetpack_featured_media_url":"http:\/\/www.letourismeaparis.fr\/wp-content\/uploads\/2026\/01\/Capture-decran-2026-01-28-a-17.20.18.png","jetpack-related-posts":[{"id":14201,"url":"http:\/\/www.letourismeaparis.fr\/index.php\/2013\/11\/11\/verdi-une-exposition-et-des-concerts-lelephant-paname-deux-pas-de-lopera\/","url_meta":{"origin":26650,"position":0},"title":"VERDI : une exposition et des concerts \u00e0&quot; l&#039;\u00e9l\u00e9phant paname&quot; \u00e0 deux pas de l&#039;Op\u00e9ra","author":"Fabienne TM","date":"11 novembre 2013","format":false,"excerpt":"jusqu\u2019au dimanche 5 janvier 2014 2013, ann\u00e9e du Bicentenaire Giuseppe Verdi. Le plus jou\u00e9 des compositeurs d\u2019op\u00e9ra est, cette ann\u00e9e, f\u00eat\u00e9 dans le monde entier.\u00a0 \u00c9l\u00e9phant Paname,un lieu magnifique d\u00e9di\u00e9 \u00e0 la culture et \u00e0 la danse, construit au XIX\u00e8me si\u00e8cle, \u00e0 deux pas de l\u2019Op\u00e9ra, est toujours impr\u00e9gn\u00e9 de\u2026","rel":"","context":"Dans &quot;Mus\u00e9es \/ Expositions&quot;","block_context":{"text":"Mus\u00e9es \/ Expositions","link":"http:\/\/www.letourismeaparis.fr\/index.php\/category\/culture\/musees-expositions\/"},"img":{"alt_text":"","src":"https:\/\/i0.wp.com\/www.letourismeaparis.fr\/wp-content\/uploads\/2013\/11\/verdi-224x300.jpg?resize=350%2C200","width":350,"height":200},"classes":[]},{"id":23656,"url":"http:\/\/www.letourismeaparis.fr\/index.php\/2019\/09\/12\/la-collection-alana-au-musee-jacquemart-andre-chefs-doeuvre-de-la-peinture-italienne\/","url_meta":{"origin":26650,"position":1},"title":"La collection  Alana au mus\u00e9e Jacquemart Andr\u00e9 , Chefs-d&rsquo;oeuvre de la peinture italienne","author":"Fabienne TM","date":"12 septembre 2019","format":false,"excerpt":"Du 13 septembre 2019 au 20 janvier 2020 le Mus\u00e9e Jacquemart-Andr\u00e9 met \u00e0 l\u2019honneur la Collection Alana, l\u2019une des plus pr\u00e9cieuses et secr\u00e8tes collections priv\u00e9es d\u2019art de la Renaissance italienne au monde, actuellement conserv\u00e9e aux Etats-Unis. Lorenzo Monaco, L'Annonciation (d\u00e9tail), vers 1420-1424, tempera et or sur bois, 169,6 x 120,7\u2026","rel":"","context":"Dans &quot;Non class\u00e9&quot;","block_context":{"text":"Non class\u00e9","link":"http:\/\/www.letourismeaparis.fr\/index.php\/category\/non-classe\/"},"img":{"alt_text":"","src":"https:\/\/i0.wp.com\/www.letourismeaparis.fr\/wp-content\/uploads\/2019\/09\/Capture-d%E2%80%99e%CC%81cran-2019-09-12-a%CC%80-12.43.58.png?resize=350%2C200","width":350,"height":200,"srcset":"https:\/\/i0.wp.com\/www.letourismeaparis.fr\/wp-content\/uploads\/2019\/09\/Capture-d%E2%80%99e%CC%81cran-2019-09-12-a%CC%80-12.43.58.png?resize=350%2C200 1x, https:\/\/i0.wp.com\/www.letourismeaparis.fr\/wp-content\/uploads\/2019\/09\/Capture-d%E2%80%99e%CC%81cran-2019-09-12-a%CC%80-12.43.58.png?resize=525%2C300 1.5x"},"classes":[]},{"id":20001,"url":"http:\/\/www.letourismeaparis.fr\/index.php\/2017\/06\/26\/viva-verdi-au-theatre-des-champs-elysees-les-30-juin-et-1er-juillet\/","url_meta":{"origin":26650,"position":2},"title":"VIVA VERDI au Th\u00e9atre des Champs Elys\u00e9es les 30 juin et 1er juillet","author":"Fabienne TM","date":"26 juin 2017","format":false,"excerpt":"Radio Classique vous fera vivre les plus belles \u00e9motions de l\u2019op\u00e9ra avec l\u2019un des ma\u00eetres incontest\u00e9s du genre. De\u00a0Nabucco\u00a0\u00e0\u00a0La\u00a0Traviata,\u00a0de\u00a0Rigoletto\u00a0\u00e0\u00a0A\u00efda, vous pourrez \u00e9couter les airs d\u2019op\u00e9ra les plus beaux et les plus populaires du Maestro Verdi interpr\u00e9t\u00e9s par les stars d\u2019aujourd\u2019hui et de demain, sous la direction du maestro Giampaolo Bisanti,\u2026","rel":"","context":"Dans &quot;Musique&quot;","block_context":{"text":"Musique","link":"http:\/\/www.letourismeaparis.fr\/index.php\/category\/culture\/concerts-musique\/musique\/"},"img":{"alt_text":"","src":"","width":0,"height":0},"classes":[]},{"id":25762,"url":"http:\/\/www.letourismeaparis.fr\/index.php\/2024\/12\/05\/chefs-doeuvre-de-la-galerie-borghese-au-musee-jacquemart-andre\/","url_meta":{"origin":26650,"position":3},"title":"Chefs-d&rsquo;\u0153uvre de la Galerie Borgh\u00e8se au mus\u00e9e Jacquemart-Andr\u00e9 jusqu&rsquo;au 9 f\u00e9vrier","author":"Fabienne TM","date":"5 d\u00e9cembre 2024","format":false,"excerpt":"le Mus\u00e9e Jacquemart- Andr\u00e9 pr\u00e9sente des chefs-d'\u0153uvre de la c\u00e9l\u00e8bre Galerie Borgh\u00e8se \u00e0 Rome. Une occasion unique d\u2019admirer \u00e0 Paris un ensemble d\u2019\u0153uvres majeures d\u2019artistes c\u00e9l\u00e8bres de la Renaissance et de la p\u00e9riode baroque rarement pr\u00eat\u00e9es \u00e0 l\u2019\u00e9tranger, du Caravage \u00e0 Rubens, en passant par Botticelli, Rapha\u00ebl, Titien, ou encore\u2026","rel":"","context":"Dans &quot;Mus\u00e9es \/ Expositions&quot;","block_context":{"text":"Mus\u00e9es \/ Expositions","link":"http:\/\/www.letourismeaparis.fr\/index.php\/category\/culture\/musees-expositions\/"},"img":{"alt_text":"","src":"https:\/\/i0.wp.com\/www.letourismeaparis.fr\/wp-content\/uploads\/2024\/09\/Capture-decran-2024-09-05-a-18.13.19.png?resize=350%2C200","width":350,"height":200,"srcset":"https:\/\/i0.wp.com\/www.letourismeaparis.fr\/wp-content\/uploads\/2024\/09\/Capture-decran-2024-09-05-a-18.13.19.png?resize=350%2C200 1x, https:\/\/i0.wp.com\/www.letourismeaparis.fr\/wp-content\/uploads\/2024\/09\/Capture-decran-2024-09-05-a-18.13.19.png?resize=525%2C300 1.5x"},"classes":[]},{"id":4343,"url":"http:\/\/www.letourismeaparis.fr\/index.php\/2009\/10\/16\/bruegel-memling-van-eyck-la-collection-brukenthal-aau-musee-jacquemart-andre-jusquau-11-janvier-2010\/","url_meta":{"origin":26650,"position":4},"title":"Bruegel, Memling, Van Eyck&#8230; La collection Brukenthal au mus\u00e9e Jacquemart-Andr\u00e9 jusqu&#039;au 11 janvier 2010","author":"Fabienne TM","date":"16 octobre 2009","format":false,"excerpt":"Le Mus\u00e9e Jacquemart-Andr\u00e9 accueille\u00a0 les chefs-d\u2019\u0153uvre de la collection Brukenthal, l\u2019une des plus prestigieuses d\u2019Europe centrale qui rassemble des \u0153uvres flamandes des plus grands ma\u00eetres du XV\u00e8me si\u00e8cle au XVII\u00e8me si\u00e8cle : Van Eyck, Jordaens, Bruegel, Memling ou Teniers. 158, bd Haussmann 75008 Paris R\u00e9server en ligne pour \u00e9viter les\u2026","rel":"","context":"Dans &quot;Non class\u00e9&quot;","block_context":{"text":"Non class\u00e9","link":"http:\/\/www.letourismeaparis.fr\/index.php\/category\/non-classe\/"},"img":{"alt_text":"","src":"","width":0,"height":0},"classes":[]},{"id":26335,"url":"http:\/\/www.letourismeaparis.fr\/index.php\/2025\/09\/20\/la-traviata-opera-a-palazzo-au-musee-jacquemart-andre\/","url_meta":{"origin":26650,"position":5},"title":"La Traviata &#8211; Opera a Palazzo au Mus\u00e9e JACQUEMART ANDR\u00c9","author":"Fabienne TM","date":"20 septembre 2025","format":false,"excerpt":"Du 21 septembre Au 27 juin 2026 L\u2019op\u00e9ra autrement, en toute intimit\u00e9 dans une lieu d\u2019exception ! Verdi : La Traviata 135 mn ITALIEN Metteur en sc\u00e8ne Patrizia Di Paolo Interpr\u00e8tes Violetta Valery: Aur\u00e9lie Armelle, Emilie-Rose Bry Alfredo Germont: Christophe Poncet de Solages,Shao Yu,Matthieu Justine,Laurent Arcaro, Marc Souchet,Jiwon Song musique\u2026","rel":"","context":"Dans &quot;Concerts \/ Musique&quot;","block_context":{"text":"Concerts \/ Musique","link":"http:\/\/www.letourismeaparis.fr\/index.php\/category\/culture\/concerts-musique\/"},"img":{"alt_text":"","src":"","width":0,"height":0},"classes":[]}],"jetpack_sharing_enabled":true,"jetpack_likes_enabled":true,"_links":{"self":[{"href":"http:\/\/www.letourismeaparis.fr\/index.php\/wp-json\/wp\/v2\/posts\/26650","targetHints":{"allow":["GET"]}}],"collection":[{"href":"http:\/\/www.letourismeaparis.fr\/index.php\/wp-json\/wp\/v2\/posts"}],"about":[{"href":"http:\/\/www.letourismeaparis.fr\/index.php\/wp-json\/wp\/v2\/types\/post"}],"author":[{"embeddable":true,"href":"http:\/\/www.letourismeaparis.fr\/index.php\/wp-json\/wp\/v2\/users\/2"}],"replies":[{"embeddable":true,"href":"http:\/\/www.letourismeaparis.fr\/index.php\/wp-json\/wp\/v2\/comments?post=26650"}],"version-history":[{"count":2,"href":"http:\/\/www.letourismeaparis.fr\/index.php\/wp-json\/wp\/v2\/posts\/26650\/revisions"}],"predecessor-version":[{"id":26653,"href":"http:\/\/www.letourismeaparis.fr\/index.php\/wp-json\/wp\/v2\/posts\/26650\/revisions\/26653"}],"wp:featuredmedia":[{"embeddable":true,"href":"http:\/\/www.letourismeaparis.fr\/index.php\/wp-json\/wp\/v2\/media\/26652"}],"wp:attachment":[{"href":"http:\/\/www.letourismeaparis.fr\/index.php\/wp-json\/wp\/v2\/media?parent=26650"}],"wp:term":[{"taxonomy":"category","embeddable":true,"href":"http:\/\/www.letourismeaparis.fr\/index.php\/wp-json\/wp\/v2\/categories?post=26650"},{"taxonomy":"post_tag","embeddable":true,"href":"http:\/\/www.letourismeaparis.fr\/index.php\/wp-json\/wp\/v2\/tags?post=26650"}],"curies":[{"name":"wp","href":"https:\/\/api.w.org\/{rel}","templated":true}]}}