{"id":2667,"date":"2009-04-17T16:31:10","date_gmt":"2009-04-17T15:31:10","guid":{"rendered":"http:\/\/www.letourismeaparis.fr\/?p=2667"},"modified":"2009-04-17T16:31:10","modified_gmt":"2009-04-17T15:31:10","slug":"promenons-nous-dans-les-jardins","status":"publish","type":"post","link":"http:\/\/www.letourismeaparis.fr\/index.php\/2009\/04\/17\/promenons-nous-dans-les-jardins\/","title":{"rendered":"Promenons nous dans les jardins &#8230;"},"content":{"rendered":"<p>Le parc de la Vall\u00e9e-aux-Loups \u00e0 Ch\u00e2tenay-Malabry<br \/>\nVisites guid\u00e9es de l&rsquo;Arboretum\u00a0 dimanche 19 avril<br \/>\nVisite th\u00e9matique \u00ab\u00a0Le monde merveilleux des fleurs\u00a0\u00bb Samedi 25 avril<br \/>\nRendez-vous \u00e0 14h30 au 102, rue de Chateaubriand \u00e0 Ch\u00e2tenay-Malabry<br \/>\nA L&rsquo;ILE VERTE<br \/>\nVisites guid\u00e9es du jardin<br \/>\nDimanche 19 avril \u00e0 16h30<br \/>\nRendez-vous au 34, rue Eug\u00e8ne Sinet \u00e0 Ch\u00e2tenay-Malabry<br \/>\nLe parc de Sceaux<br \/>\nVenez d\u00e9couvrir ce jardin \u00e0 la fran\u00e7aise.<br \/>\nDimanche 26 avril<br \/>\nRendez-vous \u00e0 14h30<br \/>\nen bas des marches du Ch\u00e2teau, en face de la Grille d\u2019Honneur du parc de Sceaux<br \/>\n&gt; Visite th\u00e9matique \u00ab Le g\u00e9nie de Le N\u00f4tre \u00e0 Sceaux \u00bb<br \/>\nD\u00e9couvrez par la lecture du paysage, l\u2019intime relation qu\u2019entretient ce parc \u00e0 la Fran\u00e7aise, con\u00e7u par Le N\u00f4tre, et la<br \/>\ng\u00e9ographie du site qui le porte.<br \/>\nDimanche 03 mai<br \/>\nRendez-vous \u00e0 14h30<br \/>\nen bas des marches du Ch\u00e2teau, en face de la Grille d\u2019Honneur<br \/>\nParc de l\u2019Ile Saint-Germain \u00e0 Issy-les-Moulineaux<br \/>\n&gt; Visite th\u00e9matique \u00ab Promenade botanique \u00bb<br \/>\nDimanche 26 avril<br \/>\nRendez-vous \u00e0 14h30<br \/>\nau Point informations environnement du parc, 170 quai de Stalingrad<br \/>\nRenseignements au 01 49 73 79 27,<br \/>\nhttp:\/\/www.hauts-de-seine.net<br \/>\nhttp:\/\/www.letourismeaparis.fr<\/p>\n","protected":false},"excerpt":{"rendered":"<p>Le parc de la Vall\u00e9e-aux-Loups \u00e0 Ch\u00e2tenay-Malabry Visites guid\u00e9es de l&rsquo;Arboretum\u00a0 dimanche 19 avril Visite th\u00e9matique \u00ab\u00a0Le monde merveilleux des fleurs\u00a0\u00bb Samedi 25 avril Rendez-vous \u00e0 14h30 au 102, rue de Chateaubriand \u00e0 Ch\u00e2tenay-Malabry A L&rsquo;ILE VERTE Visites guid\u00e9es du&#8230;<\/p>\n","protected":false},"author":2,"featured_media":0,"comment_status":"open","ping_status":"open","sticky":false,"template":"","format":"standard","meta":{"ngg_post_thumbnail":0,"jetpack_post_was_ever_published":false,"_jetpack_newsletter_access":"","footnotes":""},"categories":[1],"tags":[],"class_list":["post-2667","post","type-post","status-publish","format-standard","hentry","category-non-classe"],"jetpack_featured_media_url":"","jetpack-related-posts":[{"id":23954,"url":"http:\/\/www.letourismeaparis.fr\/index.php\/2020\/02\/05\/guide-des-jardins-remarquables-en-ile-de-france\/","url_meta":{"origin":2667,"position":0},"title":"Guide des jardins remarquables en \u00cele de France","author":"Fabienne TM","date":"5 f\u00e9vrier 2020","format":false,"excerpt":"Les \u00c9ditions du patrimoine pr\u00e9sentent le Guide des jardins remarquables en \u00cele de France. 40 jardins \u00e0 d\u00e9couvrir, pour lesquels toutes les informations pratiques sont donn\u00e9es. Une immense diversit\u00e9 de jardins \u00e0 travers toute l\u2019\u00cele-de- France..Le premier guide sur les jardins remarquables, tous ouverts au public. En 2004, le minist\u00e8re\u2026","rel":"","context":"Dans &quot;Jardins \/ Plein air&quot;","block_context":{"text":"Jardins \/ Plein air","link":"http:\/\/www.letourismeaparis.fr\/index.php\/category\/jardins\/"},"img":{"alt_text":"","src":"https:\/\/i0.wp.com\/www.letourismeaparis.fr\/wp-content\/uploads\/2020\/02\/Capture-d%E2%80%99e%CC%81cran-2020-02-05-a%CC%80-10.54.44.png?resize=350%2C200","width":350,"height":200},"classes":[]},{"id":25538,"url":"http:\/\/www.letourismeaparis.fr\/index.php\/2024\/03\/14\/hanami-la-fete-du-printemps-refleurit\/","url_meta":{"origin":2667,"position":1},"title":"HANAMI : LA F\u00caTE DU PRINTEMPS REFLEURIT","author":"Fabienne TM","date":"14 mars 2024","format":false,"excerpt":"AU DOMAINE D\u00c9PARTEMENTAL DE SCEAUX Du 30 mars au 28 avril \u2013 Domaine d\u00e9partemental de Sceaux Le parc du Domaine d\u00e9partemental de Sceaux accueille Hanami, la f\u00eate qui c\u00e9l\u00e8bre les cerisiers en fleur. Un \u00e9v\u00e9nement comme chaque ann\u00e9e tr\u00e8s attendu, qui fera voyager les visiteurs dans le parc et dans\u2026","rel":"","context":"Dans &quot;Agriculture&quot;","block_context":{"text":"Agriculture","link":"http:\/\/www.letourismeaparis.fr\/index.php\/category\/agriculture\/"},"img":{"alt_text":"","src":"https:\/\/i0.wp.com\/www.letourismeaparis.fr\/wp-content\/uploads\/2024\/03\/Capture-decran-2024-03-14-a-16.03.10.png?resize=350%2C200","width":350,"height":200},"classes":[]},{"id":13133,"url":"http:\/\/www.letourismeaparis.fr\/index.php\/2013\/04\/14\/visites-des-jardins-de-paris-en-avril\/","url_meta":{"origin":2667,"position":2},"title":"Visites des jardins de Paris en Avril","author":"Fabienne TM","date":"14 avril 2013","format":false,"excerpt":"LE PARC DE BERCY D\u00e9couverte d'un parc ombrag\u00e9 d'arbres centenaires. Le potager, la roseraie, la vigne et beaucoup d'arbres et arbustes peu courants lui donnent un charme particulier. Rendez-vous: devant les pelouses du parc, place L\u00e9onard-Bernstein, face \u00e0 la cin\u00e9math\u00e8que (m\u00e9tro Bercy). PARC DE BERCY\u00a0\u00a0\u00a0 128 QUAI DE BERCY\u00a0 75012\u2026","rel":"","context":"Dans &quot;Cin\u00e9ma&quot;","block_context":{"text":"Cin\u00e9ma","link":"http:\/\/www.letourismeaparis.fr\/index.php\/category\/spectacle\/cinema\/"},"img":{"alt_text":"","src":"","width":0,"height":0},"classes":[]},{"id":25295,"url":"http:\/\/www.letourismeaparis.fr\/index.php\/2023\/09\/11\/bal-a-grosbois-samedi-16-septembre\/","url_meta":{"origin":2667,"position":3},"title":"Bal \u00e0 Grosbois ,samedi 16 septembre","author":"Fabienne TM","date":"11 septembre 2023","format":false,"excerpt":"Des activit\u00e9s : 10H00 visite guid\u00e9e du centre hippique 14H00 visite guid\u00e9e du ch\u00e2teau 14H30 visite costum\u00e9e du ch\u00e2teau 16H00 visite cont\u00e9e avec marionne\u01a9 es 19H30 d\u00eener et bal 2d Empire DIMANCHE 17 SEPTEMBRE : 11H15-12h45 : visite costum\u00e9e du ch\u00e2teau du CHBSL 11H15-12h30: visite nature dans le parc 12H00-14H00\u2026","rel":"","context":"Dans &quot;bal&quot;","block_context":{"text":"bal","link":"http:\/\/www.letourismeaparis.fr\/index.php\/category\/bal\/"},"img":{"alt_text":"","src":"https:\/\/i0.wp.com\/www.letourismeaparis.fr\/wp-content\/uploads\/2023\/09\/Capture-decran-2023-09-11-a-18.21.28.png?resize=350%2C200","width":350,"height":200,"srcset":"https:\/\/i0.wp.com\/www.letourismeaparis.fr\/wp-content\/uploads\/2023\/09\/Capture-decran-2023-09-11-a-18.21.28.png?resize=350%2C200 1x, https:\/\/i0.wp.com\/www.letourismeaparis.fr\/wp-content\/uploads\/2023\/09\/Capture-decran-2023-09-11-a-18.21.28.png?resize=525%2C300 1.5x, https:\/\/i0.wp.com\/www.letourismeaparis.fr\/wp-content\/uploads\/2023\/09\/Capture-decran-2023-09-11-a-18.21.28.png?resize=700%2C400 2x"},"classes":[]},{"id":13926,"url":"http:\/\/www.letourismeaparis.fr\/index.php\/2013\/09\/18\/la-fete-des-jardins-selection\/","url_meta":{"origin":2667,"position":4},"title":"La F\u00eate des jardins  : s\u00e9lection","author":"Fabienne TM","date":"18 septembre 2013","format":false,"excerpt":"\u00a0 PARC FLORAL DE PARIS \u2028Exposition-promenade g\u00e9raniums et compagnie Ateliers de jardinage \u2013 Reconnaissance des plantes aromatiques\u2028\u2013 Plantes d\u2019appartement et conseils de culture (pavillon 9)\u2028\u2013 Tout savoir sur les Bonsa\u00efs (pavillon 16)\u2028\u2013 Pr\u00e9sentation de la gestion diff\u00e9renci\u00e9e et\u2028de la revalorisation des d\u00e9chets\u2028Apprendre \u00e0 devenir un \u00e9co-jardinier (Jardin Insolite) Exposition \u00ab\u2026","rel":"","context":"Dans &quot;Jardins \/ Plein air&quot;","block_context":{"text":"Jardins \/ Plein air","link":"http:\/\/www.letourismeaparis.fr\/index.php\/category\/jardins\/"},"img":{"alt_text":"","src":"https:\/\/i0.wp.com\/www.letourismeaparis.fr\/wp-content\/uploads\/2013\/09\/fdja-210x300.png?resize=350%2C200","width":350,"height":200},"classes":[]},{"id":7728,"url":"http:\/\/www.letourismeaparis.fr\/index.php\/2010\/06\/04\/rendez-vvous-aux-jardins-les-45-et-6-juin\/","url_meta":{"origin":2667,"position":5},"title":"Rendez-vous aux jardins les 4,5 et 6 juin","author":"Fabienne TM","date":"4 juin 2010","format":false,"excerpt":"En 2010, les \"Rendez-vous aux jardins\" auront lieu les 4, 5 et 6 juin. Le th\u00e8me de ces trois journ\u00e9es sera \"Le jardinier et ses outils\" et le vendredi sera, comme chaque ann\u00e9e, consacr\u00e9 aux scolaires. Jardin du Palais Royal Vendredi 4, samedi 5 et dimanche 6 juin. 6 rue\u2026","rel":"","context":"Dans &quot;Non class\u00e9&quot;","block_context":{"text":"Non class\u00e9","link":"http:\/\/www.letourismeaparis.fr\/index.php\/category\/non-classe\/"},"img":{"alt_text":"","src":"","width":0,"height":0},"classes":[]}],"jetpack_sharing_enabled":true,"jetpack_likes_enabled":true,"_links":{"self":[{"href":"http:\/\/www.letourismeaparis.fr\/index.php\/wp-json\/wp\/v2\/posts\/2667","targetHints":{"allow":["GET"]}}],"collection":[{"href":"http:\/\/www.letourismeaparis.fr\/index.php\/wp-json\/wp\/v2\/posts"}],"about":[{"href":"http:\/\/www.letourismeaparis.fr\/index.php\/wp-json\/wp\/v2\/types\/post"}],"author":[{"embeddable":true,"href":"http:\/\/www.letourismeaparis.fr\/index.php\/wp-json\/wp\/v2\/users\/2"}],"replies":[{"embeddable":true,"href":"http:\/\/www.letourismeaparis.fr\/index.php\/wp-json\/wp\/v2\/comments?post=2667"}],"version-history":[{"count":0,"href":"http:\/\/www.letourismeaparis.fr\/index.php\/wp-json\/wp\/v2\/posts\/2667\/revisions"}],"wp:attachment":[{"href":"http:\/\/www.letourismeaparis.fr\/index.php\/wp-json\/wp\/v2\/media?parent=2667"}],"wp:term":[{"taxonomy":"category","embeddable":true,"href":"http:\/\/www.letourismeaparis.fr\/index.php\/wp-json\/wp\/v2\/categories?post=2667"},{"taxonomy":"post_tag","embeddable":true,"href":"http:\/\/www.letourismeaparis.fr\/index.php\/wp-json\/wp\/v2\/tags?post=2667"}],"curies":[{"name":"wp","href":"https:\/\/api.w.org\/{rel}","templated":true}]}}