{"id":26708,"date":"2026-02-27T18:31:55","date_gmt":"2026-02-27T17:31:55","guid":{"rendered":"http:\/\/www.letourismeaparis.fr\/?p=26708"},"modified":"2026-02-27T18:31:57","modified_gmt":"2026-02-27T17:31:57","slug":"hommage-de-nadia-labrie-a-claude-bollingsalle-cortot-le-6-mars","status":"publish","type":"post","link":"http:\/\/www.letourismeaparis.fr\/index.php\/2026\/02\/27\/hommage-de-nadia-labrie-a-claude-bollingsalle-cortot-le-6-mars\/","title":{"rendered":"Hommage de Nadia Labrie \u00e0 Claude Bolling,Salle Cortot le 6 mars"},"content":{"rendered":"\n<p><strong>Hommage de Nadia Labrie \u00e0 Claude Bolling,Salle Cortot<\/strong> le 6 mars<\/p>\n\n\n\n<p>.Nadia Labrie&nbsp;rend hommage \u00e0&nbsp;Claude Bolling&nbsp;avec&nbsp;Fl\u00fbte Passion, Suite for flute and Jazz Piano Trio &amp; Picnic Suite&nbsp;qui rend hommage en trois cds \u00e0 l&rsquo;oeuvre musicale de ce grand musicien et ses compositions que Jean-Pierre Rampal \u00e0 la fl\u00fbte a rendu immortelles.<\/p>\n\n\n\n<p>Avec&nbsp;Fl\u00fbte Passion, la fl\u00fbtiste canadienne&nbsp;Nadia Labrie&nbsp;relie la musique classique et le jazz dans un exercice qui c\u00e9l\u00e8bre son jeu sensible et sa sonorit\u00e9 si personnelle.<\/p>\n\n\n\n<p>&nbsp;Ce projet discographique, fruit d\u2019une maturit\u00e9 artistique accomplie, invite les m\u00e9lomanes \u00e0 red\u00e9couvrir toute l&rsquo;\u00e9loquence et la brillance de la fl\u00fbte traversi\u00e8re \u00e0 travers des \u0153uvres magistrales.&nbsp;<\/p>\n\n\n\n<p>Avec cet album, j\u2019ai voulu revenir \u00e0 l\u2019essence m\u00eame de mon amour pour la fl\u00fbte. Chaque note est une confidence, chaque mouvement est une parcelle de passion que je souhaite partager avec le public.\u00a0\u00bb a-elle expliqu\u00e9.<\/p>\n\n\n\n<p>\u00a0Salle Cortot 71, rue cortot Paris 75017.  20h<\/p>\n","protected":false},"excerpt":{"rendered":"<p>Hommage de Nadia Labrie \u00e0 Claude Bolling,Salle Cortot le 6 mars .Nadia Labrie&nbsp;rend hommage \u00e0&nbsp;Claude Bolling&nbsp;avec&nbsp;Fl\u00fbte Passion, Suite for flute and Jazz Piano Trio &amp; Picnic Suite&nbsp;qui rend hommage en trois cds \u00e0 l&rsquo;oeuvre musicale de ce grand musicien et&#8230;<\/p>\n","protected":false},"author":2,"featured_media":26712,"comment_status":"open","ping_status":"open","sticky":false,"template":"","format":"standard","meta":{"ngg_post_thumbnail":0,"jetpack_post_was_ever_published":false,"_jetpack_newsletter_access":"","footnotes":""},"categories":[362],"tags":[],"class_list":["post-26708","post","type-post","status-publish","format-standard","has-post-thumbnail","hentry","category-concerts-musique"],"jetpack_featured_media_url":"http:\/\/www.letourismeaparis.fr\/wp-content\/uploads\/2026\/02\/Capture-decran-2026-02-27-a-18.15.01.png","jetpack-related-posts":[{"id":199,"url":"http:\/\/www.letourismeaparis.fr\/index.php\/2008\/06\/20\/la-fete-de-la-musique-selection-n1\/","url_meta":{"origin":26708,"position":0},"title":"La F\u00eate de la musique samedi 21 juin : s\u00e9lection N\u00b01","author":"Fabienne TM","date":"20 juin 2008","format":false,"excerpt":"Paris Advisor Le Tourisme \u00e0 Paris Palais de la D\u00e9couverte, Avenue Franklin Roosevelt, M\u00e9tro Franklin D. Roosevelt 19h00 - 21h00 jazz tous styles Les chants du Ciel et de la Terre : Delambre Big Band invite le choeur des grandes \u00e9coles avec Norig comme invit\u00e9e exceptionnelle (Coltrane, Mingus, Monteverdi Josquin\u2026","rel":"","context":"Dans &quot;Non class\u00e9&quot;","block_context":{"text":"Non class\u00e9","link":"http:\/\/www.letourismeaparis.fr\/index.php\/category\/non-classe\/"},"img":{"alt_text":"","src":"","width":0,"height":0},"classes":[]},{"id":10960,"url":"http:\/\/www.letourismeaparis.fr\/index.php\/2011\/08\/03\/festival-classique-au-vert-2011-au-parc-floral-de-vincennes-samedi-et-dimanche-du-6-aout-au-25-septembre\/","url_meta":{"origin":26708,"position":1},"title":"Festival Classique au Vert 2011  au Parc Floral de Vincennes  samedi et dimanche du 6 ao\u00fbt au 25 septembre","author":"Fabienne TM","date":"3 ao\u00fbt 2011","format":false,"excerpt":"le festival Classique au Vert a consacr\u00e9 la majeure partie de son \u00e9dition 2011 \u00e0 l' Am\u00e9rique Le programme : Samedi 6 ao\u00fbt \u00e0 16h Double clavier Thomas Enhco, piano Vassilena Serafimova, marimba et percussions Mozart, Bach, K Abe, T Enhco, Piazzolla Dimanche 07 ao\u00fbt \u00e0 16h West side quartet\u2026","rel":"","context":"Dans &quot;Non class\u00e9&quot;","block_context":{"text":"Non class\u00e9","link":"http:\/\/www.letourismeaparis.fr\/index.php\/category\/non-classe\/"},"img":{"alt_text":"","src":"https:\/\/i0.wp.com\/www.letourismeaparis.fr\/wp-content\/uploads\/2011\/08\/classique-au-vert.gif?resize=350%2C200","width":350,"height":200},"classes":[]},{"id":10986,"url":"http:\/\/www.letourismeaparis.fr\/index.php\/2011\/08\/16\/festival-classique-au-vert-a-vincennes-les-week-end-dete\/","url_meta":{"origin":26708,"position":2},"title":"Festival classique au vert \u00e0 Vincennes les week-end d&#039;\u00e9t\u00e9","author":"Fabienne TM","date":"16 ao\u00fbt 2011","format":false,"excerpt":"le festival Classique au Vert a consacr\u00e9 la majeure partie de son \u00e9dition 2011 \u00e0 l' Am\u00e9rique Samedi 20 ao\u00fbt \u00e0 16h Le Quatuor am\u00e9ricain Quatuor Voce Sarah Dayan, violon C\u00e9cile Roubin, violon Guillaume Becker, alto Florian Fr\u00e8re, violoncelle Ravel, Piazzolla, El Din, Dvorak\u2026 Dimanche 21 ao\u00fbt \u00e0 16h Hommage\u2026","rel":"","context":"Dans &quot;Non class\u00e9&quot;","block_context":{"text":"Non class\u00e9","link":"http:\/\/www.letourismeaparis.fr\/index.php\/category\/non-classe\/"},"img":{"alt_text":"","src":"","width":0,"height":0},"classes":[]},{"id":14316,"url":"http:\/\/www.letourismeaparis.fr\/index.php\/2013\/12\/12\/grand-bal-swing-la-mairie-du-5eme-samedi-14-decembre\/","url_meta":{"origin":26708,"position":3},"title":"&quot;Grand Bal Swing &quot;\u00e0 la mairie du 5\u00e8me samedi 14 d\u00e9cembre","author":"Fabienne TM","date":"12 d\u00e9cembre 2013","format":false,"excerpt":"le Samedi 14 d\u00e9cembre 2013 de 20h00 \u00e0 22h45. Grand Bal Swing Une soir\u00e9e unique pour danser, \u00e0 la mode des ann\u00e9es swing, au coeur du quartier latin. Pour cl\u00f4turer en beaut\u00e9 le 2\u00e8me T\u00e9l\u00e9thon du Jazz, ce Grand Bal Swing fera chavirer le coeur des parisiens et des touristes\u2026","rel":"","context":"Dans &quot;Danse&quot;","block_context":{"text":"Danse","link":"http:\/\/www.letourismeaparis.fr\/index.php\/category\/spectacle\/danse\/"},"img":{"alt_text":"","src":"","width":0,"height":0},"classes":[]},{"id":4051,"url":"http:\/\/www.letourismeaparis.fr\/index.php\/2009\/10\/12\/concert-jeunes-talents-au-musee-de-la-marine-lundi-12-octobre\/","url_meta":{"origin":26708,"position":4},"title":"Concert &quot;jeunes talents&quot; au mus\u00e9e de la marine lundi 12 octobre","author":"Fabienne TM","date":"12 octobre 2009","format":false,"excerpt":"Lundi 12 octobre 2009, 19h - 20h30 :Victorien Vanoosten, piano\u00a0\u00a0\u00a0\u00a0\u00a0 Trio Safran\u00a0 : Yua Souverbie, fl\u00fbte Claudine Legras, alto Constance Luzzati, harpe\u00a0\u00a0 \u0152uvres de Claude Debussy,\u00a0 Toru Takemitsu Avec la participation des \u00e9tudiants de la classe de musique de chambre du Conservatoire de Paris \u2013 CNSMDP www.musee-marine.fr R\u00e9servation conseill\u00e9e au\u2026","rel":"","context":"Dans &quot;Non class\u00e9&quot;","block_context":{"text":"Non class\u00e9","link":"http:\/\/www.letourismeaparis.fr\/index.php\/category\/non-classe\/"},"img":{"alt_text":"","src":"","width":0,"height":0},"classes":[]},{"id":456,"url":"http:\/\/www.letourismeaparis.fr\/index.php\/2008\/12\/04\/jazz-a-la-maison-de-la-radio-le-samedi-6-decembre\/","url_meta":{"origin":26708,"position":5},"title":"Jazz \u00e0 la maison de la Radio le  samedi 6 d\u00e9cembre","author":"Fabienne TM","date":"4 d\u00e9cembre 2008","format":false,"excerpt":"17h30 Le \"Brass Project\" du saxophoniste St\u00e9phane GUILLAUME St\u00e9phane GUILLAUME, saxophones, fl\u00fbtes\u00a0\u00a0 Fr\u00e9d\u00e9ric FAVAREL, guitare Marc BURONFOSSE, contrebasse\u00a0 Antoine BANVILLE, batterie Claude EGEA, trompette, bugle\u00a0\u00a0 Pierre DREVET, trompette, bugle Denis LELOUP, trombone\u00a0\u00a0 Phil ABRAHAM, trombone Fran\u00e7ois BONHOMME, cor,\u00a0 Eric KARCHER, cor\u00a0 Didier HAVET, tuba Entr\u00e9e libre dans la limite des\u2026","rel":"","context":"Dans &quot;Non class\u00e9&quot;","block_context":{"text":"Non class\u00e9","link":"http:\/\/www.letourismeaparis.fr\/index.php\/category\/non-classe\/"},"img":{"alt_text":"","src":"","width":0,"height":0},"classes":[]}],"jetpack_sharing_enabled":true,"jetpack_likes_enabled":true,"_links":{"self":[{"href":"http:\/\/www.letourismeaparis.fr\/index.php\/wp-json\/wp\/v2\/posts\/26708","targetHints":{"allow":["GET"]}}],"collection":[{"href":"http:\/\/www.letourismeaparis.fr\/index.php\/wp-json\/wp\/v2\/posts"}],"about":[{"href":"http:\/\/www.letourismeaparis.fr\/index.php\/wp-json\/wp\/v2\/types\/post"}],"author":[{"embeddable":true,"href":"http:\/\/www.letourismeaparis.fr\/index.php\/wp-json\/wp\/v2\/users\/2"}],"replies":[{"embeddable":true,"href":"http:\/\/www.letourismeaparis.fr\/index.php\/wp-json\/wp\/v2\/comments?post=26708"}],"version-history":[{"count":2,"href":"http:\/\/www.letourismeaparis.fr\/index.php\/wp-json\/wp\/v2\/posts\/26708\/revisions"}],"predecessor-version":[{"id":26713,"href":"http:\/\/www.letourismeaparis.fr\/index.php\/wp-json\/wp\/v2\/posts\/26708\/revisions\/26713"}],"wp:featuredmedia":[{"embeddable":true,"href":"http:\/\/www.letourismeaparis.fr\/index.php\/wp-json\/wp\/v2\/media\/26712"}],"wp:attachment":[{"href":"http:\/\/www.letourismeaparis.fr\/index.php\/wp-json\/wp\/v2\/media?parent=26708"}],"wp:term":[{"taxonomy":"category","embeddable":true,"href":"http:\/\/www.letourismeaparis.fr\/index.php\/wp-json\/wp\/v2\/categories?post=26708"},{"taxonomy":"post_tag","embeddable":true,"href":"http:\/\/www.letourismeaparis.fr\/index.php\/wp-json\/wp\/v2\/tags?post=26708"}],"curies":[{"name":"wp","href":"https:\/\/api.w.org\/{rel}","templated":true}]}}