{"id":2672,"date":"2009-04-20T10:22:13","date_gmt":"2009-04-20T09:22:13","guid":{"rendered":"http:\/\/www.letourismeaparis.fr\/?p=2672"},"modified":"2009-04-20T10:22:13","modified_gmt":"2009-04-20T09:22:13","slug":"musee-des-impressionnismes-giverny","status":"publish","type":"post","link":"http:\/\/www.letourismeaparis.fr\/index.php\/2009\/04\/20\/musee-des-impressionnismes-giverny\/","title":{"rendered":"Mus\u00e9e des impressionnismes &#8211; Giverny"},"content":{"rendered":"<p>A Partir du 1er mai 2009, le mus\u00e9e des impressionnismes r\u00e9-ouvre ses portes pour le plus grand bonheur des amateurs de Monet.<br \/>\nVenez appr\u00e9cier les plus belles \u0153uvres de Claude Monet dans un cadre magnifique, et d\u00e9couvrez d&rsquo;o\u00f9 le p\u00e8re du mouvement impressionniste \u00e0 tir\u00e9 son inspiration.<\/p>\n<p style=\"text-align: center;\"><img loading=\"lazy\" decoding=\"async\" class=\"size-medium wp-image-2679 aligncenter\" title=\"monetnenuphars1\" src=\"http:\/\/www.letourismeaparis.fr\/wp-content\/uploads\/2009\/04\/monetnenuphars1-300x293.jpg\" alt=\"monetnenuphars1\" width=\"300\" height=\"293\" \/><\/p>\n<p><a href=\"http:\/\/www.museedesimpressionnismesgiverny.com\/\">http:\/\/www.museedesimpressionnismesgiverny.com\/<\/a><\/p>\n","protected":false},"excerpt":{"rendered":"<p>A Partir du 1er mai 2009, le mus\u00e9e des impressionnismes r\u00e9-ouvre ses portes pour le plus grand bonheur des amateurs de Monet. Venez appr\u00e9cier les plus belles \u0153uvres de Claude Monet dans un cadre magnifique, et d\u00e9couvrez d&rsquo;o\u00f9 le p\u00e8re&#8230;<\/p>\n","protected":false},"author":2,"featured_media":0,"comment_status":"open","ping_status":"open","sticky":false,"template":"","format":"standard","meta":{"ngg_post_thumbnail":0,"jetpack_post_was_ever_published":false,"_jetpack_newsletter_access":"","footnotes":""},"categories":[1],"tags":[],"class_list":["post-2672","post","type-post","status-publish","format-standard","hentry","category-non-classe"],"jetpack_featured_media_url":"","jetpack-related-posts":[{"id":1854,"url":"http:\/\/www.letourismeaparis.fr\/index.php\/2009\/02\/09\/monet-loeil-impressionniste-au-musee-marmottan-jusquau-15-fevrier\/","url_meta":{"origin":2672,"position":0},"title":"\u00ab Monet: L\u2019\u0153il impressionniste \u00bb au mus\u00e9e Marmottan jusqu&#039;au 15 f\u00e9vrier","author":"Fabienne TM","date":"9 f\u00e9vrier 2009","format":false,"excerpt":"\u00ab Monet: L\u2019\u0153il impressionniste \u00bb pr\u00e9sente une soixantaine d\u2019\u0153uvres en provenance d\u2019institutions diverses et de nos propres collections. Claude Monet cherchait \u00e0 fixer sur la toile des instants pr\u00e9cis dans des conditions de vision diminu\u00e9es \u00e0 la fin de sa vie. Cette exposition essayera avec l\u2019appui des connaissances scientifiques les\u2026","rel":"","context":"Dans &quot;Non class\u00e9&quot;","block_context":{"text":"Non class\u00e9","link":"http:\/\/www.letourismeaparis.fr\/index.php\/category\/non-classe\/"},"img":{"alt_text":"","src":"","width":0,"height":0},"classes":[]},{"id":15752,"url":"http:\/\/www.letourismeaparis.fr\/index.php\/2014\/12\/15\/impression-soleil-levant-lhistoire-vraie-du-chef-doeuvre-de-claude-monet-jusquau-au-18-janvier-2015\/","url_meta":{"origin":2672,"position":1},"title":"Impression, soleil levant L&#039;histoire vraie du chef-d&#039;oeuvre de Claude Monet   jusqu&#039;au au 18 janvier 2015","author":"Fabienne TM","date":"15 d\u00e9cembre 2014","format":false,"excerpt":"\u00a0 Impression, soleil levant, la toile qui a donn\u00e9 son nom \u00e0 l'impressionnisme et qui est le fleuron des collections du mus\u00e9e Marmottan Monet, est l'une des\u00a0 peintures les plus c\u00e9l\u00e8bres au monde \u00a0 Dans le cadre du 80\u00e8me\u00a0anniversaire de l'ouverture du mus\u00e9e Marmottan au public et \u00e0 l'occasion du\u2026","rel":"","context":"Dans &quot;Non class\u00e9&quot;","block_context":{"text":"Non class\u00e9","link":"http:\/\/www.letourismeaparis.fr\/index.php\/category\/non-classe\/"},"img":{"alt_text":"","src":"https:\/\/i0.wp.com\/www.letourismeaparis.fr\/wp-content\/uploads\/2014\/09\/monet-205x300.jpg?resize=350%2C200","width":350,"height":200},"classes":[]},{"id":8637,"url":"http:\/\/www.letourismeaparis.fr\/index.php\/2011\/01\/09\/claude-monet-au-grand-palais\/","url_meta":{"origin":2672,"position":2},"title":"Claude Monet au Grand Palais","author":"Fabienne TM","date":"9 janvier 2011","format":false,"excerpt":"CLAUDE MONET (1840-1926) - Claude Monet (1840-1926) jusqu' au 24\/01\/2011 .\"Pendant plus de 60 ans, Claude Monet a peint sans rel\u00e2che. Son oeuvre, plac\u00e9e sous le signe du r\u00e9alisme dans les ann\u00e9es 1860, incarne ensuite la plus pure expression de l'impressionnisme, puis devient au XXe si\u00e8cle l'un des fondements de\u2026","rel":"","context":"Dans &quot;Non class\u00e9&quot;","block_context":{"text":"Non class\u00e9","link":"http:\/\/www.letourismeaparis.fr\/index.php\/category\/non-classe\/"},"img":{"alt_text":"","src":"","width":0,"height":0},"classes":[]},{"id":19501,"url":"http:\/\/www.letourismeaparis.fr\/index.php\/2017\/03\/18\/camille-pissarro-le-premier-des-impressionnistesau-musee-marmottan\/","url_meta":{"origin":2672,"position":3},"title":"CAMILLE PISSARRO &quot;LE PREMIER DES IMPRESSIONNISTES&quot;au mus\u00e9e Marmottan","author":"Fabienne TM","date":"18 mars 2017","format":false,"excerpt":"nistesCAMILLE PISSARRO \"LE PREMIER DES IMPRESSIONNISTES\" \u00a0 Du 23 f\u00e9vrier au 2 juillet 2017 \u00a0 Le mus\u00e9e Marmottan Monet pr\u00e9sente, du 23 f\u00e9vrier au 2 juillet 2017, la premi\u00e8re exposition monographique Camille Pissarro organis\u00e9e \u00e0 Paris depuis 36 ans. Quelque soixante-quinze de ses chefs-d\u2019\u0153uvre, peintures et temp\u00e9ras, provenant des plus\u2026","rel":"","context":"Dans &quot;Mus\u00e9es \/ Expositions&quot;","block_context":{"text":"Mus\u00e9es \/ Expositions","link":"http:\/\/www.letourismeaparis.fr\/index.php\/category\/culture\/musees-expositions\/"},"img":{"alt_text":"","src":"https:\/\/i0.wp.com\/www.letourismeaparis.fr\/wp-content\/uploads\/2017\/02\/Capture-d%C3%A2%C2%80%C2%99e%C3%8C%C2%81cran-2017-02-22-a%C3%8C%C2%80-13.09.57.png?resize=350%2C200","width":350,"height":200},"classes":[]},{"id":8638,"url":"http:\/\/www.letourismeaparis.fr\/index.php\/2010\/09\/30\/claude-monet-1840-1926-du-22092010-au-24012011\/","url_meta":{"origin":2672,"position":4},"title":"Claude Monet (1840-1926) Du 22\/09\/2010 au 24\/01\/2011","author":"Fabienne TM","date":"30 septembre 2010","format":false,"excerpt":"CLAUDE MONET (1840-1926) - ILE DE FRANCE Claude Monet a peint sans rel\u00e2che plus de 60 ans. Son oeuvre, plac\u00e9e sous le signe du r\u00e9alisme dans les ann\u00e9es 1860, incarne ensuite\" la plus pure expression de l'impressionnisme, puis devient au XXe si\u00e8cle l'un des fondements de l'art moderne.\" L'exposition\u00a0 R\u00e9unit\u2026","rel":"","context":"Dans &quot;Non class\u00e9&quot;","block_context":{"text":"Non class\u00e9","link":"http:\/\/www.letourismeaparis.fr\/index.php\/category\/non-classe\/"},"img":{"alt_text":"","src":"","width":0,"height":0},"classes":[]},{"id":12097,"url":"http:\/\/www.letourismeaparis.fr\/index.php\/2012\/01\/01\/le-cercle-de-lart-moderne-collectionneurs-davant-garde-au-havre-au-musee-du-luxembourg-a-ne-pas-manquer\/","url_meta":{"origin":2672,"position":5},"title":"Le Cercle de l\u2019art moderne ,collectionneurs d\u2019avant-garde au Havre au mus\u00e9e du Luxembourg : \u00e0 ne pas manquer ! jusqu&#039;au 6 janvier","author":"Fabienne TM","date":"1 janvier 2012","format":false,"excerpt":"Le Cercle de l\u2019art moderne collectionneurs d\u2019avant-garde au Havre au mus\u00e9e du Luxembourg Au milieu du XIX\u00e8me si\u00e8cle, Le Havre conna\u00eet un formidable essor. Une nouvelle g\u00e9n\u00e9ration de collectionneurs appara\u00eet :Olivier Senn (1864-1959), Charles-Auguste Marande (1858-1936), Georges Dussueil (1848-1926) Pieter Van der Velde (1848-1922) et Franz Edouard L\u00fcthy (1847-1919) notamment.\u2026","rel":"","context":"Dans &quot;Non class\u00e9&quot;","block_context":{"text":"Non class\u00e9","link":"http:\/\/www.letourismeaparis.fr\/index.php\/category\/non-classe\/"},"img":{"alt_text":"","src":"","width":0,"height":0},"classes":[]}],"jetpack_sharing_enabled":true,"jetpack_likes_enabled":true,"_links":{"self":[{"href":"http:\/\/www.letourismeaparis.fr\/index.php\/wp-json\/wp\/v2\/posts\/2672","targetHints":{"allow":["GET"]}}],"collection":[{"href":"http:\/\/www.letourismeaparis.fr\/index.php\/wp-json\/wp\/v2\/posts"}],"about":[{"href":"http:\/\/www.letourismeaparis.fr\/index.php\/wp-json\/wp\/v2\/types\/post"}],"author":[{"embeddable":true,"href":"http:\/\/www.letourismeaparis.fr\/index.php\/wp-json\/wp\/v2\/users\/2"}],"replies":[{"embeddable":true,"href":"http:\/\/www.letourismeaparis.fr\/index.php\/wp-json\/wp\/v2\/comments?post=2672"}],"version-history":[{"count":0,"href":"http:\/\/www.letourismeaparis.fr\/index.php\/wp-json\/wp\/v2\/posts\/2672\/revisions"}],"wp:attachment":[{"href":"http:\/\/www.letourismeaparis.fr\/index.php\/wp-json\/wp\/v2\/media?parent=2672"}],"wp:term":[{"taxonomy":"category","embeddable":true,"href":"http:\/\/www.letourismeaparis.fr\/index.php\/wp-json\/wp\/v2\/categories?post=2672"},{"taxonomy":"post_tag","embeddable":true,"href":"http:\/\/www.letourismeaparis.fr\/index.php\/wp-json\/wp\/v2\/tags?post=2672"}],"curies":[{"name":"wp","href":"https:\/\/api.w.org\/{rel}","templated":true}]}}