{"id":26754,"date":"2026-04-30T15:31:06","date_gmt":"2026-04-30T13:31:06","guid":{"rendered":"http:\/\/www.letourismeaparis.fr\/?p=26754"},"modified":"2026-04-30T15:32:38","modified_gmt":"2026-04-30T13:32:38","slug":"les-folies-musicales-du-chatelet-tributes-to-bach","status":"publish","type":"post","link":"http:\/\/www.letourismeaparis.fr\/index.php\/2026\/04\/30\/les-folies-musicales-du-chatelet-tributes-to-bach\/","title":{"rendered":"Les Folies musicales du Ch\u00e2telet, \u00ab\u00a0Tributes to Bach\u00a0\u00bb"},"content":{"rendered":"\n<p>de l\u2019Orchestre de chambre de Paris, au Th\u00e9\u00e2tre du Ch\u00e2telet le mercredi 6 mai \u00e0 20h.<\/p>\n\n\n\n<p>&nbsp;Un dialogue entre les \u0153uvres de Bach et des cr\u00e9ations contemporaines, notamment celles de Lakshminarayana Subramaniam, pour une soir\u00e9e plac\u00e9e sous le signe du m\u00e9tissage musical et de la virtuosit\u00e9. Vous trouverez le programme et la distribution ci-dessous.<\/p>\n\n\n\n<p>Au programme, des \u0153uvres de Bach et Mendelssohn, ainsi que deux pi\u00e8ces de Lakshminarayana Subramaniam, dont un concerto pour violon indien et orchestre. Le concert sera dirig\u00e9 par G\u00e1bor Tak\u00e1cs-Nagy, avec la participation de Dr. L. Subramaniam et Ambi Subramaniam au violon.<\/p>\n\n\n\n<hr class=\"wp-block-separator has-alpha-channel-opacity\"\/>\n\n\n\n<p><\/p>\n\n\n\n<p>BACH<\/p>\n\n\n\n<p>Concerto pour hautbois et violon en r\u00e9 mineur, BWV 1060R<\/p>\n\n\n\n<p>MENDELSSOHN<\/p>\n\n\n\n<p>Symphonie n\u00b0 3 en la mineur \u00ab \u00c9cossaise \u00bb, op. 56<\/p>\n\n\n\n<p>LAKSHMINARAYANA SUBRAMANIAM<\/p>\n\n\n\n<p>Paris Concerto, concerto pour violon indien et orchestre<\/p>\n\n\n\n<p>Orchestre de chambre de Paris<\/p>\n\n\n\n<p>Mercredi 6 mai 2026 \u00e0 20h<\/p>\n\n\n\n<p>Th\u00e9\u00e2tre du Ch\u00e2telet<\/p>\n\n\n\n<p><\/p>\n\n\n\n<p><\/p>\n\n\n\n<p><\/p>\n\n\n\n<p><\/p>\n\n\n\n<blockquote class=\"wp-block-quote is-layout-flow wp-block-quote-is-layout-flow\">\n<p><\/p>\n<\/blockquote>\n","protected":false},"excerpt":{"rendered":"<p>de l\u2019Orchestre de chambre de Paris, au Th\u00e9\u00e2tre du Ch\u00e2telet le mercredi 6 mai \u00e0 20h. &nbsp;Un dialogue entre les \u0153uvres de Bach et des cr\u00e9ations contemporaines, notamment celles de Lakshminarayana Subramaniam, pour une soir\u00e9e plac\u00e9e sous le signe du&#8230;<\/p>\n","protected":false},"author":2,"featured_media":26757,"comment_status":"open","ping_status":"open","sticky":false,"template":"","format":"standard","meta":{"ngg_post_thumbnail":0,"jetpack_post_was_ever_published":false,"_jetpack_newsletter_access":"","footnotes":""},"categories":[39],"tags":[],"class_list":["post-26754","post","type-post","status-publish","format-standard","has-post-thumbnail","hentry","category-musique"],"jetpack_featured_media_url":"http:\/\/www.letourismeaparis.fr\/wp-content\/uploads\/2026\/04\/Capture-decran-2026-04-30-a-15.28.41.png","jetpack-related-posts":[{"id":19348,"url":"http:\/\/www.letourismeaparis.fr\/index.php\/2016\/12\/30\/42nd-street-au-chatelet-une-superbe-comedie-musicale\/","url_meta":{"origin":26754,"position":0},"title":"42nd Street au ch\u00e2telet : une superbe com\u00e9die musicale !","author":"Fabienne TM","date":"30 d\u00e9cembre 2016","format":false,"excerpt":"\u00a0 C\u2019est avec une \u0153uvre pleine de charme que l\u2019on passera les f\u00eates de fin d\u2019ann\u00e9e. Embl\u00e8me des \u00ab\u00a0backstages musicals\u00a0\u00bb am\u00e9ricains, ces com\u00e9dies musicales qui racontent la pr\u00e9paration d\u2019un spectacle, 42nd Street se d\u00e9roule juste apr\u00e8s la crise financi\u00e8re de 1929 : un producteur mise sur un nouveau show, mais\u2026","rel":"","context":"Dans &quot;Non class\u00e9&quot;","block_context":{"text":"Non class\u00e9","link":"http:\/\/www.letourismeaparis.fr\/index.php\/category\/non-classe\/"},"img":{"alt_text":"","src":"","width":0,"height":0},"classes":[]},{"id":156,"url":"http:\/\/www.letourismeaparis.fr\/index.php\/2008\/06\/03\/0806-une-fete-en-chansons-atout-coeur-denfants-au-chatelet\/","url_meta":{"origin":26754,"position":1},"title":"08\/06 Une f\u00eate en chansons :ATOUT COEUR D&#039;ENFANTS AU CH\u00c2TELET","author":"Fabienne TM","date":"3 juin 2008","format":false,"excerpt":"LE TOURISME A PARIS PARIS ADVISOR Th\u00e9atre musical de Paris du Ch\u00e2telet, Dimanche 8 juin \u00e0 14h au grand foyer se produiront : Le choeur d'enfants des M\u00e9tallos, les Polysons Fugue et Mandarine Gratuit. Les billets sont d\u00e9livr\u00e9s \u00e0 partir de 13 h Th\u00e9atre du Ch\u00e2telet, Place du Ch\u00e2telet Paris\u2026","rel":"","context":"Dans &quot;Non class\u00e9&quot;","block_context":{"text":"Non class\u00e9","link":"http:\/\/www.letourismeaparis.fr\/index.php\/category\/non-classe\/"},"img":{"alt_text":"","src":"","width":0,"height":0},"classes":[]},{"id":335,"url":"http:\/\/www.letourismeaparis.fr\/index.php\/2008\/09\/11\/tanguera-spectacle-de-tango-argentin-au-theatre-du-chatelet\/","url_meta":{"origin":26754,"position":2},"title":"Tanguera,  spectacle de tango argentin au  Th\u00e9atre du Ch\u00e2telet","author":"Fabienne TM","date":"11 septembre 2008","format":false,"excerpt":"Du 2 au 21 septembre 2008. \"Une com\u00e9die musicale o\u00f9 la passion et la sensualit\u00e9 s'incarnent dans la danse et le chant : Tanguera offre un retour aux racines du tango et nous plonge dans l'ambiance \u00e9lectrique des quartiers populaires de Buenos Aires. Un spectacle argentin incandescent !\" Th\u00e9\u00e2tre du\u2026","rel":"","context":"Dans &quot;Non class\u00e9&quot;","block_context":{"text":"Non class\u00e9","link":"http:\/\/www.letourismeaparis.fr\/index.php\/category\/non-classe\/"},"img":{"alt_text":"","src":"","width":0,"height":0},"classes":[]},{"id":5166,"url":"http:\/\/www.letourismeaparis.fr\/index.php\/2009\/11\/13\/zorro-le-musical-aux-folies-bergeres-un-tres-bon-spectacle\/","url_meta":{"origin":26754,"position":3},"title":"Zorro le musical aux Folies Berg\u00e8res : un tr\u00e8s bon spectacle !","author":"Fabienne TM","date":"13 novembre 2009","format":false,"excerpt":"Stage Entertainment a choisi de produire pour la premi\u00e8re fois le musical ZORRO.Rythm\u00e9 par les plus grands succ\u00e8s des Gipsy Kings, ZORRO r\u00e9unit chants, danse flamenco, combats \u00e0 l'\u00e9p\u00e9e, cascades, romance et aventure. un superbe spectacle \u00e0 voir en famille ! http:\/\/www.zorro-lemusical.fr\/ Les Folies berg\u00e8res 32, rue\u00a0 Richer Paris 75009","rel":"","context":"Dans &quot;Non class\u00e9&quot;","block_context":{"text":"Non class\u00e9","link":"http:\/\/www.letourismeaparis.fr\/index.php\/category\/non-classe\/"},"img":{"alt_text":"","src":"","width":0,"height":0},"classes":[]},{"id":2572,"url":"http:\/\/www.letourismeaparis.fr\/index.php\/2009\/04\/10\/concert-exceptionnel-au-theatre-du-chatelet-au-benefice-de-lunicef-le-1104\/","url_meta":{"origin":26754,"position":4},"title":"Concert exceptionnel au Th\u00e9\u00e2tre du Ch\u00e2telet, au b\u00e9n\u00e9fice de l&#039;UNICEF le 11\/04","author":"Fabienne TM","date":"10 avril 2009","format":false,"excerpt":"Samedi 11 avril 2009, \u00e0 20h, l'Orchestre Philharmonique de Radio France donnera un concert exceptionnel au Th\u00e9\u00e2tre du Ch\u00e2telet, au b\u00e9n\u00e9fice de l'UNICEF. Sous la direction musicale de Myung-Whun Chung, Ambassadeur international de l'UNICEF, l'Orchestre Philharmonique de Radio France sera accompagn\u00e9 par trois solistes, Natalie Dessay, Laurent Naouri et St\u00e9phane\u2026","rel":"","context":"Dans &quot;Non class\u00e9&quot;","block_context":{"text":"Non class\u00e9","link":"http:\/\/www.letourismeaparis.fr\/index.php\/category\/non-classe\/"},"img":{"alt_text":"","src":"","width":0,"height":0},"classes":[]},{"id":283,"url":"http:\/\/www.letourismeaparis.fr\/index.php\/2008\/07\/24\/dom-tom-folies-le-2507\/","url_meta":{"origin":26754,"position":5},"title":"DOM TOM FOLIES  le 25\/07","author":"Fabienne TM","date":"24 juillet 2008","format":false,"excerpt":"Paris Advisor Le Tourisme \u00e0 Paris DOM TOM FOLIES 2008 Le 25 juillet 2008\u00e0 21h \"Soir\u00e9e exceptionnelle : sept des neuf s\u00e9lectionn\u00e9s des Dom Tom Folies 2008 se produiront au SATELLIT Caf\u00e9 pour un grand moment d'\u00e9motion DOM TOM FLIES est n\u00e9e d'une belle histoire initi\u00e9e par RFO : faire\u2026","rel":"","context":"Dans &quot;Non class\u00e9&quot;","block_context":{"text":"Non class\u00e9","link":"http:\/\/www.letourismeaparis.fr\/index.php\/category\/non-classe\/"},"img":{"alt_text":"","src":"","width":0,"height":0},"classes":[]}],"jetpack_sharing_enabled":true,"jetpack_likes_enabled":true,"_links":{"self":[{"href":"http:\/\/www.letourismeaparis.fr\/index.php\/wp-json\/wp\/v2\/posts\/26754","targetHints":{"allow":["GET"]}}],"collection":[{"href":"http:\/\/www.letourismeaparis.fr\/index.php\/wp-json\/wp\/v2\/posts"}],"about":[{"href":"http:\/\/www.letourismeaparis.fr\/index.php\/wp-json\/wp\/v2\/types\/post"}],"author":[{"embeddable":true,"href":"http:\/\/www.letourismeaparis.fr\/index.php\/wp-json\/wp\/v2\/users\/2"}],"replies":[{"embeddable":true,"href":"http:\/\/www.letourismeaparis.fr\/index.php\/wp-json\/wp\/v2\/comments?post=26754"}],"version-history":[{"count":3,"href":"http:\/\/www.letourismeaparis.fr\/index.php\/wp-json\/wp\/v2\/posts\/26754\/revisions"}],"predecessor-version":[{"id":26759,"href":"http:\/\/www.letourismeaparis.fr\/index.php\/wp-json\/wp\/v2\/posts\/26754\/revisions\/26759"}],"wp:featuredmedia":[{"embeddable":true,"href":"http:\/\/www.letourismeaparis.fr\/index.php\/wp-json\/wp\/v2\/media\/26757"}],"wp:attachment":[{"href":"http:\/\/www.letourismeaparis.fr\/index.php\/wp-json\/wp\/v2\/media?parent=26754"}],"wp:term":[{"taxonomy":"category","embeddable":true,"href":"http:\/\/www.letourismeaparis.fr\/index.php\/wp-json\/wp\/v2\/categories?post=26754"},{"taxonomy":"post_tag","embeddable":true,"href":"http:\/\/www.letourismeaparis.fr\/index.php\/wp-json\/wp\/v2\/tags?post=26754"}],"curies":[{"name":"wp","href":"https:\/\/api.w.org\/{rel}","templated":true}]}}