{"id":26760,"date":"2026-04-30T17:00:12","date_gmt":"2026-04-30T15:00:12","guid":{"rendered":"http:\/\/www.letourismeaparis.fr\/?p=26760"},"modified":"2026-04-30T17:02:52","modified_gmt":"2026-04-30T15:02:52","slug":"de-sevres-aux-rothschild-histoire-dune-fascination-aux-gobelins","status":"publish","type":"post","link":"http:\/\/www.letourismeaparis.fr\/index.php\/2026\/04\/30\/de-sevres-aux-rothschild-histoire-dune-fascination-aux-gobelins\/","title":{"rendered":"De S\u00e8vres aux Rothschild : histoire d\u2019une fascination aux Gobelins"},"content":{"rendered":"\n<p>Une superbe exposition !<\/p>\n\n\n\n<p>\u00ab\u00a0Au sein de la famille Rothschild, les collections se cr\u00e9ent et se transmettent de g\u00e9n\u00e9ration en g\u00e9n\u00e9ration.\u00a0Gr\u00e2ce sa g\u00e9n\u00e9rosit\u00e9, nombre de ces tr\u00e9sors ont rejoint les collections publiques fran\u00e7aises et de grands mus\u00e9es internationaux.<\/p>\n\n\n\n<hr class=\"wp-block-separator has-alpha-channel-opacity\"\/>\n\n\n\n<p>De Francfort \u00e0 Paris, en passant par Vienne, Naples ou Londres, les Rothschild ont r\u00e9uni parmi les plus spectaculaires porcelaines de S\u00e8vres du XVIII\u1d49 si\u00e8cle : vases aux formes de vaisseaux, d\u2019animaux ou d\u2019architectures, aux couleurs \u00e9clatantes et aux d\u00e9cors virtuoses. Pr\u00e9sent\u00e9es dans une sc\u00e9nographie immersive, ces \u0153uvres dialoguent avec des archives in\u00e9dites et des int\u00e9rieurs reconstitu\u00e9s.&nbsp;\u00bb<\/p>\n\n\n\n<p>L\u2019\u2019exposition propose un parcours en neuf sections qui \u00a0retrace l\u2019histoire de ces chefs-d\u2019\u0153uvre, tout en \u00e9voquant les spoliations subies par la famille, gr\u00e2ce \u00e0 des pr\u00eats exceptionnels de grandes institutions fran\u00e7aises et internationales.<\/p>\n\n\n\n<p>Le samedi 23 mai, une soir\u00e9e invite les visiteurs \u00e0 d\u00e9couvrir l\u2019exposition en famille ou entre amis \u00e0 travers des ateliers d\u2019initiation, des d\u00e9monstrations de savoir-faire, des rencontres avec des artisans et des temps d\u2019\u00e9changes.<\/p>\n\n\n\n<hr class=\"wp-block-separator has-alpha-channel-opacity\"\/>\n\n\n\n<p>Galerie des Gobelins, 42 avenue des Gobelins, 75013 Paris<\/p>\n\n\n\n<p>Du mardi au dimanche de 11h \u00e0 18h, derni\u00e8re entr\u00e9e 17h15.<\/p>\n\n\n\n<p>Ferm\u00e9 le 1er mai 2026.<\/p>\n\n\n\n<p>Ouvert le samedi 23 mai 2025 en nocturne de 19h \u00e0 23h \u00e0 l\u2019occasion de la Nuit des mus\u00e9es.<\/p>\n\n\n\n<p><\/p>\n\n\n\n<p><\/p>\n\n\n\n<p><\/p>\n\n\n\n<p><\/p>\n\n\n\n<p><\/p>\n","protected":false},"excerpt":{"rendered":"<p>Une superbe exposition ! \u00ab\u00a0Au sein de la famille Rothschild, les collections se cr\u00e9ent et se transmettent de g\u00e9n\u00e9ration en g\u00e9n\u00e9ration.\u00a0Gr\u00e2ce sa g\u00e9n\u00e9rosit\u00e9, nombre de ces tr\u00e9sors ont rejoint les collections publiques fran\u00e7aises et de grands mus\u00e9es internationaux. De Francfort&#8230;<\/p>\n","protected":false},"author":2,"featured_media":26761,"comment_status":"open","ping_status":"open","sticky":false,"template":"","format":"standard","meta":{"ngg_post_thumbnail":0,"jetpack_post_was_ever_published":false,"_jetpack_newsletter_access":"","footnotes":""},"categories":[9,363,28,27],"tags":[],"class_list":["post-26760","post","type-post","status-publish","format-standard","has-post-thumbnail","hentry","category-beaux-arts","category-culture","category-familles","category-musees-expositions"],"jetpack_featured_media_url":"http:\/\/www.letourismeaparis.fr\/wp-content\/uploads\/2026\/04\/Capture-decran-2026-04-30-a-15.46.22.png","jetpack-related-posts":[{"id":12454,"url":"http:\/\/www.letourismeaparis.fr\/index.php\/2013\/02\/04\/les-rothschild-en-france-au-xixe-siecle-jusqu-au-10-fevrier-2013-bnf-richelieu\/","url_meta":{"origin":26760,"position":0},"title":"Les Rothschild en France au XIXe si\u00e8cle jusqu&#039; au 10 f\u00e9vrier 2013  ( BNF  Richelieu)","author":"Fabienne TM","date":"4 f\u00e9vrier 2013","format":false,"excerpt":"Lorsqu\u2019en 1811, James de Rothschild arrive en France, il a 19 ans. Son talent dans les affaires le d\u00e9signe rapidement comme un des acteurs \u00e9minents du monde de la haute banque. Avec lui, des banquiers, venus de toute l\u2019Europe, vont faire de Paris une grande place de la finance, et\u2026","rel":"","context":"Dans &quot;Non class\u00e9&quot;","block_context":{"text":"Non class\u00e9","link":"http:\/\/www.letourismeaparis.fr\/index.php\/category\/non-classe\/"},"img":{"alt_text":"","src":"","width":0,"height":0},"classes":[]},{"id":3461,"url":"http:\/\/www.letourismeaparis.fr\/index.php\/2009\/06\/30\/le-jardin-de-lhotel-salomon-de-rothschild\/","url_meta":{"origin":26760,"position":1},"title":"Le jardin de l\u2019H\u00f4tel Salomon de Rothschild","author":"Fabienne TM","date":"30 juin 2009","format":false,"excerpt":"Le jardin de l\u2019H\u00f4tel Salomon de Rothschild rouvre ses portes :un joli jardin\u00a0 compos\u00e9 d\u2019une grande pelouse ponctu\u00e9e de marronniers, de massifs de buis, de tro\u00e8nes, de forsythias et de seringats. Le jardin est ouvert de 10h \u00e0 17h l\u2019hiver et de 10h \u00e0 19h l\u2019\u00e9t\u00e9. Acc\u00e8s par le 12,\u2026","rel":"","context":"Dans &quot;Non class\u00e9&quot;","block_context":{"text":"Non class\u00e9","link":"http:\/\/www.letourismeaparis.fr\/index.php\/category\/non-classe\/"},"img":{"alt_text":"","src":"","width":0,"height":0},"classes":[]},{"id":325,"url":"http:\/\/www.letourismeaparis.fr\/index.php\/2008\/09\/08\/jardin-de-cristal-a-bagatelle\/","url_meta":{"origin":26760,"position":2},"title":"Jardin de Cristal \u00e0 Bagatelle","author":"Fabienne TM","date":"8 septembre 2008","format":false,"excerpt":"Cette exposition se d\u00e9roule dans le parc de Bagatelle jusqu'au 2 novembre 2008. Vous pourrez admirer des oeuvres de Daum, Baccarat, Lalique, Saint-Louis inspir\u00e9es par la flore et la faune. Trianon et Parc de Bagatelle Route de S\u00e8vres \u00e0 Neuilly Bois de Boulogne Paris 75016 www.jardindecristal.com www.letourismeaparis.fr","rel":"","context":"Dans &quot;Non class\u00e9&quot;","block_context":{"text":"Non class\u00e9","link":"http:\/\/www.letourismeaparis.fr\/index.php\/category\/non-classe\/"},"img":{"alt_text":"","src":"","width":0,"height":0},"classes":[]},{"id":406,"url":"http:\/\/www.letourismeaparis.fr\/index.php\/2008\/10\/24\/bagatelle-et-les-jardins-de-cristal-jusquau-2-novembre\/","url_meta":{"origin":26760,"position":3},"title":"Bagatelle et&quot; les jardins de Cristal&quot; jusqu&#039;au 2 novembre","author":"Fabienne TM","date":"24 octobre 2008","format":false,"excerpt":"Cette exposition se d\u00e9roule dans le parc de Bagatelle jusqu'au 2 novembre 2008. Vous pourrez admirer des oeuvres de Daum, Baccarat, Lalique, Saint-Louis inspir\u00e9es par la flore et la faune. Trianon et Parc de Bagatelle Route de S\u00e8vres \u00e0 Neuilly Bois de Boulogne Paris 75016 www.jardindecristal.com www.letourismeaparis.fr","rel":"","context":"Dans &quot;Non class\u00e9&quot;","block_context":{"text":"Non class\u00e9","link":"http:\/\/www.letourismeaparis.fr\/index.php\/category\/non-classe\/"},"img":{"alt_text":"","src":"","width":0,"height":0},"classes":[]},{"id":4118,"url":"http:\/\/www.letourismeaparis.fr\/index.php\/2009\/09\/11\/le-salon-du-collectionneur-jusqu-au-20-septembre-2009-au-grand-palais\/","url_meta":{"origin":26760,"position":4},"title":"Le Salon du Collectionneur jusqu&#039;au 20 septembre 2009, au Grand Palais.","author":"Fabienne TM","date":"11 septembre 2009","format":false,"excerpt":"Une centaine d\u2019antiquaires et de galeries d\u2019art\u00a0 proposent une s\u00e9lection d\u2019\u0153uvres o\u00f9 toutes les sp\u00e9cialit\u00e9s, de l\u2019Antiquit\u00e9 \u00e0 nos jours,un cycle de conf\u00e9rences culturelles , une mise en sc\u00e8ne des animations li\u00e9es aux m\u00e9tiers d\u2019art, une exposition de collections priv\u00e9es, \"Les dinosaures du Collectionneur\" ,la s\u00e9lection du 9e prix SNA\u2026","rel":"","context":"Dans &quot;Non class\u00e9&quot;","block_context":{"text":"Non class\u00e9","link":"http:\/\/www.letourismeaparis.fr\/index.php\/category\/non-classe\/"},"img":{"alt_text":"","src":"","width":0,"height":0},"classes":[]},{"id":11602,"url":"http:\/\/www.letourismeaparis.fr\/index.php\/2012\/03\/27\/la-semaine-du-dessin-du-28-mars-au-2-avril-2012\/","url_meta":{"origin":26760,"position":5},"title":"La semaine du dessin  du 28 mars au 2 avril 2012,","author":"Fabienne TM","date":"27 mars 2012","format":false,"excerpt":"Chaque mus\u00e9e participant \u00e0 l\u2019\u00e9v\u00e9nement organise une exposition et\/ou des visites priv\u00e9es de ses collections. Ces visites priv\u00e9es sont gratuites . il est obligatoire de s\u2019inscrire\u00a0 par t\u00e9l\u00e9phone, au 01 45 22 61 05 ou bien info@salondudessin.com, Mus\u00e9es participant \u00e0 l\u2019\u00e9dition 2012 de la Semaine du Dessin Biblioth\u00e8que Nationale de\u2026","rel":"","context":"Dans &quot;Non class\u00e9&quot;","block_context":{"text":"Non class\u00e9","link":"http:\/\/www.letourismeaparis.fr\/index.php\/category\/non-classe\/"},"img":{"alt_text":"","src":"","width":0,"height":0},"classes":[]}],"jetpack_sharing_enabled":true,"jetpack_likes_enabled":true,"_links":{"self":[{"href":"http:\/\/www.letourismeaparis.fr\/index.php\/wp-json\/wp\/v2\/posts\/26760","targetHints":{"allow":["GET"]}}],"collection":[{"href":"http:\/\/www.letourismeaparis.fr\/index.php\/wp-json\/wp\/v2\/posts"}],"about":[{"href":"http:\/\/www.letourismeaparis.fr\/index.php\/wp-json\/wp\/v2\/types\/post"}],"author":[{"embeddable":true,"href":"http:\/\/www.letourismeaparis.fr\/index.php\/wp-json\/wp\/v2\/users\/2"}],"replies":[{"embeddable":true,"href":"http:\/\/www.letourismeaparis.fr\/index.php\/wp-json\/wp\/v2\/comments?post=26760"}],"version-history":[{"count":2,"href":"http:\/\/www.letourismeaparis.fr\/index.php\/wp-json\/wp\/v2\/posts\/26760\/revisions"}],"predecessor-version":[{"id":26764,"href":"http:\/\/www.letourismeaparis.fr\/index.php\/wp-json\/wp\/v2\/posts\/26760\/revisions\/26764"}],"wp:featuredmedia":[{"embeddable":true,"href":"http:\/\/www.letourismeaparis.fr\/index.php\/wp-json\/wp\/v2\/media\/26761"}],"wp:attachment":[{"href":"http:\/\/www.letourismeaparis.fr\/index.php\/wp-json\/wp\/v2\/media?parent=26760"}],"wp:term":[{"taxonomy":"category","embeddable":true,"href":"http:\/\/www.letourismeaparis.fr\/index.php\/wp-json\/wp\/v2\/categories?post=26760"},{"taxonomy":"post_tag","embeddable":true,"href":"http:\/\/www.letourismeaparis.fr\/index.php\/wp-json\/wp\/v2\/tags?post=26760"}],"curies":[{"name":"wp","href":"https:\/\/api.w.org\/{rel}","templated":true}]}}