{"id":26766,"date":"2026-04-30T18:20:57","date_gmt":"2026-04-30T16:20:57","guid":{"rendered":"http:\/\/www.letourismeaparis.fr\/?p=26766"},"modified":"2026-04-30T18:21:00","modified_gmt":"2026-04-30T16:21:00","slug":"tour-auto-a-paris-le-3-mai-2026","status":"publish","type":"post","link":"http:\/\/www.letourismeaparis.fr\/index.php\/2026\/04\/30\/tour-auto-a-paris-le-3-mai-2026\/","title":{"rendered":"TOUR  AUTO \u00e0 Paris le 3 mai 2026"},"content":{"rendered":"\n<p>Ce dimanche 3 mai 2026,&nbsp;\u00bb le Tour Auto&nbsp;\u00bb offre \u00e0 la capitale un d\u00e9fil\u00e9 de voitures de collection entre la Concorde, les Champs-\u00c9lys\u00e9es et le Grand Palais.<\/p>\n\n\n\n<p>Une parade exceptionnelle gratuite, rythm\u00e9e par les chromes, les carrosseries vintage et le panache de la Garde r\u00e9publicaine.<\/p>\n\n\n\n<p>de 8h \u00e0 10h : plus de 160 voitures d\u00e9fileront dans un convoi prestigieux escort\u00e9 par la Garde R\u00e9publicaine. Depuis la Place de la Concorde, elles remonteront la mythique Avenue des Champs-\u00c9lys\u00e9es jusqu\u2019\u00e0 la Place de l\u2019\u00c9toile, avant de rejoindre le Grand Palais.<\/p>\n\n\n\n<p><\/p>\n","protected":false},"excerpt":{"rendered":"<p>Ce dimanche 3 mai 2026,&nbsp;\u00bb le Tour Auto&nbsp;\u00bb offre \u00e0 la capitale un d\u00e9fil\u00e9 de voitures de collection entre la Concorde, les Champs-\u00c9lys\u00e9es et le Grand Palais. Une parade exceptionnelle gratuite, rythm\u00e9e par les chromes, les carrosseries vintage et le&#8230;<\/p>\n","protected":false},"author":2,"featured_media":26767,"comment_status":"open","ping_status":"open","sticky":false,"template":"","format":"standard","meta":{"ngg_post_thumbnail":0,"jetpack_post_was_ever_published":false,"_jetpack_newsletter_access":"","footnotes":""},"categories":[7,11,28,385,364,367],"tags":[],"class_list":["post-26766","post","type-post","status-publish","format-standard","has-post-thumbnail","hentry","category-automobiles","category-bon-plan","category-familles","category-gratuit","category-loisirs","category-voitures"],"jetpack_featured_media_url":"http:\/\/www.letourismeaparis.fr\/wp-content\/uploads\/2026\/04\/Capture-decran-2026-04-30-a-18.15.38.png","jetpack-related-posts":[{"id":16951,"url":"http:\/\/www.letourismeaparis.fr\/index.php\/2015\/07\/12\/le-defile-militaire-sur-lavenue-des-champs-elysees\/","url_meta":{"origin":26766,"position":0},"title":"Le d\u00e9fil\u00e9 militaire sur l&#039;avenue des Champs-Elys\u00e9es","author":"Fabienne TM","date":"12 juillet 2015","format":false,"excerpt":"\u00a0 9h20 : fin de la mise en place des troupes \u00e0 pied et motoris\u00e9es sur le site \u00c9toile \/ Champs-\u00c9lys\u00e9es. 9h30 : inspection des troupes par les officiers g\u00e9n\u00e9raux commandant les d\u00e9fil\u00e9s \u00e0 pied et motoris\u00e9. 9h45 : mise en place des d\u00e9tachements d'honneur de la Garde r\u00e9publicaine, place\u2026","rel":"","context":"Dans &quot;Non class\u00e9&quot;","block_context":{"text":"Non class\u00e9","link":"http:\/\/www.letourismeaparis.fr\/index.php\/category\/non-classe\/"},"img":{"alt_text":"","src":"","width":0,"height":0},"classes":[]},{"id":18444,"url":"http:\/\/www.letourismeaparis.fr\/index.php\/2016\/07\/13\/le-defile-du-14-juillet-et-le-feu-dartifice\/","url_meta":{"origin":26766,"position":1},"title":"LE D\u00c9FIL\u00c9 DU 14 JUILLET , LE FEU D&#039;ARTIFICE,  LE CONCERT","author":"Fabienne TM","date":"13 juillet 2016","format":false,"excerpt":"ps Elys\u00e9es Th\u00e8mes du d\u00e9fil\u00e9 2016: La Marseillaise, le tableau final lui sera enti\u00e8rement consacr\u00e9. L\u2019Engagement. Le d\u00e9fil\u00e9 mettra \u00e0 l\u2019honneur \"Une jeunesse engag\u00e9e au service de la Nation\". 9h20 : fin de la mise en place des troupes \u00e0 pied et motoris\u00e9es sur le site \u00c9toile \/ Champs-\u00c9lys\u00e9es. 9h30\u2026","rel":"","context":"Dans &quot;Non class\u00e9&quot;","block_context":{"text":"Non class\u00e9","link":"http:\/\/www.letourismeaparis.fr\/index.php\/category\/non-classe\/"},"img":{"alt_text":"","src":"","width":0,"height":0},"classes":[]},{"id":25229,"url":"http:\/\/www.letourismeaparis.fr\/index.php\/2023\/07\/13\/defile-du-14-juillet-2023\/","url_meta":{"origin":26766,"position":2},"title":"D\u00e9fil\u00e9 du 14 juillet 2023","author":"Fabienne TM","date":"13 juillet 2023","format":false,"excerpt":"Le d\u00e9fil\u00e9 minute par minute 9h30\u00a0: fin de la mise en place des troupes \u00e0 pied et motoris\u00e9es sur le site \u00c9toile\/Champs-\u00c9lys\u00e9es. Inspection des troupes par les officiers g\u00e9n\u00e9raux commandant les d\u00e9fil\u00e9s \u00e0 pied et motoris\u00e9. 9h45\u00a0: fin de la mise en place des d\u00e9tachements d\u2019honneur de la Garde r\u00e9publicaine,\u2026","rel":"","context":"Dans &quot;Actualit\u00e9s&quot;","block_context":{"text":"Actualit\u00e9s","link":"http:\/\/www.letourismeaparis.fr\/index.php\/category\/actualite\/"},"img":{"alt_text":"","src":"https:\/\/i0.wp.com\/www.letourismeaparis.fr\/wp-content\/uploads\/2023\/07\/Capture-decran-2023-07-13-a-14.34.57.png?resize=350%2C200","width":350,"height":200,"srcset":"https:\/\/i0.wp.com\/www.letourismeaparis.fr\/wp-content\/uploads\/2023\/07\/Capture-decran-2023-07-13-a-14.34.57.png?resize=350%2C200 1x, https:\/\/i0.wp.com\/www.letourismeaparis.fr\/wp-content\/uploads\/2023\/07\/Capture-decran-2023-07-13-a-14.34.57.png?resize=525%2C300 1.5x, https:\/\/i0.wp.com\/www.letourismeaparis.fr\/wp-content\/uploads\/2023\/07\/Capture-decran-2023-07-13-a-14.34.57.png?resize=700%2C400 2x"},"classes":[]},{"id":13727,"url":"http:\/\/www.letourismeaparis.fr\/index.php\/2013\/07\/11\/le-defile-du-14-juillet-a-paris\/","url_meta":{"origin":26766,"position":3},"title":"Le d\u00e9fil\u00e9 du 14 juillet \u00e0 Paris","author":"Fabienne TM","date":"11 juillet 2013","format":false,"excerpt":"Le d\u00e9fil\u00e9 est command\u00e9 par le g\u00e9n\u00e9ral de corps d\u2019arm\u00e9e Herv\u00e9 Charpentier, Gouverneur militaire de Paris (GMP), officier g\u00e9n\u00e9ral de la zone de d\u00e9fense et de s\u00e9curit\u00e9 en \u00cele-de-France. - 9h10 : Fin de la mise en place des troupes \u00e0 pied et motoris\u00e9es sur le site \u00c9toile \/ Champs-\u00c9lys\u00e9es.\u2026","rel":"","context":"Dans &quot;Non class\u00e9&quot;","block_context":{"text":"Non class\u00e9","link":"http:\/\/www.letourismeaparis.fr\/index.php\/category\/non-classe\/"},"img":{"alt_text":"","src":"","width":0,"height":0},"classes":[]},{"id":21143,"url":"http:\/\/www.letourismeaparis.fr\/index.php\/2018\/07\/04\/defile-du-14-juillet-2018-le-programme-detaille\/","url_meta":{"origin":26766,"position":4},"title":"D\u00c9FIL\u00c9 DU 14 JUILLET 2018 : LE PROGRAMME D\u00c9TAILL\u00c9","author":"Fabienne TM","date":"4 juillet 2018","format":false,"excerpt":"D\u00c9FIL\u00c9 DU 14 JUILLET 2018 : LE PROGRAMME D\u00c9TAILL\u00c9 \u00a0 Plus de 3700 hommes sur l'avenue des Champs-Elys\u00e9es pour relier l'Arc de Triomphe \u00e0 la place de la Concorde. \u00a0Le Japon et Singapour seront cette ann\u00e9e les invit\u00e9s d'honneur. \u00a0le th\u00e8me sera \u00ab Fraternit\u00e9 d'armes sous l'uniforme: l'engagement d'une vie\u2026","rel":"","context":"Dans &quot;Actualit\u00e9s&quot;","block_context":{"text":"Actualit\u00e9s","link":"http:\/\/www.letourismeaparis.fr\/index.php\/category\/actualite\/"},"img":{"alt_text":"","src":"","width":0,"height":0},"classes":[]},{"id":9355,"url":"http:\/\/www.letourismeaparis.fr\/index.php\/2011\/01\/04\/11e-edition-de-la-traversee-de-paris-un-grand-defile-de-voitures-anciennes-dimanche-16-janvier-2011\/","url_meta":{"origin":26766,"position":5},"title":"11e \u00e9dition de la Travers\u00e9e de Paris, un grand d\u00e9fil\u00e9 de voitures anciennes, Dimanche 16 janvier 2011","author":"Fabienne TM","date":"4 janvier 2011","format":false,"excerpt":"Vous pourrez admirer plus de 450 voitures d\u2019exception (allemandes, am\u00e9ricaines, anglaises, fran\u00e7aises, italiennes, japonaises, su\u00e9doises, russes) Un parcours de 28 km qui part de l\u2019Esplanade du Ch\u00e2teau de Vincennes entre 8h et 8h45 pour sillonner : places Daumesnil, de la Bastille, des Vosges, Pont Marie, fontaine Saint- Michel, Institut de\u2026","rel":"","context":"Dans &quot;Non class\u00e9&quot;","block_context":{"text":"Non class\u00e9","link":"http:\/\/www.letourismeaparis.fr\/index.php\/category\/non-classe\/"},"img":{"alt_text":"","src":"","width":0,"height":0},"classes":[]}],"jetpack_sharing_enabled":true,"jetpack_likes_enabled":true,"_links":{"self":[{"href":"http:\/\/www.letourismeaparis.fr\/index.php\/wp-json\/wp\/v2\/posts\/26766","targetHints":{"allow":["GET"]}}],"collection":[{"href":"http:\/\/www.letourismeaparis.fr\/index.php\/wp-json\/wp\/v2\/posts"}],"about":[{"href":"http:\/\/www.letourismeaparis.fr\/index.php\/wp-json\/wp\/v2\/types\/post"}],"author":[{"embeddable":true,"href":"http:\/\/www.letourismeaparis.fr\/index.php\/wp-json\/wp\/v2\/users\/2"}],"replies":[{"embeddable":true,"href":"http:\/\/www.letourismeaparis.fr\/index.php\/wp-json\/wp\/v2\/comments?post=26766"}],"version-history":[{"count":1,"href":"http:\/\/www.letourismeaparis.fr\/index.php\/wp-json\/wp\/v2\/posts\/26766\/revisions"}],"predecessor-version":[{"id":26768,"href":"http:\/\/www.letourismeaparis.fr\/index.php\/wp-json\/wp\/v2\/posts\/26766\/revisions\/26768"}],"wp:featuredmedia":[{"embeddable":true,"href":"http:\/\/www.letourismeaparis.fr\/index.php\/wp-json\/wp\/v2\/media\/26767"}],"wp:attachment":[{"href":"http:\/\/www.letourismeaparis.fr\/index.php\/wp-json\/wp\/v2\/media?parent=26766"}],"wp:term":[{"taxonomy":"category","embeddable":true,"href":"http:\/\/www.letourismeaparis.fr\/index.php\/wp-json\/wp\/v2\/categories?post=26766"},{"taxonomy":"post_tag","embeddable":true,"href":"http:\/\/www.letourismeaparis.fr\/index.php\/wp-json\/wp\/v2\/tags?post=26766"}],"curies":[{"name":"wp","href":"https:\/\/api.w.org\/{rel}","templated":true}]}}