{"id":26881,"date":"2026-09-03T10:41:22","date_gmt":"2026-09-03T08:41:22","guid":{"rendered":"http:\/\/www.letourismeaparis.fr\/?p=26881"},"modified":"2026-09-03T10:41:24","modified_gmt":"2026-09-03T08:41:24","slug":"mozart-et-haydn-au-parc-floral-de-paris-concert-gratuit","status":"publish","type":"post","link":"http:\/\/www.letourismeaparis.fr\/index.php\/2026\/09\/03\/mozart-et-haydn-au-parc-floral-de-paris-concert-gratuit\/","title":{"rendered":"Mozart et Haydn au Parc floral de Paris (concert gratuit)"},"content":{"rendered":"\n<p>samedi 5 septembre 2026.   16h<\/p>\n\n\n\n<p>Le programme<\/p>\n\n\n\n<p>MOZART<\/p>\n\n\n\n<p>La Cl\u00e9mence de Titus, ouverture, K. 621. Concerto n\u00b05 en la majeur pour violon et orchestre, K. 219<\/p>\n\n\n\n<p>HAYDN<\/p>\n\n\n\n<p>Symphonie n\u00b0 101 en r\u00e9 majeur, \u00ab L&rsquo;Horloge \u00bb, Hob. I : 101<\/p>\n\n\n\n<hr class=\"wp-block-separator has-alpha-channel-opacity\"\/>\n\n\n\n<p>Les artistes<\/p>\n\n\n\n<p>Karel Deseure direction<\/p>\n\n\n\n<p>Eva Zavaro violon<\/p>\n\n\n\n<p>Orchestre de chambre de Paris<\/p>\n\n\n\n<p>\u00ab\u00a0l\u2019Ouverture de l\u2019op\u00e9ra La Cl\u00e9mence de Titus de Mozart fait alterner une certaine solennit\u00e9 et des m\u00e9lodies aux rythmes enlev\u00e9s. Compos\u00e9 en 1791, l\u2019ouvrage m\u00eale intrigues politiques et amoureuses dans la Rome antique.  Dans l\u2019\u00e9l\u00e9gant Allegro aperto, on remarque l\u2019entr\u00e9e suspendue du soliste. L\u2019Adagio d\u00e9ploie une sublime m\u00e9lodie, et le Rondeau r\u00e9jouit par ses contrastes et les accents populaires hongrois de l\u2019un de ses couplets. <\/p>\n\n\n\n<p><\/p>\n\n\n\n<p>Haydn compose sa Symphonie no 101 au tournant de 1794. Cr\u00e9\u00e9e lors de son second s\u00e9jour \u00e0 Londres, l\u2019\u0153uvre doit son surnom \u00ab L\u2019Horloge \u00bb \u00e0 son Andante, o\u00f9 r\u00e9sonne le tic-tac d\u2019un balancier. Le lumineux Presto d\u00e9bute dans le myst\u00e8re, le Menuet est plein d\u2019esprit, et le Finale est un rondo d\u2019une grande invention.&nbsp;\u00bb\u00a0\u00bb<\/p>\n\n\n\n<p><\/p>\n\n\n\n<p>Entr\u00e9e Ch\u00e2teau : Esplanade Saint-Louis devant le Ch\u00e2teau de Vincennes<\/p>\n\n\n\n<p>\u2022 Entr\u00e9e Nymph\u00e9as : Route de la Pyramide<\/p>\n\n\n\n<p>\u2022 Concerts diurnes gratuits<\/p>\n\n\n\n<p>\u2022 Entr\u00e9e du parc payante : 2,80\u20ac Tarif r\u00e9duit : 1,60\u20ac<\/p>\n\n\n\n<p>\u2022 Gratuit pour les &#8211; 7 ans<\/p>\n\n\n\n<p>\u2022 RER A : Vincennes<\/p>\n\n\n\n<p>\u2022 M\u00e9tro L1 : Ch\u00e2teau de Vincennes<\/p>\n\n\n\n<p>\u2022 Bus : Lignes 46 et 112<\/p>\n\n\n\n<p>\u2022 Parc \u00e0 v\u00e9lo et stations V\u00e9lib\u2019 proches<\/p>\n\n\n\n<p>&nbsp;CITIZ : partenaire mobilit\u00e9 douce<\/p>\n","protected":false},"excerpt":{"rendered":"<p>samedi 5 septembre 2026. 16h Le programme MOZART La Cl\u00e9mence de Titus, ouverture, K. 621. Concerto n\u00b05 en la majeur pour violon et orchestre, K. 219 HAYDN Symphonie n\u00b0 101 en r\u00e9 majeur, \u00ab L&rsquo;Horloge \u00bb, Hob. I : 101&#8230;<\/p>\n","protected":false},"author":2,"featured_media":26887,"comment_status":"open","ping_status":"open","sticky":false,"template":"","format":"standard","meta":{"ngg_post_thumbnail":0,"jetpack_post_was_ever_published":false,"_jetpack_newsletter_access":"","footnotes":""},"categories":[1],"tags":[],"class_list":["post-26881","post","type-post","status-publish","format-standard","has-post-thumbnail","hentry","category-non-classe"],"jetpack_featured_media_url":"http:\/\/www.letourismeaparis.fr\/wp-content\/uploads\/2026\/09\/unnamed.jpg","jetpack-related-posts":[{"id":18949,"url":"http:\/\/www.letourismeaparis.fr\/index.php\/2016\/11\/19\/les-grandes-voix-les-grands-solistes-a-la-salle-gaveau-avec-marianne-crebassa\/","url_meta":{"origin":26881,"position":0},"title":"&quot;Les Grandes voix, les grands solistes&quot; \u00e0 la salle Gaveau AVEC MARIANNE CREBASSA","author":"Fabienne TM","date":"19 novembre 2016","format":false,"excerpt":"Lundi \u00a021 novembre 2016 20h30 Salle Gaveau, un superbe programme vous attend avec \u00a0Marianne Crebassa, mezzo-soprano,Les Ambassadeurs,Alexis Kossenko, direction WOLFGANG AMADEUS MOZART Les Noces de Figaro Ouverture \u00ab Non so pi\u00f9, cosa son, cosa faccio \u00bb (Cherubino) \u00ab Voi che sapete \u00bb (Cherubino) La Cl\u00e9mence de Titus \u00ab Parto, parto\u2026","rel":"","context":"Dans &quot;Concert&quot;","block_context":{"text":"Concert","link":"http:\/\/www.letourismeaparis.fr\/index.php\/category\/culture\/concerts-musique\/concert\/"},"img":{"alt_text":"","src":"","width":0,"height":0},"classes":[]},{"id":26577,"url":"http:\/\/www.letourismeaparis.fr\/index.php\/2025\/11\/21\/bach-haydn-et-mozart-au-chatelet\/","url_meta":{"origin":26881,"position":1},"title":"Bach, Haydn et Mozart au Ch\u00e2telet","author":"Fabienne TM","date":"21 novembre 2025","format":false,"excerpt":"Un concert de l'orchestre national de Paris. Lundi 24 novembre \u00e0 20h Ton Koopman place Bach en point de d\u00e9part, avec la Suite n\u00b0 3, dont le magnifique \u00abAir sur la corde de sol\u00bb est l\u2019un des morceaux les plus appr\u00e9ci\u00e9s de l\u2019histoire de la musique. Lui font suite la\u2026","rel":"","context":"Dans &quot;Concerts \/ Musique&quot;","block_context":{"text":"Concerts \/ Musique","link":"http:\/\/www.letourismeaparis.fr\/index.php\/category\/culture\/concerts-musique\/"},"img":{"alt_text":"","src":"","width":0,"height":0},"classes":[]},{"id":24760,"url":"http:\/\/www.letourismeaparis.fr\/index.php\/2022\/06\/30\/concerts-en-plein-air-de-lorchestre-de-chambre-de-paris\/","url_meta":{"origin":26881,"position":2},"title":"Concerts en plein air de l&rsquo;orchestre de chambre de Paris","author":"Fabienne TM","date":"30 juin 2022","format":false,"excerpt":"Cet \u00e9t\u00e9, l'Orchestre de chambre de Paris multiplie les rencontres musicales en plein air . Concerts en plein air, r\u00e9cital, festivals : l'orchestre prend ses quartiers d'\u00e9t\u00e9 ! Concerts en plein air du 6 au 10 juillet dans les jardins de l'H\u00f4tel de Sully Du 6 au 10 juillet, l\u2019Orchestre\u2026","rel":"","context":"Dans &quot;Concerts \/ Musique&quot;","block_context":{"text":"Concerts \/ Musique","link":"http:\/\/www.letourismeaparis.fr\/index.php\/category\/culture\/concerts-musique\/"},"img":{"alt_text":"","src":"https:\/\/i0.wp.com\/www.letourismeaparis.fr\/wp-content\/uploads\/2022\/06\/Capture-d%E2%80%99e%CC%81cran-2022-06-30-a%CC%80-17.13.40.png?resize=350%2C200","width":350,"height":200,"srcset":"https:\/\/i0.wp.com\/www.letourismeaparis.fr\/wp-content\/uploads\/2022\/06\/Capture-d%E2%80%99e%CC%81cran-2022-06-30-a%CC%80-17.13.40.png?resize=350%2C200 1x, https:\/\/i0.wp.com\/www.letourismeaparis.fr\/wp-content\/uploads\/2022\/06\/Capture-d%E2%80%99e%CC%81cran-2022-06-30-a%CC%80-17.13.40.png?resize=525%2C300 1.5x"},"classes":[]},{"id":15491,"url":"http:\/\/www.letourismeaparis.fr\/index.php\/2014\/08\/09\/festival-de-musique-classique-au-parc-floral-de-paris-du-2-aout-au-14-septembre-2014\/","url_meta":{"origin":26881,"position":3},"title":"Festival de musique classique au parc floral de Paris. Du 2 ao\u00fbt au 14 septembre 2014.","author":"Fabienne TM","date":"9 ao\u00fbt 2014","format":false,"excerpt":"\u00a0 SAMEDI 2 AO\u00dbT - 16H K. Jarrett,Concerto Koln (1\u00e8re partie) J.-S. Bach,Concerto italien BWV971 L. Van Beethoven,Fantaisie en sol mineur, op. 77 L. Van Beethoven,6 Ecossaises, Wo0\u00a083 S. Joplin,5 Ragtime Andrei Korobeinikov, piano \u00a0 \u00a0 DIMANCHE 3 AO\u00dbT - 16H A. Essyad,\u00a0Never More G. Ligeti,\u00a0Quatuor \u00e0 cordes n\u00b01 C.\u2026","rel":"","context":"Dans &quot;Jardins \/ Plein air&quot;","block_context":{"text":"Jardins \/ Plein air","link":"http:\/\/www.letourismeaparis.fr\/index.php\/category\/jardins\/"},"img":{"alt_text":"","src":"","width":0,"height":0},"classes":[]},{"id":23290,"url":"http:\/\/www.letourismeaparis.fr\/index.php\/2019\/06\/01\/les-chefs-doeuvre-de-mozart-au-tce\/","url_meta":{"origin":26881,"position":4},"title":"Les chefs d&#039;oeuvre de Mozart au TCE","author":"Fabienne TM","date":"1 juin 2019","format":false,"excerpt":"Orchestre national d\u2019Ile-de-France . Concert pr\u00e9sent\u00e9 par Olivier Bellamy.Samedi 2 et dimanche 3 juin \u00e0 20 h Airs d\u2019op\u00e9ra (Les Noces de Figaro, L'Enl\u00e8vement au S\u00e9rail, Mitridate, Don Giovanni, Cosi fan tutte, La Cl\u00e9mence de Titus\u2026), extraits de la Symphonie n\u00b0 40, de la Petite musique de nuit, du Concerto\u2026","rel":"","context":"Dans &quot;Non class\u00e9&quot;","block_context":{"text":"Non class\u00e9","link":"http:\/\/www.letourismeaparis.fr\/index.php\/category\/non-classe\/"},"img":{"alt_text":"","src":"","width":0,"height":0},"classes":[]},{"id":18639,"url":"http:\/\/www.letourismeaparis.fr\/index.php\/2016\/09\/15\/concerts-en-direct-des-salles-parisiennes-sur-radio-classique\/","url_meta":{"origin":26881,"position":5},"title":"Concerts en direct des salles parisiennes sur Radio Classique","author":"Fabienne TM","date":"15 septembre 2016","format":false,"excerpt":"Vendredi 16 septembre, Philharmonie de Paris, 20h30 Orchestre de Paris Programme\u00a0: Schumann, sc\u00e8nes du Faust de Goethe Daniel Harding, direction Vendredi 30 septembre,\u00a0Cath\u00e9drale Saint-Louis des Invalides, 20h30 Ensemble Les Forces Majeures Le jeune Ch\u0153ur de Paris Programme : Ravel, Le Tombeau de Couperin, M. 68 Debussy, Suite bergamasque. Extr. :\u2026","rel":"","context":"Dans &quot;Musique&quot;","block_context":{"text":"Musique","link":"http:\/\/www.letourismeaparis.fr\/index.php\/category\/culture\/concerts-musique\/musique\/"},"img":{"alt_text":"","src":"","width":0,"height":0},"classes":[]}],"jetpack_sharing_enabled":true,"jetpack_likes_enabled":true,"_links":{"self":[{"href":"http:\/\/www.letourismeaparis.fr\/index.php\/wp-json\/wp\/v2\/posts\/26881","targetHints":{"allow":["GET"]}}],"collection":[{"href":"http:\/\/www.letourismeaparis.fr\/index.php\/wp-json\/wp\/v2\/posts"}],"about":[{"href":"http:\/\/www.letourismeaparis.fr\/index.php\/wp-json\/wp\/v2\/types\/post"}],"author":[{"embeddable":true,"href":"http:\/\/www.letourismeaparis.fr\/index.php\/wp-json\/wp\/v2\/users\/2"}],"replies":[{"embeddable":true,"href":"http:\/\/www.letourismeaparis.fr\/index.php\/wp-json\/wp\/v2\/comments?post=26881"}],"version-history":[{"count":3,"href":"http:\/\/www.letourismeaparis.fr\/index.php\/wp-json\/wp\/v2\/posts\/26881\/revisions"}],"predecessor-version":[{"id":26885,"href":"http:\/\/www.letourismeaparis.fr\/index.php\/wp-json\/wp\/v2\/posts\/26881\/revisions\/26885"}],"wp:featuredmedia":[{"embeddable":true,"href":"http:\/\/www.letourismeaparis.fr\/index.php\/wp-json\/wp\/v2\/media\/26887"}],"wp:attachment":[{"href":"http:\/\/www.letourismeaparis.fr\/index.php\/wp-json\/wp\/v2\/media?parent=26881"}],"wp:term":[{"taxonomy":"category","embeddable":true,"href":"http:\/\/www.letourismeaparis.fr\/index.php\/wp-json\/wp\/v2\/categories?post=26881"},{"taxonomy":"post_tag","embeddable":true,"href":"http:\/\/www.letourismeaparis.fr\/index.php\/wp-json\/wp\/v2\/tags?post=26881"}],"curies":[{"name":"wp","href":"https:\/\/api.w.org\/{rel}","templated":true}]}}