{"id":26889,"date":"2026-09-04T17:13:58","date_gmt":"2026-09-04T15:13:58","guid":{"rendered":"http:\/\/www.letourismeaparis.fr\/?p=26889"},"modified":"2026-09-04T17:16:53","modified_gmt":"2026-09-04T15:16:53","slug":"son-et-lumiere-au-trocadero-samedi-5-septembre-pour-commemorer-la-bataille-de-chesapeake","status":"publish","type":"post","link":"http:\/\/www.letourismeaparis.fr\/index.php\/2026\/09\/04\/son-et-lumiere-au-trocadero-samedi-5-septembre-pour-commemorer-la-bataille-de-chesapeake\/","title":{"rendered":"Son et lumi\u00e8re  au Trocad\u00e9ro samedi 5 septembre pour comm\u00e9morer la bataille de Chesapeake"},"content":{"rendered":"\n<p>Le samedi 5 septembre 2026, le minist\u00e8re des Arm\u00e9es comm\u00e9more la bataille de Chesapeake. <\/p>\n\n\n\n<p>Le 5 septembre 1781, la flotte fran\u00e7aise men\u00e9e par l&rsquo;amiral de Grasse remporte la bataille de la Chesapeake contre la Royal Navy britannique, ouvrant ainsi la voie \u00e0 l\u2019Ind\u00e9pendance des \u00c9tats-Unis.<\/p>\n\n\n\n<hr class=\"wp-block-separator has-alpha-channel-opacity\"\/>\n\n\n\n<p>Une c\u00e9r\u00e9monie militaire pr\u00e9vue d\u00e8s 18h00 sur l&rsquo;esplanade du Trocad\u00e9ro, suivie d&rsquo;un spectacle son et lumi\u00e8re aux alentours de 21h00 dans les jardins du Trocad\u00e9ro. Ce spectacle sera pour l&rsquo;occasion gratuit et ouvert au public.<\/p>\n\n\n\n<p>Le spectacle son et lumi\u00e8re reviendra sur cette bataille marquante gr\u00e2ce \u00e0 l&rsquo;utilisation de multiples technologies. \u00ab\u00a0Plusieurs tableaux sur les fa\u00e7ades des b\u00e2timents et sur la Tour Eiffel\u00a0\u00bb,<\/p>\n\n\n\n<hr class=\"wp-block-separator has-alpha-channel-opacity\"\/>\n\n\n\n<p>Parall\u00e8lement, des formations musicales de la Marine, dont le Bagad de Lann-Bihou\u00e9 et la Musique de la Marine, joueront sur une sc\u00e8ne centrale, au rythme des diff\u00e9rents tableaux.<\/p>\n\n\n\n<p>Des restrictions de circulation \u00e0 pr\u00e9voir dans le 16e \u00e0 Paris<\/p>\n\n\n\n<p>Le 5 septembre 2026<\/p>\n\n\n\n<p>\u00c0 21h<\/p>\n\n\n\n<p>Place du Trocad\u00e9ro et du 11 Novembre<\/p>\n\n\n\n<p>75116 Paris 16<\/p>\n","protected":false},"excerpt":{"rendered":"<p>Le samedi 5 septembre 2026, le minist\u00e8re des Arm\u00e9es comm\u00e9more la bataille de Chesapeake. Le 5 septembre 1781, la flotte fran\u00e7aise men\u00e9e par l&rsquo;amiral de Grasse remporte la bataille de la Chesapeake contre la Royal Navy britannique, ouvrant ainsi la&#8230;<\/p>\n","protected":false},"author":2,"featured_media":26892,"comment_status":"open","ping_status":"open","sticky":false,"template":"","format":"standard","meta":{"ngg_post_thumbnail":0,"jetpack_post_was_ever_published":false,"_jetpack_newsletter_access":"","footnotes":""},"categories":[388],"tags":[],"class_list":["post-26889","post","type-post","status-publish","format-standard","has-post-thumbnail","hentry","category-son-et-lumiere"],"jetpack_featured_media_url":"http:\/\/www.letourismeaparis.fr\/wp-content\/uploads\/2026\/09\/Capture-decran-2026-09-04-a-17.13.14.png","jetpack-related-posts":[{"id":3524,"url":"http:\/\/www.letourismeaparis.fr\/index.php\/2009\/07\/04\/le-4-et-5-juillet-2009-festival-europe-des-cultures\/","url_meta":{"origin":26889,"position":0},"title":"Le 4 et 5 juillet 2009  Festival &quot;Europe des Cultures&quot;.","author":"Fabienne TM","date":"4 juillet 2009","format":false,"excerpt":"De nombreux concerts, expositions,village des enfants (3 \u00e0 17 ans - Place de la bataille de Stalingrad),Samedi 4 juillet 2009 Place de la Bataille de Stalingrad- 13h : Yves Malori (spectacle pour enfants) : - 14h : Djamboy (spectacle pour enfants\/jeunes) : - 14h45 : Charly Dupagny - 15h15 :\u2026","rel":"","context":"Dans &quot;Non class\u00e9&quot;","block_context":{"text":"Non class\u00e9","link":"http:\/\/www.letourismeaparis.fr\/index.php\/category\/non-classe\/"},"img":{"alt_text":"","src":"","width":0,"height":0},"classes":[]},{"id":4686,"url":"http:\/\/www.letourismeaparis.fr\/index.php\/2009\/12\/22\/spectacle-de-lumiere-pour-les-120-ans-de-la-tour-eiffel\/","url_meta":{"origin":26889,"position":1},"title":"SPECTACLE DE LUMIERE POUR LES 120 ANS DE LA TOUR EIFFEL","author":"Fabienne TM","date":"22 d\u00e9cembre 2009","format":false,"excerpt":"Tous les soirs jusqu'au 31 d\u00e9cembre 2009 \u00e0 20h, 21h, 22h et 23h ,la tour Eiffel\u00a0 vous donne rendez-vous\u00a0\u00a0 pour un\u00a0 magnifique spectacle Pour la premi\u00e8re fois, gr\u00e2ce \u00e0 un dispositif de projecteurs \u00e0 leds derni\u00e8re g\u00e9n\u00e9ration, la fa\u00e7ade c\u00f4t\u00e9 Trocad\u00e9ro va s\u2019animer de couleurs, mouvements, modulations pour offrir un\u2026","rel":"","context":"Dans &quot;Non class\u00e9&quot;","block_context":{"text":"Non class\u00e9","link":"http:\/\/www.letourismeaparis.fr\/index.php\/category\/non-classe\/"},"img":{"alt_text":"","src":"","width":0,"height":0},"classes":[]},{"id":14902,"url":"http:\/\/www.letourismeaparis.fr\/index.php\/2014\/05\/26\/commemoration-de-la-campagne-de-france-de-1814-reconstitution-de-la-bataille-de-montmirail-les-31-mai-et-1er-juin-1h-de-paris\/","url_meta":{"origin":26889,"position":2},"title":"Bal de l&#039;empereur(30 mai) et comm\u00e9moration de la campagne de France  de 1814 (31 mai et 1er juin)\u00e0 1h de Paris","author":"Fabienne TM","date":"26 mai 2014","format":false,"excerpt":"\"Bal de l'Empereur et des Etats-Majors\" Vendredi 30 mai \u00e0 19H30 A l\u2019Orangerie du Ch\u00e2teau de Montmirail 5 place R\u00e9my Petit 51210 Montmirail \u00a0 Vous \u00eates venus nombreux aux 4 \u00e9ditions pr\u00e9c\u00e9dentes du Bal de l'Empereur. Celui-ci est particulier. L'Empereur et son Etat-Major fran\u00e7ais seront\u00a0d'un c\u00f4t\u00e9 et de l'autre seront\u2026","rel":"","context":"Dans &quot;Familles&quot;","block_context":{"text":"Familles","link":"http:\/\/www.letourismeaparis.fr\/index.php\/category\/familles\/"},"img":{"alt_text":"","src":"","width":0,"height":0},"classes":[]},{"id":237,"url":"http:\/\/www.letourismeaparis.fr\/index.php\/2008\/07\/12\/le-feu-dartifice-du-14-juillet-au-trocadero\/","url_meta":{"origin":26889,"position":3},"title":"Le feu d\u2019artifice du 14 juillet au Trocad\u00e9ro \u00e0 22h30","author":"Fabienne TM","date":"12 juillet 2008","format":false,"excerpt":"Paris Advisor Le Tourisme \u00e0 Paris Voyage au c\u0153ur des plus grands th\u00e8mes de l\u2019op\u00e9ra. Spectacle de 35 minutes, \u00e0 partir de 22h30. Le feu d\u2019artifice b\u00e9n\u00e9ficiera pour la 1\u00e8re fois d\u2019un son en st\u00e9r\u00e9ophonie et d\u2019une mise en lumi\u00e8re totale du Palais de Chaillot gr\u00e2ce \u00e0 180 projecteurs. Des\u2026","rel":"","context":"Dans &quot;Non class\u00e9&quot;","block_context":{"text":"Non class\u00e9","link":"http:\/\/www.letourismeaparis.fr\/index.php\/category\/non-classe\/"},"img":{"alt_text":"","src":"","width":0,"height":0},"classes":[]},{"id":14907,"url":"http:\/\/www.letourismeaparis.fr\/index.php\/2014\/04\/09\/des-commemorations-pour-la-campagne-de-france-reims-troyes-fontainebleau-brienne-braye-sur-seine-montmirailchatillonsur-sein-bar-sur-seine\/","url_meta":{"origin":26889,"position":4},"title":"Napol\u00e9on, des c\u00e9l\u00e9brations  vari\u00e9es pour la campagne de France ( Reims, Troyes, Fontainebleau, Brienne, Braye sur Seine, Montmirail, Chatillon sur Seine, Bar sur Seine","author":"Fabienne TM","date":"9 avril 2014","format":false,"excerpt":"\u00e0 Reims :\u00a0 Concert du bicentenaire de la bataille de Reims \u00e0 l\u2019Op\u00e9ra le 12 avril \u00e0 20h30, par l\u2019Orchestre d\u2019harmonie du 3e canton de Reims. Salon du livre sur la R\u00e9volution et l\u2019Empire Op\u00e9ra, 13 rue Chanzy\u00a0A 20h\u00a0Entr\u00e9e gratuite\u00a0\u00a0www.operadereims.com Jean-Louis-Ernest MEISSONIER \u00a9 Photo RMN-Grand Palais - H. Lewandowski \u00a013\u2026","rel":"","context":"Dans &quot;Familles&quot;","block_context":{"text":"Familles","link":"http:\/\/www.letourismeaparis.fr\/index.php\/category\/familles\/"},"img":{"alt_text":"","src":"","width":0,"height":0},"classes":[]},{"id":11090,"url":"http:\/\/www.letourismeaparis.fr\/index.php\/2011\/09\/23\/le-petit-prince-en-son-et-lumiere-a-la-defense\/","url_meta":{"origin":26889,"position":5},"title":"Le Petit Prince en son et lumi\u00e8re \u00e0 la D\u00e9fense","author":"Fabienne TM","date":"23 septembre 2011","format":false,"excerpt":"Grand spectacle gratuit, samedi 24 septembre \u00e0 21h un voyage inoubliable dans l\u2019univers du Petit Prince , un pur moment de f\u00e9\u00e9rie alliant cr\u00e9ation et po\u00e9sie. Les techniques les plus innovantes seront mises au service de l\u2019\u0153uvre d\u2019Antoine de Saint-Exup\u00e9ry : \u2010 projections g\u00e9antes des illustrations originales \u2010 jeux de\u2026","rel":"","context":"Dans &quot;Non class\u00e9&quot;","block_context":{"text":"Non class\u00e9","link":"http:\/\/www.letourismeaparis.fr\/index.php\/category\/non-classe\/"},"img":{"alt_text":"","src":"","width":0,"height":0},"classes":[]}],"jetpack_sharing_enabled":true,"jetpack_likes_enabled":true,"_links":{"self":[{"href":"http:\/\/www.letourismeaparis.fr\/index.php\/wp-json\/wp\/v2\/posts\/26889","targetHints":{"allow":["GET"]}}],"collection":[{"href":"http:\/\/www.letourismeaparis.fr\/index.php\/wp-json\/wp\/v2\/posts"}],"about":[{"href":"http:\/\/www.letourismeaparis.fr\/index.php\/wp-json\/wp\/v2\/types\/post"}],"author":[{"embeddable":true,"href":"http:\/\/www.letourismeaparis.fr\/index.php\/wp-json\/wp\/v2\/users\/2"}],"replies":[{"embeddable":true,"href":"http:\/\/www.letourismeaparis.fr\/index.php\/wp-json\/wp\/v2\/comments?post=26889"}],"version-history":[{"count":1,"href":"http:\/\/www.letourismeaparis.fr\/index.php\/wp-json\/wp\/v2\/posts\/26889\/revisions"}],"predecessor-version":[{"id":26890,"href":"http:\/\/www.letourismeaparis.fr\/index.php\/wp-json\/wp\/v2\/posts\/26889\/revisions\/26890"}],"wp:featuredmedia":[{"embeddable":true,"href":"http:\/\/www.letourismeaparis.fr\/index.php\/wp-json\/wp\/v2\/media\/26892"}],"wp:attachment":[{"href":"http:\/\/www.letourismeaparis.fr\/index.php\/wp-json\/wp\/v2\/media?parent=26889"}],"wp:term":[{"taxonomy":"category","embeddable":true,"href":"http:\/\/www.letourismeaparis.fr\/index.php\/wp-json\/wp\/v2\/categories?post=26889"},{"taxonomy":"post_tag","embeddable":true,"href":"http:\/\/www.letourismeaparis.fr\/index.php\/wp-json\/wp\/v2\/tags?post=26889"}],"curies":[{"name":"wp","href":"https:\/\/api.w.org\/{rel}","templated":true}]}}