{"id":2692,"date":"2009-04-22T16:09:31","date_gmt":"2009-04-22T15:09:31","guid":{"rendered":"http:\/\/www.letourismeaparis.fr\/?p=2692"},"modified":"2009-04-22T16:09:31","modified_gmt":"2009-04-22T15:09:31","slug":"le-festival-jules-verne-au-grand-rex-du-24-au-26-avril","status":"publish","type":"post","link":"http:\/\/www.letourismeaparis.fr\/index.php\/2009\/04\/22\/le-festival-jules-verne-au-grand-rex-du-24-au-26-avril\/","title":{"rendered":"Festival Jules Verne au grand Rex du 24 au 26 avril"},"content":{"rendered":"<p><span style=\"color: #339966;\"><br \/>\n<strong>le Festival Jules Verne Au grand Rex du 24 au 26 avril<\/strong><\/span><br \/>\nVENDREDI 24 AVRIL<br \/>\n10h &#8211; L\u2019ODYSS\u00c9E DES BALEINES A BOSSE<br \/>\n11h15 &#8211; LA L\u00c9GENDE DE L\u2019HOMME-ARAIGN\u00c9E<br \/>\n13h &#8211; DANS LE SILLAGE DU BELGICA<!--more--><br \/>\n14h15 &#8211; LA FOR\u00caT PLUVIALE :AU C\u0152UR DE LA VIE<br \/>\n15h30 &#8211; RHINOC\u00c9ROS EN P\u00c9RIL<br \/>\nLES 40 ANS D\u2019APOLLO 11<br \/>\n20h &#8211; SOIR\u00c9E D\u2019OUVERTURE OFFICIELLE<br \/>\nMOONLIGHT :<br \/>\nLe concert exceptionnel,<br \/>\nInvit\u00e9 d\u2019honneur : Buzz Aldrin<br \/>\net Avant-premi\u00e8re du film \u00ab\u00a0Ils ont d\u00e9croch\u00e9 la Lune\u00a0\u00bb.<br \/>\nprogramme complet sur le site :<br \/>\n<a href=\"http:\/\/www.julesvernefestival.com\">http:\/\/www.julesvernefestival.com<\/a><a href=\" http:\/\/www.letourismeaparis.fr\"><br \/>\nhttp:\/\/www.letourismeaparis.fr<\/a><br \/>\nLE GRAND REX 1, Bd Poissonni\u00e8re 75002 PARIS<\/p>\n","protected":false},"excerpt":{"rendered":"<p>le Festival Jules Verne Au grand Rex du 24 au 26 avril VENDREDI 24 AVRIL 10h &#8211; L\u2019ODYSS\u00c9E DES BALEINES A BOSSE 11h15 &#8211; LA L\u00c9GENDE DE L\u2019HOMME-ARAIGN\u00c9E 13h &#8211; DANS LE SILLAGE DU BELGICA<\/p>\n","protected":false},"author":2,"featured_media":0,"comment_status":"open","ping_status":"open","sticky":false,"template":"","format":"standard","meta":{"ngg_post_thumbnail":0,"jetpack_post_was_ever_published":false,"_jetpack_newsletter_access":"","footnotes":""},"categories":[1],"tags":[],"class_list":["post-2692","post","type-post","status-publish","format-standard","hentry","category-non-classe"],"jetpack_featured_media_url":"","jetpack-related-posts":[{"id":8531,"url":"http:\/\/www.letourismeaparis.fr\/index.php\/2010\/09\/16\/journees-du-patrimoine-2009-dans-le-2e-arrondissement\/","url_meta":{"origin":2692,"position":0},"title":"Journ\u00e9es du patrimoine 2009 dans le 2e arrondissement","author":"Fabienne TM","date":"16 septembre 2010","format":false,"excerpt":"Tour Jean Sans Peur, Le Grand Rex , Th\u00e9\u00e2tre national de l\u2019Op\u00e9ra Comique Showroom Tassinari & Chatel Atelier de Joaillerie Mellerio Tour Jean Sans Peur D\u00e9couverte comment\u00e9e de la tour Jean sans Peur et \u00e9vocation du Palais disparu des grands ducs de Bourgogne La visite se poursuit par un acc\u00e8s\u2026","rel":"","context":"Dans &quot;Non class\u00e9&quot;","block_context":{"text":"Non class\u00e9","link":"http:\/\/www.letourismeaparis.fr\/index.php\/category\/non-classe\/"},"img":{"alt_text":"","src":"","width":0,"height":0},"classes":[]},{"id":6812,"url":"http:\/\/www.letourismeaparis.fr\/index.php\/2010\/05\/22\/sainte-russie-au-louvre-exposition-concerts-colloques\/","url_meta":{"origin":2692,"position":1},"title":"&quot;Sainte Russie&quot; au Louvre  : derniers jours.","author":"Fabienne TM","date":"22 mai 2010","format":false,"excerpt":"du 05-03-2010 au 24-05-2010 L'art russe, des origines \u00e0 Pierre le Grand : cette exposition concernel\u2019histoire de la Russie chr\u00e9tienne, du IXe au XVIIIe si\u00e8cle. Vous y d\u00e9couvrirez plus 438 objets rares, choisies dans 24 collections russes , plusieurs tr\u00e8sors nationaux , qui n'avaient jamais voyag\u00e9, seront pr\u00e9sents; le titre\u2026","rel":"","context":"Dans &quot;Non class\u00e9&quot;","block_context":{"text":"Non class\u00e9","link":"http:\/\/www.letourismeaparis.fr\/index.php\/category\/non-classe\/"},"img":{"alt_text":"","src":"","width":0,"height":0},"classes":[]},{"id":2706,"url":"http:\/\/www.letourismeaparis.fr\/index.php\/2009\/04\/23\/le-japon-a-paris-a-la-maison-du-japon-et\/","url_meta":{"origin":2692,"position":2},"title":"Le Japon \u00e0 Paris \u00e0 la Maison du Japon et au centre japonais","author":"Fabienne TM","date":"23 avril 2009","format":false,"excerpt":"\" l'esprit du Bud\u00f4, l'histoire des arts martiaux au Japon\",une expo-Ateliers Id\u00e9es Japon,Un atelier de cuisine japonaise La maison du Japon pr\u00e9sente\u00a0 une exposition jusqu'au 5 juillet : vous y verrez des r\u00e9pliques\u00a0 de cuirasses, casques,sabres.. puis\u00a0\u00a0 les neuf f\u00e9d\u00e9rations japonaises d\u2019arts martiaux : le judo ou le karat\u00e9\u00a0 qui\u2026","rel":"","context":"Dans &quot;Non class\u00e9&quot;","block_context":{"text":"Non class\u00e9","link":"http:\/\/www.letourismeaparis.fr\/index.php\/category\/non-classe\/"},"img":{"alt_text":"","src":"","width":0,"height":0},"classes":[]},{"id":21553,"url":"http:\/\/www.letourismeaparis.fr\/index.php\/2018\/11\/12\/le-grand-rex-de-paris-refait-sa-nuit-de-la-glisse-le-vendredi-30-novembre-2018\/","url_meta":{"origin":2692,"position":3},"title":"Le Grand Rex de Paris refait sa Nuit de la Glisse le vendredi 30 novembre 2018.","author":"Fabienne TM","date":"12 novembre 2018","format":false,"excerpt":"\u00a0la Nuit de la Glisse vous pr\u00e9sente son nouvel opus: Magnetic: une projection unique\u00a0 \u00a0 On ne pr\u00e9voit pas de passer \u00e0 la chasse aux \u00e9l\u00e9ments, \u00e0 la tra\u00e7abilit\u00e9 du changement de ciel ou de la houle\u2026 On ne pr\u00e9voit pas de parcourir le monde en qu\u00eate de la vague,\u2026","rel":"","context":"Dans &quot;Cin\u00e9ma&quot;","block_context":{"text":"Cin\u00e9ma","link":"http:\/\/www.letourismeaparis.fr\/index.php\/category\/spectacle\/cinema\/"},"img":{"alt_text":"","src":"","width":0,"height":0},"classes":[]},{"id":18129,"url":"http:\/\/www.letourismeaparis.fr\/index.php\/2016\/04\/11\/la-franc-maconnerie-du-12-avril-2016-au-24-juillet-2016-a-la-bnf\/","url_meta":{"origin":2692,"position":4},"title":"La franc-ma\u00e7onnerie du 12 avril au 24 juillet 2016 \u00e0 la BNF","author":"Fabienne TM","date":"11 avril 2016","format":false,"excerpt":"Fran\u00e7ois-Mitterrand \/ Galerie 2 La Biblioth\u00e8que nationale de France, qui conserve l\u2019un des plus importants fonds ma\u00e7onniques au monde, consacre une exposition majeure \u00e0 la franc-ma\u00e7onnerie fran\u00e7aise. En partenariat avec le Mus\u00e9e de la franc-ma\u00e7onnerie, elle pr\u00e9sente plus de 450 pi\u00e8ces, certaines encore jamais montr\u00e9es, issues des collections de la\u2026","rel":"","context":"Dans &quot;Non class\u00e9&quot;","block_context":{"text":"Non class\u00e9","link":"http:\/\/www.letourismeaparis.fr\/index.php\/category\/non-classe\/"},"img":{"alt_text":"","src":"","width":0,"height":0},"classes":[]},{"id":20570,"url":"http:\/\/www.letourismeaparis.fr\/index.php\/2017\/11\/20\/coco-et-la-feerie-des-eaux-au-grand-rex\/","url_meta":{"origin":2692,"position":5},"title":"COCO ET LA F\u00c9\u00c9RIE DES EAUX au grand rex","author":"Fabienne TM","date":"20 novembre 2017","format":false,"excerpt":"jusqu'au jeudi 04 janvier 2018 Le plus grand cin\u00e9ma d'Europe est sp\u00e9cialement d\u00e9cor\u00e9 pour les f\u00eates et aux couleurs du film. \"Coco\" est le nouveau film d'animation Disney-Pixar de cette ann\u00e9e , c\u2019est l\u2019histoire d\u2019un jeune mexicain \u2026\u2026 \u00a0 La F\u00e9erie des Eaux au Grand Rex pr\u00e9sente son\u00a0c\u00e9l\u00e8bre spectacle aquatique\u2026","rel":"","context":"Dans &quot;Non class\u00e9&quot;","block_context":{"text":"Non class\u00e9","link":"http:\/\/www.letourismeaparis.fr\/index.php\/category\/non-classe\/"},"img":{"alt_text":"","src":"https:\/\/i0.wp.com\/www.letourismeaparis.fr\/wp-content\/uploads\/2017\/11\/iris5538110643304412571-211x300.jpg?resize=350%2C200","width":350,"height":200},"classes":[]}],"jetpack_sharing_enabled":true,"jetpack_likes_enabled":true,"_links":{"self":[{"href":"http:\/\/www.letourismeaparis.fr\/index.php\/wp-json\/wp\/v2\/posts\/2692","targetHints":{"allow":["GET"]}}],"collection":[{"href":"http:\/\/www.letourismeaparis.fr\/index.php\/wp-json\/wp\/v2\/posts"}],"about":[{"href":"http:\/\/www.letourismeaparis.fr\/index.php\/wp-json\/wp\/v2\/types\/post"}],"author":[{"embeddable":true,"href":"http:\/\/www.letourismeaparis.fr\/index.php\/wp-json\/wp\/v2\/users\/2"}],"replies":[{"embeddable":true,"href":"http:\/\/www.letourismeaparis.fr\/index.php\/wp-json\/wp\/v2\/comments?post=2692"}],"version-history":[{"count":0,"href":"http:\/\/www.letourismeaparis.fr\/index.php\/wp-json\/wp\/v2\/posts\/2692\/revisions"}],"wp:attachment":[{"href":"http:\/\/www.letourismeaparis.fr\/index.php\/wp-json\/wp\/v2\/media?parent=2692"}],"wp:term":[{"taxonomy":"category","embeddable":true,"href":"http:\/\/www.letourismeaparis.fr\/index.php\/wp-json\/wp\/v2\/categories?post=2692"},{"taxonomy":"post_tag","embeddable":true,"href":"http:\/\/www.letourismeaparis.fr\/index.php\/wp-json\/wp\/v2\/tags?post=2692"}],"curies":[{"name":"wp","href":"https:\/\/api.w.org\/{rel}","templated":true}]}}