{"id":2698,"date":"2009-04-23T09:39:14","date_gmt":"2009-04-23T08:39:14","guid":{"rendered":"http:\/\/www.letourismeaparis.fr\/?p=2698"},"modified":"2009-04-23T09:39:14","modified_gmt":"2009-04-23T08:39:14","slug":"les-grands-chefs-et-leurs-ecoles-1","status":"publish","type":"post","link":"http:\/\/www.letourismeaparis.fr\/index.php\/2009\/04\/23\/les-grands-chefs-et-leurs-ecoles-1\/","title":{"rendered":"Les &quot;Grands Chefs&quot; et leurs \u00e9coles (1)"},"content":{"rendered":"<p>Voici quelques bonnes adresses et quelques sites pour les gourmets et ceuw qui veulent le devenir !<br \/>\nLe cordon Bleu 8, rue L\u00e9on Belhomme Paris 75015<br \/>\n<a href=\"http:\/\/www.cordonbleu.net\">http:\/\/www.cordonbleu.net<\/a><br \/>\nEcole Ritz Escoffier, 15, place Vend\u00f4me Paris 75001<br \/>\n<a href=\"http:\/\/www.ritzescoffier.fr\">http:\/\/www.ritzescoffier.fr<!--more--><\/a><br \/>\n\u00e9cole Len\u00f4tre<br \/>\n<a href=\"http:\/\/www.lenotre.fr\">http:\/\/www.lenotre.fr<\/a><br \/>\nChef Martial<br \/>\n<a href=\"http:\/\/www.chefmartial.com\">http:\/\/www.chefmartial.com<\/a><br \/>\nAlain Cirelli<a href=\"http:\/\/www.chefmartial.com\"><br \/>\n<\/a><br \/>\n<a href=\"http:\/\/www.evenements-culinaires.fr\">http:\/\/www.evenements-culinaires.fr<\/a><\/p>\n","protected":false},"excerpt":{"rendered":"<p>Voici quelques bonnes adresses et quelques sites pour les gourmets et ceuw qui veulent le devenir ! Le cordon Bleu 8, rue L\u00e9on Belhomme Paris 75015 http:\/\/www.cordonbleu.net Ecole Ritz Escoffier, 15, place Vend\u00f4me Paris 75001 http:\/\/www.ritzescoffier.fr<\/p>\n","protected":false},"author":2,"featured_media":0,"comment_status":"open","ping_status":"open","sticky":false,"template":"","format":"standard","meta":{"ngg_post_thumbnail":0,"jetpack_post_was_ever_published":false,"_jetpack_newsletter_access":"","footnotes":""},"categories":[1],"tags":[],"class_list":["post-2698","post","type-post","status-publish","format-standard","hentry","category-non-classe"],"jetpack_featured_media_url":"","jetpack-related-posts":[{"id":23264,"url":"http:\/\/www.letourismeaparis.fr\/index.php\/2019\/05\/24\/le-cordon-bleu-vous-accueille\/","url_meta":{"origin":2698,"position":0},"title":"Le Cordon bleu vous accueille &#8230;..","author":"Fabienne TM","date":"24 mai 2019","format":false,"excerpt":"Semaine de l\u2019Am\u00e9rique Latine et des Cara\u00efbes : l\u2019institut Le Cordon Bleu met \u00e0 l\u2019honneur les plus grands classiques culinaires de ces r\u00e9gions\u00a0\u00a0 Paris, le 23 mai 2019 \u2013 Du 23 mai au 8 juin, le Cordon Bleu Paris, premier r\u00e9seau mondial d\u2019instituts d\u2019arts culinaires et de management h\u00f4telier, c\u00e9l\u00e8bre\u2026","rel":"","context":"Dans &quot;Non class\u00e9&quot;","block_context":{"text":"Non class\u00e9","link":"http:\/\/www.letourismeaparis.fr\/index.php\/category\/non-classe\/"},"img":{"alt_text":"","src":"","width":0,"height":0},"classes":[]},{"id":25405,"url":"http:\/\/www.letourismeaparis.fr\/index.php\/2023\/12\/07\/ateliers-culinaires-et-oenologiques-avec-les-chefs-du-cordon-bleu\/","url_meta":{"origin":2698,"position":1},"title":"Ateliers Culinaires et \u0152nologiques avec les chefs du \u00ab\u00a0Cordon bleu\u00a0\u00bb","author":"Fabienne TM","date":"7 d\u00e9cembre 2023","format":false,"excerpt":"\u00e0 l'H\u00f4tel de la Marine Que vous soyez un fin gourmet, que vous ayez envie de cuisiner de d\u00e9licieux plats maison pour vos convives, ou que vous souhaitiez simplement vous initier \u00e0 l'art de cuisiner, un Chef Le Cordon Bleu partagera avec vous ses secrets culinaires.! Accueil au sein du\u2026","rel":"","context":"Dans &quot;cuisine&quot;","block_context":{"text":"cuisine","link":"http:\/\/www.letourismeaparis.fr\/index.php\/category\/cuisine\/"},"img":{"alt_text":"","src":"","width":0,"height":0},"classes":[]},{"id":11972,"url":"http:\/\/www.letourismeaparis.fr\/index.php\/2012\/09\/13\/les-journees-du-patrimoine-quelques-incontournables-a-paris-selection3\/","url_meta":{"origin":2698,"position":2},"title":"Les journ\u00e9es du Patrimoine : quelques incontournables \u00e0 Paris , s\u00e9lection(3)","author":"Fabienne TM","date":"13 septembre 2012","format":false,"excerpt":"H\u00d4TEL DE TALLEYRAND - GEORGE C. MARSHALL CENTER 2 rue Saint-Florentin - 75001 Paris 1er M\u00e9tro Concorde (1, 12) Horaires : dim 10h-17h Gratuit H\u00d4TEL DE BOURVALLAIS - MINIST\u00c8RE DE LA JUSTICE 13 place Vend\u00f4me - 75001 Paris 1er Horaires : sam 14h-17h \/ dim 10h-16h Gratuit H\u00d4TEL DE MONACO\u2026","rel":"","context":"Dans &quot;Non class\u00e9&quot;","block_context":{"text":"Non class\u00e9","link":"http:\/\/www.letourismeaparis.fr\/index.php\/category\/non-classe\/"},"img":{"alt_text":"","src":"","width":0,"height":0},"classes":[]},{"id":8569,"url":"http:\/\/www.letourismeaparis.fr\/index.php\/2010\/09\/16\/le-luxe-les-18-et-19-septembre-en-visite-boucheron-baccarat\/","url_meta":{"origin":2698,"position":3},"title":"Le luxe les 18 et 19 septembre en visite &#8230;.Boucheron, Baccarat&#8230;.","author":"Fabienne TM","date":"16 septembre 2010","format":false,"excerpt":"Paris 16\u00e8me - GALERIE-MUS\u00c9E BACCARAT 11, place des Etats-Unis - 75016 Paris 16\u00e8me La Maison Baccarat est install\u00e9e dans l'ancien h\u00f4tel particulier de Marie-Laure de Noailles, petit palais construit \u00e0 la Belle \u00e9poque et r\u00e9am\u00e9nag\u00e9 en 2003 par le designer Philippe Starck. Elle abrite en particulier la Galerie-Mus\u00e9e Baccarat, qui\u2026","rel":"","context":"Dans &quot;Non class\u00e9&quot;","block_context":{"text":"Non class\u00e9","link":"http:\/\/www.letourismeaparis.fr\/index.php\/category\/non-classe\/"},"img":{"alt_text":"","src":"","width":0,"height":0},"classes":[]},{"id":8452,"url":"http:\/\/www.letourismeaparis.fr\/index.php\/2010\/09\/07\/le-japon-a-paris\/","url_meta":{"origin":2698,"position":4},"title":"Le Japon \u00e0 Paris","author":"Fabienne TM","date":"7 septembre 2010","format":false,"excerpt":"Maison de la Culture du Japon \u00e0 Paris 101 bis quai Branly 75015 Paris T\u00e9l : 01 44 37 95 00 http:\/\/www.mcjp.asso.fr Espace culturel Bertin Poir\u00e9e 8-12 rue Bertin Poir\u00e9e 75001 Paris T\u00e9l : 01 44 76 06 06 info@tenri-paris.com http:\/\/www.tenri-paris.com Centre Culturel Franco-Japonais 8\/10 passage Turquetil 75011 Paris T\u00e9l\u2026","rel":"","context":"Dans &quot;Non class\u00e9&quot;","block_context":{"text":"Non class\u00e9","link":"http:\/\/www.letourismeaparis.fr\/index.php\/category\/non-classe\/"},"img":{"alt_text":"","src":"","width":0,"height":0},"classes":[]},{"id":4143,"url":"http:\/\/www.letourismeaparis.fr\/index.php\/2009\/09\/15\/la-haute-joaillerie-de-boucheron-et-les-journees-du-patrimoine\/","url_meta":{"origin":2698,"position":5},"title":"La Haute Joaillerie de Boucheron et de Mellerio aux journ\u00e9es du Patrimoine","author":"Fabienne TM","date":"15 septembre 2009","format":false,"excerpt":"A RESERVER\u00a0\u00a0 \"Pr\u00e9sentation historique de la Maison Boucheron et d\u00e9couverte des m\u00e9tiers de la Joaillerie.R\u00e9servation imp\u00e9rative journees.patrimoine@fr.boucheron.com Dans les salons de r\u00e9ception du 1er \u00e9tage (au dessus de la boutique) seront expos\u00e9s des pi\u00e8ces anciennes et des bijoux contemporains. Horaires : sam 10h30-12h30 et 14h-18h \/ dim 10h-12h et 14h-17h\u2026","rel":"","context":"Dans &quot;Non class\u00e9&quot;","block_context":{"text":"Non class\u00e9","link":"http:\/\/www.letourismeaparis.fr\/index.php\/category\/non-classe\/"},"img":{"alt_text":"","src":"","width":0,"height":0},"classes":[]}],"jetpack_sharing_enabled":true,"jetpack_likes_enabled":true,"_links":{"self":[{"href":"http:\/\/www.letourismeaparis.fr\/index.php\/wp-json\/wp\/v2\/posts\/2698","targetHints":{"allow":["GET"]}}],"collection":[{"href":"http:\/\/www.letourismeaparis.fr\/index.php\/wp-json\/wp\/v2\/posts"}],"about":[{"href":"http:\/\/www.letourismeaparis.fr\/index.php\/wp-json\/wp\/v2\/types\/post"}],"author":[{"embeddable":true,"href":"http:\/\/www.letourismeaparis.fr\/index.php\/wp-json\/wp\/v2\/users\/2"}],"replies":[{"embeddable":true,"href":"http:\/\/www.letourismeaparis.fr\/index.php\/wp-json\/wp\/v2\/comments?post=2698"}],"version-history":[{"count":0,"href":"http:\/\/www.letourismeaparis.fr\/index.php\/wp-json\/wp\/v2\/posts\/2698\/revisions"}],"wp:attachment":[{"href":"http:\/\/www.letourismeaparis.fr\/index.php\/wp-json\/wp\/v2\/media?parent=2698"}],"wp:term":[{"taxonomy":"category","embeddable":true,"href":"http:\/\/www.letourismeaparis.fr\/index.php\/wp-json\/wp\/v2\/categories?post=2698"},{"taxonomy":"post_tag","embeddable":true,"href":"http:\/\/www.letourismeaparis.fr\/index.php\/wp-json\/wp\/v2\/tags?post=2698"}],"curies":[{"name":"wp","href":"https:\/\/api.w.org\/{rel}","templated":true}]}}