{"id":2706,"date":"2009-04-23T17:14:12","date_gmt":"2009-04-23T16:14:12","guid":{"rendered":"http:\/\/www.letourismeaparis.fr\/?p=2706"},"modified":"2009-04-23T17:14:12","modified_gmt":"2009-04-23T16:14:12","slug":"le-japon-a-paris-a-la-maison-du-japon-et","status":"publish","type":"post","link":"http:\/\/www.letourismeaparis.fr\/index.php\/2009\/04\/23\/le-japon-a-paris-a-la-maison-du-japon-et\/","title":{"rendered":"Le Japon \u00e0 Paris \u00e0 la Maison du Japon et au centre japonais"},"content":{"rendered":"<p><span style=\"color: #008000;\"><strong>\u00a0\u00bb l&rsquo;esprit du Bud\u00f4, l&rsquo;histoire des arts martiaux au Japon\u00a0\u00bb,<span style=\"color: #ff0000;\">une<\/span><\/strong><\/span><strong><span style=\"color: #ff0000;\"> expo-Ateliers Id\u00e9es Japon,<\/span><\/strong><span style=\"color: #0000ff;\"><strong>Un atelier de cuisine japonaise<\/strong><\/span><br \/>\nLa maison du Japon pr\u00e9sente\u00a0 une exposition jusqu&rsquo;au 5 juillet : vous y verrez des r\u00e9pliques\u00a0 de cuirasses, casques,sabres..<!--more--> puis\u00a0\u00a0 les neuf f\u00e9d\u00e9rations japonaises d\u2019arts martiaux : le judo ou le karat\u00e9\u00a0 qui c\u00f4toient\u00a0 le Sh\u00f4rinji Kemp\u00f4 ou le naginata.<br \/>\n<a href=\"http:\/\/www.mcjp.asso.fr\">http:\/\/www.mcjp.asso.fr<\/a><br \/>\n101 bis quai Branly Paris 75015<br \/>\n<strong><span style=\"color: #0000ff;\">Atelier de cuisine<\/span><\/strong> : cours de deux heures\u00a0 au Wa-Bi salon, 9, rue Treilhard Paris 75008<br \/>\n<strong><span style=\"color: #ff0000;\">Expo-Ateliers Id\u00e9es Japon<\/span><\/strong><br \/>\nVendredi 24 avril &#8211; samedi 30 mai 2009<br \/>\ndans une minuscule boutique \u00e9ph\u00e9m\u00e8re<br \/>\n\u00e0 c\u00f4t\u00e9 du m\u00e9tro St Maur 11e arrondissement<br \/>\nAteliers cr\u00e9ation de 3 heures de 10h \u00e0 13h<br \/>\nanim\u00e9s par des cr\u00e9atrices et sp\u00e9cialistes japonaises<br \/>\nSamedi 25 avril : Broches \u00ab Cossage \u00bb Cr\u00e9ation et apprentissage de chaque \u00e9tape.<br \/>\nDimanche 26 avril : Furoshiki, sac cr\u00e9atif et \u00e9co. 16 fa\u00e7ons de le nouer pour des utilisations diff\u00e9rentes (recommand\u00e9 pour une premi\u00e8re partipation)<br \/>\nSamedi 2 mai : Etui \u00e0 lunettes avec tissus au choix &#8211; f\u00e9minin et masculin &#8211;<br \/>\nDimanche 3 mai : Furoshiki Sp\u00e9cial id\u00e9es cadeaux et emballage (recommand\u00e9 pour les personnes qui ont d\u00e9j\u00e0 particip\u00e9)<br \/>\nSamedi 9 mai : Sac portable avec tissu au choix &#8211; f\u00e9minin et masculin &#8211;<br \/>\nDimanche 10 mai : Tissu multifonction \u00c9charpe, mini-v\u00eatement, chapeau, ceinture&#8230;<br \/>\nSamedi 16 mai : Sac \u00ab kinchaku \u00bb pour utilisations vari\u00e9es (transporter un appareil photos, un paquet de cigarettes, une clef USB&#8230;)<br \/>\nDimanche 17 mai : Broches \u00ab Cossage \u00bb Cr\u00e9ation et apprentissage de chaque \u00e9tape.<br \/>\nSamedi 23 mai : cravate avec tissu kimono pour homme<br \/>\nDimanche 24 mai : l&rsquo;atelier ayant le plus d&rsquo;inscriptions<br \/>\n15 jours d&rsquo;expo-vente : tissus japonais NUNO<br \/>\nOuverture entre 13h30 et 18h30 le weekend uniquement<br \/>\n24\/25\/26 avril, 2\/3 mai, 9\/10 mai, 15\/16\/17 mai, 22\/23\/24 mai ; 29\/30 mai<br \/>\nAccessoires (sacs, broches, bijoux, chapeaux &#8230;)<br \/>\nTissus traditionnels (furoshiki, tenugui, sashiko&#8230;)<br \/>\nAutour du kimono (haori, obi, obiage, obijime&#8230;)<br \/>\n<a href=\"http:\/\/www.jipango.com\">http:\/\/www.jipango.com<\/a><br \/>\n<a href=\"http:\/\/www.jipango.com\"><\/a>8, passage Turquetil Paris 75011<\/p>\n","protected":false},"excerpt":{"rendered":"<p>\u00a0\u00bb l&rsquo;esprit du Bud\u00f4, l&rsquo;histoire des arts martiaux au Japon\u00a0\u00bb,une expo-Ateliers Id\u00e9es Japon,Un atelier de cuisine japonaise La maison du Japon pr\u00e9sente\u00a0 une exposition jusqu&rsquo;au 5 juillet : vous y verrez des r\u00e9pliques\u00a0 de cuirasses, casques,sabres..<\/p>\n","protected":false},"author":2,"featured_media":0,"comment_status":"open","ping_status":"open","sticky":false,"template":"","format":"standard","meta":{"ngg_post_thumbnail":0,"jetpack_post_was_ever_published":false,"_jetpack_newsletter_access":"","footnotes":""},"categories":[1],"tags":[],"class_list":["post-2706","post","type-post","status-publish","format-standard","hentry","category-non-classe"],"jetpack_featured_media_url":"","jetpack-related-posts":[{"id":16164,"url":"http:\/\/www.letourismeaparis.fr\/index.php\/2015\/01\/19\/expo-vente-kyoto-contemporary-du-20-au-30-janvier\/","url_meta":{"origin":2706,"position":0},"title":"EXPO-VENTE Kyoto Contemporary du 20 au 30 janvier","author":"Fabienne TM","date":"19 janvier 2015","format":false,"excerpt":"Kyoto Contemporary Objets compos\u00e9s Paris-Kyoto\u00a0: Expo vente du mardi 20 au samedi 31 janvier 2015 La galerie des Ateliers de Paris accueille les savoir-faire ancestraux de la Ville de Kyoto associ\u00e9s au talent de designers parisiens et pr\u00e9sente une s\u00e9lection d\u2019objets d\u2019exception, fruits d\u2019une collaboration dynamique entre cr\u00e9atifs des deux\u2026","rel":"","context":"Dans &quot;Artisanat&quot;","block_context":{"text":"Artisanat","link":"http:\/\/www.letourismeaparis.fr\/index.php\/category\/culture\/musees-expositions\/artisanat\/"},"img":{"alt_text":"","src":"","width":0,"height":0},"classes":[]},{"id":8883,"url":"http:\/\/www.letourismeaparis.fr\/index.php\/2010\/11\/09\/apprenez-a-faire-des-sushis-pratiquez-likebanala-calligraphie-le-tai-chi-a-paris\/","url_meta":{"origin":2706,"position":1},"title":"Apprenez \u00e0 faire des Sushis, pratiquez l&#039;Ikebana,La calligraphie, Le Tai chi &#8230;\u00e0 Paris","author":"Fabienne TM","date":"9 novembre 2010","format":false,"excerpt":"Cuisine japonaise -Cours de sushi- Par Taeko OSHIMA Ce cours de sushi est un cours unique, permettant d'acqu\u00e9rir des bases sur la confection des sushis. Il est anim\u00e9 par une japonaise, ancienne propri\u00e9taire d'un restaurant de sushis. Les samedis de 10h \u00e0 13h30 (repas compris) reservations@ccfj-paris.org. Calligraphie japonaise par Yoko\u2026","rel":"","context":"Dans &quot;Non class\u00e9&quot;","block_context":{"text":"Non class\u00e9","link":"http:\/\/www.letourismeaparis.fr\/index.php\/category\/non-classe\/"},"img":{"alt_text":"","src":"","width":0,"height":0},"classes":[]},{"id":11632,"url":"http:\/\/www.letourismeaparis.fr\/index.php\/2012\/04\/10\/le-jardin-japonais-au-jardin-dacclimatation-jusquau-8-mai\/","url_meta":{"origin":2706,"position":2},"title":"Le Jardin Japonais au jardin d&#039;acclimatation jusqu&#039;au 8 mai","author":"Fabienne TM","date":"10 avril 2012","format":false,"excerpt":"Pplus de trois cents artistes, artisans et exposants m\u00e9tamorphoseront les all\u00e9es du jardin d'acclimatation\u00a0 pendant un mois et proposeront spectacles, concerts, d\u00e9fil\u00e9s et parades en plein air (danse, musique, th\u00e9\u00e2tre) mais aussi expositions, d\u00e9monstrations, ateliers dans des domaines\u00a0 vari\u00e9s . Une centaine d\u2019artisans et d\u2019exposants venus de toutes les r\u00e9gions\u2026","rel":"","context":"Dans &quot;Non class\u00e9&quot;","block_context":{"text":"Non class\u00e9","link":"http:\/\/www.letourismeaparis.fr\/index.php\/category\/non-classe\/"},"img":{"alt_text":"","src":"","width":0,"height":0},"classes":[]},{"id":18090,"url":"http:\/\/www.letourismeaparis.fr\/index.php\/2016\/03\/30\/ateliers-patisserie-de-style-japonais-shiratama-dango-dorayaki-et-uiro\/","url_meta":{"origin":2706,"position":3},"title":"Ateliers P\u00e2tisserie de style japonais  shiratama dango, dorayaki et uiro","author":"Fabienne TM","date":"30 mars 2016","format":false,"excerpt":"\u00a0 Du jeudi 16 au samedi 18 juin 2016 Anim\u00e9s par Mayu Fujino, la p\u00e2tissi\u00e8re et chocolati\u00e8re qui a remport\u00e9 un immense succ\u00e8s pendant le salon Id\u00e9es Japon de d\u00e9cembre dernier avec ses macarons bonhomme de neige et animaux au yuzu-chocolat blanc, ou caramel-s\u00e9same, ses tablettes de chocolat aux fleurs\u2026","rel":"","context":"Dans &quot;Cultures du Monde&quot;","block_context":{"text":"Cultures du Monde","link":"http:\/\/www.letourismeaparis.fr\/index.php\/category\/culture\/musees-expositions\/cultures-du-monde\/"},"img":{"alt_text":"","src":"","width":0,"height":0},"classes":[]},{"id":11666,"url":"http:\/\/www.letourismeaparis.fr\/index.php\/2012\/04\/26\/samedi-28-dimanche-29-lundi-30-avril-et-mardi-1er-mai-un-grand-week-end-tout-japon-au-jardin-dacclimatation\/","url_meta":{"origin":2706,"position":4},"title":"Samedi 28, dimanche 29, lundi 30 avril et mardi 1er mai , un grand week-end tout Japon au Jardin d\u2019Acclimatation","author":"Fabienne TM","date":"26 avril 2012","format":false,"excerpt":"Plus de 300 artistes et artisans\u00a0 se succ\u00e8dent jusqu\u2019au 8 mai. Ce week-end, quatre jours de rendez-vous avec des spectacles de musique et de danse, des d\u00e9fil\u00e9s de kimonos et de costumes, des parades, des ateliers de calligraphie, de kendo, de furoshiki, des contes po\u00e9tiques, des c\u00e9r\u00e9monies de th\u00e9, une\u2026","rel":"","context":"Dans &quot;Non class\u00e9&quot;","block_context":{"text":"Non class\u00e9","link":"http:\/\/www.letourismeaparis.fr\/index.php\/category\/non-classe\/"},"img":{"alt_text":"","src":"","width":0,"height":0},"classes":[]},{"id":26096,"url":"http:\/\/www.letourismeaparis.fr\/index.php\/2025\/03\/25\/ennichi-un-nouveau-festival-japonais\/","url_meta":{"origin":2706,"position":5},"title":"ENNICHI , un nouveau festival japonais","author":"Fabienne TM","date":"25 mars 2025","format":false,"excerpt":"samedi 29 et dimanche 30 mars 2025, au c\u0153ur du 10e arrondissement de Paris.Un week-end japonais festif avec un march\u00e9 de cr\u00e9ations, des d\u00e9gustations, des ateliers, des spectacles, des jeux\u2026 March\u00e9 de cr\u00e9ations japonaises \ud83c\udf59 Food & D\u00e9gustations Le restaurant Espace Gohan (12 rue de Nancy) sera \u00e9galement ouvert durant\u2026","rel":"","context":"Dans &quot;Artisanat&quot;","block_context":{"text":"Artisanat","link":"http:\/\/www.letourismeaparis.fr\/index.php\/category\/culture\/musees-expositions\/artisanat\/"},"img":{"alt_text":"","src":"https:\/\/i0.wp.com\/www.letourismeaparis.fr\/wp-content\/uploads\/2025\/03\/Capture-decran-2025-03-25-a-18.18.16.png?resize=350%2C200","width":350,"height":200},"classes":[]}],"jetpack_sharing_enabled":true,"jetpack_likes_enabled":true,"_links":{"self":[{"href":"http:\/\/www.letourismeaparis.fr\/index.php\/wp-json\/wp\/v2\/posts\/2706","targetHints":{"allow":["GET"]}}],"collection":[{"href":"http:\/\/www.letourismeaparis.fr\/index.php\/wp-json\/wp\/v2\/posts"}],"about":[{"href":"http:\/\/www.letourismeaparis.fr\/index.php\/wp-json\/wp\/v2\/types\/post"}],"author":[{"embeddable":true,"href":"http:\/\/www.letourismeaparis.fr\/index.php\/wp-json\/wp\/v2\/users\/2"}],"replies":[{"embeddable":true,"href":"http:\/\/www.letourismeaparis.fr\/index.php\/wp-json\/wp\/v2\/comments?post=2706"}],"version-history":[{"count":0,"href":"http:\/\/www.letourismeaparis.fr\/index.php\/wp-json\/wp\/v2\/posts\/2706\/revisions"}],"wp:attachment":[{"href":"http:\/\/www.letourismeaparis.fr\/index.php\/wp-json\/wp\/v2\/media?parent=2706"}],"wp:term":[{"taxonomy":"category","embeddable":true,"href":"http:\/\/www.letourismeaparis.fr\/index.php\/wp-json\/wp\/v2\/categories?post=2706"},{"taxonomy":"post_tag","embeddable":true,"href":"http:\/\/www.letourismeaparis.fr\/index.php\/wp-json\/wp\/v2\/tags?post=2706"}],"curies":[{"name":"wp","href":"https:\/\/api.w.org\/{rel}","templated":true}]}}