{"id":2722,"date":"2009-04-24T09:03:06","date_gmt":"2009-04-24T08:03:06","guid":{"rendered":"http:\/\/www.letourismeaparis.fr\/?p=2722"},"modified":"2009-04-24T09:03:06","modified_gmt":"2009-04-24T08:03:06","slug":"la-foire-de-paris-ouvre-ses-portes-le-30-avril","status":"publish","type":"post","link":"http:\/\/www.letourismeaparis.fr\/index.php\/2009\/04\/24\/la-foire-de-paris-ouvre-ses-portes-le-30-avril\/","title":{"rendered":"La foire de Paris ouvre ses portes le 30 avril"},"content":{"rendered":"<p>Courrez au\u00a0 festival\u00a0\u00bb tropiques en f\u00eates\u00a0\u00bb avec 50 concerts gratuits et\u00a0 allez au salon des richesses du monde d&rsquo;o\u00f9 vous pourrez rapporter l&rsquo;artisanat<!--more--> s\u00e9lectionn\u00e9 du monde entier: une\u00a0 v\u00e9ritable caverne d&rsquo;Ali Baba !<br \/>\n<a href=\"http:\/\/www\/foiredeparis.fr \">http:\/\/www.foiredeparis.fr <\/a><\/p>\n<h1><span style=\"color: #800080;\">http:\/\/www.letourismeaparis.fr<\/span><\/h1>\n","protected":false},"excerpt":{"rendered":"<p>Courrez au\u00a0 festival\u00a0\u00bb tropiques en f\u00eates\u00a0\u00bb avec 50 concerts gratuits et\u00a0 allez au salon des richesses du monde d&rsquo;o\u00f9 vous pourrez rapporter l&rsquo;artisanat<\/p>\n","protected":false},"author":2,"featured_media":0,"comment_status":"open","ping_status":"open","sticky":false,"template":"","format":"standard","meta":{"ngg_post_thumbnail":0,"jetpack_post_was_ever_published":false,"_jetpack_newsletter_access":"","footnotes":""},"categories":[1],"tags":[],"class_list":["post-2722","post","type-post","status-publish","format-standard","hentry","category-non-classe"],"jetpack_featured_media_url":"","jetpack-related-posts":[{"id":2823,"url":"http:\/\/www.letourismeaparis.fr\/index.php\/2009\/05\/06\/concert-le-jeudi-7-mai-de-la-musique-des-iles-a-la-foire-de-paris\/","url_meta":{"origin":2722,"position":0},"title":"Concert le  jeudi 7 mai de &quot; la musique des \u00eeles&quot;  \u00e0 la foire de Paris","author":"Fabienne TM","date":"6 mai 2009","format":false,"excerpt":"Courrez au\u00a0 festival\" tropiques en f\u00eates\" avec ses concerts gratuits et\u00a0 allez au salon des richesses du monde d'o\u00f9 vous pourrez rapporter l'artisanat\u00a0 s\u00e9lectionn\u00e9 du monde entier: une\u00a0 v\u00e9ritable caverne d'Ali Baba ! jeudi 7 mai \u00e0 20h30\u00a0\u00a0\u00a0\u00a0\u00a0\u00a0\u00a0\u00a0\u00a0\u00a0\u00a0 concert de la musique des \u00eeles vendredi 8 mai \u00e0 16h15\u00a0\u00a0\u00a0\u00a0 grand\u2026","rel":"","context":"Dans &quot;Non class\u00e9&quot;","block_context":{"text":"Non class\u00e9","link":"http:\/\/www.letourismeaparis.fr\/index.php\/category\/non-classe\/"},"img":{"alt_text":"","src":"","width":0,"height":0},"classes":[]},{"id":15103,"url":"http:\/\/www.letourismeaparis.fr\/index.php\/2014\/05\/08\/la-foire-de-paris-et-les-richesses-du-monde-vous-attendent-du-30-avril-au-11-mai\/","url_meta":{"origin":2722,"position":1},"title":"La Foire de Paris  et les richesses du monde vous attendent  du 30 avril au 11 mai","author":"Fabienne TM","date":"8 mai 2014","format":false,"excerpt":"RICHESSES DU MONDE De l\u2019Asie \u00e0 l\u2019Am\u00e9rique du sud, de l\u2019Oc\u00e9anie \u00e0 l\u2019Afrique, plus de 50 pays viennent partager la richesse de leur patrimoine artisanal et culinaire. Pavillons 5.1, 5.2 et 8 10 000 m\u00b2 d\u2019exposition 260 exposants :March\u00e9s du monde Objets d'art et d'artisanat D\u00e9coration Mode et accessoire ethniques\u2026","rel":"","context":"Dans &quot;Non class\u00e9&quot;","block_context":{"text":"Non class\u00e9","link":"http:\/\/www.letourismeaparis.fr\/index.php\/category\/non-classe\/"},"img":{"alt_text":"foire-de-paris-2014","src":"https:\/\/i0.wp.com\/www.letourismeaparis.fr\/wp-content\/uploads\/2014\/04\/foire-de-paris-2014.jpg?resize=350%2C200","width":350,"height":200},"classes":[]},{"id":13200,"url":"http:\/\/www.letourismeaparis.fr\/index.php\/2013\/03\/03\/les-cultures-du-monde-vous-font-voyager-a-la-foire-de-paris-du-30-avril-au-12-mai-2013\/","url_meta":{"origin":2722,"position":2},"title":"&quot;Les cultures du Monde&quot; vous font voyager \u00e0 La Foire de Paris du 30 avril au 12 mai 2013","author":"Fabienne TM","date":"3 mars 2013","format":false,"excerpt":"\"Les cultures du Monde\" vous font voyager \u00e0 La Foire de Paris du 30 avril au 12 mai 2013 De l\u2019Asie \u00e0 l\u2019Am\u00e9rique du sud, de l\u2019Oc\u00e9anie \u00e0 l\u2019Afrique, plus de 50 pays viennent partager la richesse de leur patrimoine artisanal et culinaire. \"Le Carr\u00e9 des Tr\u00e9sors Ethniques\" propose une\u2026","rel":"","context":"Dans &quot;Non class\u00e9&quot;","block_context":{"text":"Non class\u00e9","link":"http:\/\/www.letourismeaparis.fr\/index.php\/category\/non-classe\/"},"img":{"alt_text":"","src":"","width":0,"height":0},"classes":[]},{"id":7473,"url":"http:\/\/www.letourismeaparis.fr\/index.php\/2010\/05\/08\/la-foire-de-paris-se-tient-du-29-avril-au-9-mai-2010\/","url_meta":{"origin":2722,"position":3},"title":"La Foire de Paris : dernier week end !","author":"Fabienne TM","date":"8 mai 2010","format":false,"excerpt":"10h \u2013 19h sans interruption, d\u00e8s 9h30 les samedis, dimanches et jours f\u00e9ri\u00e9s. Nuit de la Foire, le 7 mai jusqu'\u00e0 23h. Porte de Versailles le cas f\u00e9minin, avec Plan\u00e8te Femme,\u00a0 les nouvelles technologies,le Concours L\u00e9pine 2010,le Podium de l'Innovation Le Carnaval Tropical ,une des plus grandes offres d'Europe en\u2026","rel":"","context":"Dans &quot;Non class\u00e9&quot;","block_context":{"text":"Non class\u00e9","link":"http:\/\/www.letourismeaparis.fr\/index.php\/category\/non-classe\/"},"img":{"alt_text":"","src":"","width":0,"height":0},"classes":[]},{"id":19725,"url":"http:\/\/www.letourismeaparis.fr\/index.php\/2017\/05\/05\/la-foire-de-paris-2017-se-tiendra-a-paris-expo-porte-de-versailles-du-27-avril-au-8-mai\/","url_meta":{"origin":2722,"position":4},"title":"LA FOIRE DE PARIS 2017 SE TIENDRA \u00c0 PARIS EXPO PORTE DE VERSAILLES DU 27 AVRIL AU 8 MAI.","author":"Fabienne TM","date":"5 mai 2017","format":false,"excerpt":"Vous y retrouverez le concours L\u00e9pine, le grand prix de l\u2019innovation, les richesses du monde, les terres des Tropiques, artisanat et m\u00e9tiers d\u2019art\u2026. Maison et habitat, loisirs et vie pratique, bien \u00eatre, mode et accessoires\u2026 \u00a0 Samedi 6 Mai : 10h \u00e0 19h Dimanche 7 Mai : 10h \u00e0 19h\u2026","rel":"","context":"Dans &quot;Non class\u00e9&quot;","block_context":{"text":"Non class\u00e9","link":"http:\/\/www.letourismeaparis.fr\/index.php\/category\/non-classe\/"},"img":{"alt_text":"","src":"","width":0,"height":0},"classes":[]},{"id":25068,"url":"http:\/\/www.letourismeaparis.fr\/index.php\/2023\/06\/28\/le-festival-namaste-france\/","url_meta":{"origin":2722,"position":5},"title":"Le festival Namast\u00e9 France 6-9 juillet","author":"Fabienne TM","date":"28 juin 2023","format":false,"excerpt":"La Seine musicale accueille ce festival. L'Ambassade d'Inde \u00e0 Paris organise le festival Namast\u00e9 France afin de c\u00e9l\u00e9brer avec faste les 25 ans du partenariat strat\u00e9gique entre l'Inde et la France Pendant le festival, Namast\u00e9 France mettra en valeur un m\u00e9lange \u00e9clectique du meilleur des traditions culturelles vivantes et des\u2026","rel":"","context":"Dans &quot;Artisanat&quot;","block_context":{"text":"Artisanat","link":"http:\/\/www.letourismeaparis.fr\/index.php\/category\/culture\/musees-expositions\/artisanat\/"},"img":{"alt_text":"","src":"https:\/\/i0.wp.com\/www.letourismeaparis.fr\/wp-content\/uploads\/2023\/03\/Capture-decran-2023-03-21-a-18.10.01.png?resize=350%2C200","width":350,"height":200,"srcset":"https:\/\/i0.wp.com\/www.letourismeaparis.fr\/wp-content\/uploads\/2023\/03\/Capture-decran-2023-03-21-a-18.10.01.png?resize=350%2C200 1x, https:\/\/i0.wp.com\/www.letourismeaparis.fr\/wp-content\/uploads\/2023\/03\/Capture-decran-2023-03-21-a-18.10.01.png?resize=525%2C300 1.5x"},"classes":[]}],"jetpack_sharing_enabled":true,"jetpack_likes_enabled":true,"_links":{"self":[{"href":"http:\/\/www.letourismeaparis.fr\/index.php\/wp-json\/wp\/v2\/posts\/2722","targetHints":{"allow":["GET"]}}],"collection":[{"href":"http:\/\/www.letourismeaparis.fr\/index.php\/wp-json\/wp\/v2\/posts"}],"about":[{"href":"http:\/\/www.letourismeaparis.fr\/index.php\/wp-json\/wp\/v2\/types\/post"}],"author":[{"embeddable":true,"href":"http:\/\/www.letourismeaparis.fr\/index.php\/wp-json\/wp\/v2\/users\/2"}],"replies":[{"embeddable":true,"href":"http:\/\/www.letourismeaparis.fr\/index.php\/wp-json\/wp\/v2\/comments?post=2722"}],"version-history":[{"count":0,"href":"http:\/\/www.letourismeaparis.fr\/index.php\/wp-json\/wp\/v2\/posts\/2722\/revisions"}],"wp:attachment":[{"href":"http:\/\/www.letourismeaparis.fr\/index.php\/wp-json\/wp\/v2\/media?parent=2722"}],"wp:term":[{"taxonomy":"category","embeddable":true,"href":"http:\/\/www.letourismeaparis.fr\/index.php\/wp-json\/wp\/v2\/categories?post=2722"},{"taxonomy":"post_tag","embeddable":true,"href":"http:\/\/www.letourismeaparis.fr\/index.php\/wp-json\/wp\/v2\/tags?post=2722"}],"curies":[{"name":"wp","href":"https:\/\/api.w.org\/{rel}","templated":true}]}}