{"id":2751,"date":"2009-04-28T09:00:25","date_gmt":"2009-04-28T08:00:25","guid":{"rendered":"http:\/\/www.letourismeaparis.fr\/?p=2751"},"modified":"2009-04-28T09:00:25","modified_gmt":"2009-04-28T08:00:25","slug":"mardi-28-avril-au-grand-palais-loeuvre-dart-doit-elle-avoir-un-sens","status":"publish","type":"post","link":"http:\/\/www.letourismeaparis.fr\/index.php\/2009\/04\/28\/mardi-28-avril-au-grand-palais-loeuvre-dart-doit-elle-avoir-un-sens\/","title":{"rendered":"Mardi 28 avril au Grand Palais :l\u2019oeuvre d\u2019art doit-elle avoir un sens ?"},"content":{"rendered":"<p>Le Grand Palais et les Presses universitaires de France vous invitent aux <strong><span style=\"color: #008080;\">\u00ab Mardis du Grand Palais \u00bb,<\/span><\/strong> soir\u00e9es de conf\u00e9rences-d\u00e9bats sur des th\u00e8mes d\u2019actualit\u00e9 culturelle. Cycle Art contemporain <strong><span style=\"color: #008080;\">Mardi 28 avril de 18h30 \u00e0 20h <\/span><\/strong>\u00ab L\u2019oeuvre d\u2019art doit-elle avoir un sens ? \u00bb Entr\u00e9e libre \u2013 Salle de projection du Grand Palais<br \/>\nProchaines soir\u00e9es du cycle Art contemporain : &#8211; <strong><span style=\"color: #008080;\">Mardi 5 mai <\/span><\/strong>: \u00ab De l\u2019observation \u00e0 la co-cr\u00e9ation : o\u00f9 est la place du spectateur ? \u00bb<br \/>\nconfirmer\u00a0 votre pr\u00e9sence\u00a0 : mardis@grandpalais.fr\u00a0 Se pr\u00e9senter \u00e0 l\u2019entr\u00e9e \u00e0 18h10 avec le mail de confirmation venant du Grand Palais.<br \/>\nEntr\u00e9e par la rotonde Alexandre-III, \u00e0 l\u2019angle de l\u2019avenue Winston-Churchill et du Cours-la-Reine, 75008 Paris. ur <a href=\"http:\/\/www.grandpalais.fr \">http:\/\/www.grandpalais.fr <\/a><br \/>\n<a href=\"http:\/\/ www.puf.com\">http:\/\/ www.puf.com<\/a><\/p>\n","protected":false},"excerpt":{"rendered":"<p>Le Grand Palais et les Presses universitaires de France vous invitent aux \u00ab Mardis du Grand Palais \u00bb, soir\u00e9es de conf\u00e9rences-d\u00e9bats sur des th\u00e8mes d\u2019actualit\u00e9 culturelle. Cycle Art contemporain Mardi 28 avril de 18h30 \u00e0 20h \u00ab L\u2019oeuvre d\u2019art doit-elle&#8230;<\/p>\n","protected":false},"author":2,"featured_media":0,"comment_status":"open","ping_status":"open","sticky":false,"template":"","format":"standard","meta":{"ngg_post_thumbnail":0,"jetpack_post_was_ever_published":false,"_jetpack_newsletter_access":"","footnotes":""},"categories":[1],"tags":[],"class_list":["post-2751","post","type-post","status-publish","format-standard","hentry","category-non-classe"],"jetpack_featured_media_url":"","jetpack-related-posts":[{"id":3189,"url":"http:\/\/www.letourismeaparis.fr\/index.php\/2009\/06\/08\/mardi-du-grand-palais-9-juin-le-texte-dans-tous-ses-etats\/","url_meta":{"origin":2751,"position":0},"title":"&quot; Mardi du Grand Palais&quot; : 9 juin :&quot;le texte dans tous ses \u00e9tats&quot;","author":"Fabienne TM","date":"8 juin 2009","format":false,"excerpt":"Le Grand Palais et les Presses universitaires de France vous invitent\u00a0 \u00e0\u00a0 une\u00a0 conf\u00e9rence-d\u00e9bat\u00a0 : Cycle Ecriture Mardi 9 juin de 18h30 \u00e0 20h \u00ab Ecrire, lire, jouer : le texte dans tous ses \u00e9tats \u00bb Entr\u00e9e libre \u2013 Salle de projection du Grand Palais\" Nombre de places limit\u00e9 -\u2026","rel":"","context":"Dans &quot;Non class\u00e9&quot;","block_context":{"text":"Non class\u00e9","link":"http:\/\/www.letourismeaparis.fr\/index.php\/category\/non-classe\/"},"img":{"alt_text":"","src":"","width":0,"height":0},"classes":[]},{"id":2413,"url":"http:\/\/www.letourismeaparis.fr\/index.php\/2009\/03\/24\/les-mardis-du-grand-palais-cycle-mode-mardi-24-mars-a-18h30\/","url_meta":{"origin":2751,"position":1},"title":"Les mardis du Grand Palais, Cycle Mode : Mardi 7 avil  \u00e0 18h30","author":"Fabienne TM","date":"24 mars 2009","format":false,"excerpt":"Cycle Mode Mardi 7 avril de 18h30 \u00e0 20h \u00ab Toutes (et tous) victimes de la mode ? \u00bb Entr\u00e9e libre avec :Pascale Camart, directrice du d\u00e9partement Achats Femme aux Galeries Lafayette,Fran\u00e7oise Emsalem, journaliste et secr\u00e9taire de r\u00e9daction pour la presse mode,Marc Lamour, agent de mannequins chez Elite Mod\u00e9rateur :\u2026","rel":"","context":"Dans &quot;Non class\u00e9&quot;","block_context":{"text":"Non class\u00e9","link":"http:\/\/www.letourismeaparis.fr\/index.php\/category\/non-classe\/"},"img":{"alt_text":"","src":"","width":0,"height":0},"classes":[]},{"id":2532,"url":"http:\/\/www.letourismeaparis.fr\/index.php\/2009\/04\/06\/toutes-et-tous-victimes-de-la-mode-conference-debat-au-grand-palais-mardi-7-avril\/","url_meta":{"origin":2751,"position":2},"title":"\u00ab Victimes de la mode \u00bb ? conf\u00e9rence-d\u00e9bat au grand palais mardi 7 avril","author":"Fabienne TM","date":"6 avril 2009","format":false,"excerpt":"Cycle Mode Mardi 7 avril de 18h30 \u00e0 20h \u00ab Toutes (et tous) victimes de la mode ? \u00bb Entr\u00e9e libre avec :Pascale Camart, directrice du d\u00e9partement Achats Femme aux Galeries Lafayette,Fran\u00e7oise Emsalem, journaliste et secr\u00e9taire de r\u00e9daction pour la presse mode,Marc Lamour, agent de mannequins chez Elite Mod\u00e9rateur :\u2026","rel":"","context":"Dans &quot;Non class\u00e9&quot;","block_context":{"text":"Non class\u00e9","link":"http:\/\/www.letourismeaparis.fr\/index.php\/category\/non-classe\/"},"img":{"alt_text":"","src":"","width":0,"height":0},"classes":[]},{"id":5714,"url":"http:\/\/www.letourismeaparis.fr\/index.php\/2009\/12\/14\/les-mardis-du-grand-palais-de-grands-debats-sur-des-sujets-multiples\/","url_meta":{"origin":2751,"position":3},"title":"Les&quot; Mardis&quot; du Grand Palais : de grands d\u00e9bats sur des sujets multiples","author":"Fabienne TM","date":"14 d\u00e9cembre 2009","format":false,"excerpt":"Mardi 15 d\u00e9cembre\u00a0 de 18h30 \u00e0 20 h \u00ab Industrie culturelle : quelle place les imp\u00e9ratifs \u00e9conomiques laissent-ils \u00e0 la cr\u00e9ation ? \u00bb. les Mardis du Grand Palais sont des soir\u00e9es de conf\u00e9rences-d\u00e9bats, ouvertes au public, enti\u00e8rement gratuites, qui r\u00e9unissent chaque semaine plusieurs invit\u00e9s autour d\u2019un mod\u00e9rateur, Arnaud Laporte, journaliste\u2026","rel":"","context":"Dans &quot;Non class\u00e9&quot;","block_context":{"text":"Non class\u00e9","link":"http:\/\/www.letourismeaparis.fr\/index.php\/category\/non-classe\/"},"img":{"alt_text":"","src":"https:\/\/i0.wp.com\/www.letourismeaparis.fr\/wp-content\/uploads\/2009\/12\/P11301901-300x225.jpg?resize=350%2C200","width":350,"height":200},"classes":[]},{"id":14930,"url":"http:\/\/www.letourismeaparis.fr\/index.php\/2014\/08\/17\/paris-1900-la-ville-spectacle-au-petit-palais\/","url_meta":{"origin":2751,"position":4},"title":"\u00ab PARIS 1900, LA VILLE SPECTACLE \u00bb au Petit Palais : films, concerts et conf\u00e9rences","author":"Fabienne TM","date":"17 ao\u00fbt 2014","format":false,"excerpt":"\u00a0L'exposition invite le public \u00e0 revivre les heures fastes de la capitale fran\u00e7aise au moment o\u00f9 elle accueille l\u2019Exposition Universelle qui inaugure en fanfare le 20e si\u00e8cle. Plus que jamais la ville rayonne aux yeux du monde entier comme la cit\u00e9 du luxe et de l\u2019art de vivre. Plus de\u2026","rel":"","context":"Dans &quot;Mus\u00e9es \/ Expositions&quot;","block_context":{"text":"Mus\u00e9es \/ Expositions","link":"http:\/\/www.letourismeaparis.fr\/index.php\/category\/culture\/musees-expositions\/"},"img":{"alt_text":"","src":"","width":0,"height":0},"classes":[]},{"id":2904,"url":"http:\/\/www.letourismeaparis.fr\/index.php\/2009\/05\/17\/yann-arthus-bertrand-invite-aux-mardis-du-grand-palais-le-19-mai\/","url_meta":{"origin":2751,"position":5},"title":"Yann Arthus-Bertrand invit\u00e9 aux Mardis du Grand Palais le 19 mai","author":"Fabienne TM","date":"17 mai 2009","format":false,"excerpt":"Les Mardis du Grand Palais de 18h30 \u00e0 20h : cycle utopie mardi 19 mai: \"Vivre ensemble sur terre au XXI\u00e8me si\u00e8cle : une utopie ?\" Les invit\u00e9s au d\u00e9bat\u00a0 seront : - Yann Arthus-Bertrand, photographe et pr\u00e9sident de l\u2019association GoodPlanet , Antonio Casilli, sociologue,Jean-Pierre Doussin, vice-pr\u00e9sident de Max Havelaar\u2026","rel":"","context":"Dans &quot;Non class\u00e9&quot;","block_context":{"text":"Non class\u00e9","link":"http:\/\/www.letourismeaparis.fr\/index.php\/category\/non-classe\/"},"img":{"alt_text":"","src":"","width":0,"height":0},"classes":[]}],"jetpack_sharing_enabled":true,"jetpack_likes_enabled":true,"_links":{"self":[{"href":"http:\/\/www.letourismeaparis.fr\/index.php\/wp-json\/wp\/v2\/posts\/2751","targetHints":{"allow":["GET"]}}],"collection":[{"href":"http:\/\/www.letourismeaparis.fr\/index.php\/wp-json\/wp\/v2\/posts"}],"about":[{"href":"http:\/\/www.letourismeaparis.fr\/index.php\/wp-json\/wp\/v2\/types\/post"}],"author":[{"embeddable":true,"href":"http:\/\/www.letourismeaparis.fr\/index.php\/wp-json\/wp\/v2\/users\/2"}],"replies":[{"embeddable":true,"href":"http:\/\/www.letourismeaparis.fr\/index.php\/wp-json\/wp\/v2\/comments?post=2751"}],"version-history":[{"count":0,"href":"http:\/\/www.letourismeaparis.fr\/index.php\/wp-json\/wp\/v2\/posts\/2751\/revisions"}],"wp:attachment":[{"href":"http:\/\/www.letourismeaparis.fr\/index.php\/wp-json\/wp\/v2\/media?parent=2751"}],"wp:term":[{"taxonomy":"category","embeddable":true,"href":"http:\/\/www.letourismeaparis.fr\/index.php\/wp-json\/wp\/v2\/categories?post=2751"},{"taxonomy":"post_tag","embeddable":true,"href":"http:\/\/www.letourismeaparis.fr\/index.php\/wp-json\/wp\/v2\/tags?post=2751"}],"curies":[{"name":"wp","href":"https:\/\/api.w.org\/{rel}","templated":true}]}}