{"id":387,"date":"2008-10-13T10:08:21","date_gmt":"2008-10-13T09:08:21","guid":{"rendered":"http:\/\/www.letourismeaparis.fr\/?p=387"},"modified":"2008-10-13T10:08:21","modified_gmt":"2008-10-13T09:08:21","slug":"un-automne-japonais-a-paris-1","status":"publish","type":"post","link":"http:\/\/www.letourismeaparis.fr\/index.php\/2008\/10\/13\/un-automne-japonais-a-paris-1\/","title":{"rendered":"Un automne japonais \u00e0 Paris (1)"},"content":{"rendered":"<p>De nombreuses manifestations c\u00e9l\u00e8brent le 150\u00e8me anniversaire des relations officielles entre la France et l&rsquo;Empire du Soleil levant.<br \/>\n\u00ab\u00a0La maison du Japon\u00a0\u00bb et les petits objets design (22\/10-31\/01)<br \/>\n101 quai Branly Paris- 75015  <a href=\"http:\/\/www.mcjp.asso.fr\">www.mcjp.asso.fr<\/a><br \/>\n\u00ab\u00a0Le mus\u00e9e Cernuschi \u00ab\u00a0:\u00a0\u00bbsplendeurs des courtisanes\u00a0\u00bb avec ses peintures ukio-e, ses paravents et rouleaux.(par roulement jusqu&rsquo;au 04\/01, interruption du 09\/11 au18\/11)<br \/>\n7,avenue Velasquez   Paris- 750o8       <a href=\"http:\/\/www.cernuschi.paris.fr\"> www.cernuschi.paris.fr<\/a><br \/>\n<a href=\"http:\/\/www.letourismeaparis.fr\/wp-admin\/www.letourismeaparis.fr\"><strong><font color=\"#ff0000\"><em>www.letourismeaparis.fr<\/em> <\/font><\/strong><\/a><\/p>\n","protected":false},"excerpt":{"rendered":"<p>De nombreuses manifestations c\u00e9l\u00e8brent le 150\u00e8me anniversaire des relations officielles entre la France et l&rsquo;Empire du Soleil levant. \u00ab\u00a0La maison du Japon\u00a0\u00bb et les petits objets design (22\/10-31\/01) 101 quai Branly Paris- 75015 www.mcjp.asso.fr \u00ab\u00a0Le mus\u00e9e Cernuschi \u00ab\u00a0:\u00a0\u00bbsplendeurs des courtisanes\u00a0\u00bb&#8230;<\/p>\n","protected":false},"author":2,"featured_media":0,"comment_status":"open","ping_status":"open","sticky":false,"template":"","format":"standard","meta":{"ngg_post_thumbnail":0,"jetpack_post_was_ever_published":false,"_jetpack_newsletter_access":"","footnotes":""},"categories":[1],"tags":[],"class_list":["post-387","post","type-post","status-publish","format-standard","hentry","category-non-classe"],"jetpack_featured_media_url":"","jetpack-related-posts":[{"id":8452,"url":"http:\/\/www.letourismeaparis.fr\/index.php\/2010\/09\/07\/le-japon-a-paris\/","url_meta":{"origin":387,"position":0},"title":"Le Japon \u00e0 Paris","author":"Fabienne TM","date":"7 septembre 2010","format":false,"excerpt":"Maison de la Culture du Japon \u00e0 Paris 101 bis quai Branly 75015 Paris T\u00e9l : 01 44 37 95 00 http:\/\/www.mcjp.asso.fr Espace culturel Bertin Poir\u00e9e 8-12 rue Bertin Poir\u00e9e 75001 Paris T\u00e9l : 01 44 76 06 06 info@tenri-paris.com http:\/\/www.tenri-paris.com Centre Culturel Franco-Japonais 8\/10 passage Turquetil 75011 Paris T\u00e9l\u2026","rel":"","context":"Dans &quot;Non class\u00e9&quot;","block_context":{"text":"Non class\u00e9","link":"http:\/\/www.letourismeaparis.fr\/index.php\/category\/non-classe\/"},"img":{"alt_text":"","src":"","width":0,"height":0},"classes":[]},{"id":2706,"url":"http:\/\/www.letourismeaparis.fr\/index.php\/2009\/04\/23\/le-japon-a-paris-a-la-maison-du-japon-et\/","url_meta":{"origin":387,"position":1},"title":"Le Japon \u00e0 Paris \u00e0 la Maison du Japon et au centre japonais","author":"Fabienne TM","date":"23 avril 2009","format":false,"excerpt":"\" l'esprit du Bud\u00f4, l'histoire des arts martiaux au Japon\",une expo-Ateliers Id\u00e9es Japon,Un atelier de cuisine japonaise La maison du Japon pr\u00e9sente\u00a0 une exposition jusqu'au 5 juillet : vous y verrez des r\u00e9pliques\u00a0 de cuirasses, casques,sabres.. puis\u00a0\u00a0 les neuf f\u00e9d\u00e9rations japonaises d\u2019arts martiaux : le judo ou le karat\u00e9\u00a0 qui\u2026","rel":"","context":"Dans &quot;Non class\u00e9&quot;","block_context":{"text":"Non class\u00e9","link":"http:\/\/www.letourismeaparis.fr\/index.php\/category\/non-classe\/"},"img":{"alt_text":"","src":"","width":0,"height":0},"classes":[]},{"id":1827,"url":"http:\/\/www.letourismeaparis.fr\/index.php\/2009\/02\/06\/les-nouveaux-talents-japonais-de-la-musique-a-la-maison-de-la-culture-du-japon-vendredi-6-et-samedi-7-fevrier-a-20h\/","url_meta":{"origin":387,"position":2},"title":"Les nouveaux talents japonais de la musique  \u00e0 la maison de la culture du Japon vendredi 6 et samedi 7 f\u00e9vrier \u00e0 20h","author":"Fabienne TM","date":"6 f\u00e9vrier 2009","format":false,"excerpt":"http:\/\/www.letourismeaparis.fr Les nouveaux talents japonais de la musique\u00a0 \u00e0 la maison de la culture du Japon : Vendredi 6 f\u00e9vrier \u00e0 20h Akihiro Sakiya - piano Franz Liszt, Rhapsodie hongroise n\u00b0 12, Henri Dutilleux, Sonate pour piano, 3e mouvement, Olivier Messiaen, Regard n\u00b0 4 \u00ab Regard de la vierge \u00bb...\u2026","rel":"","context":"Dans &quot;Non class\u00e9&quot;","block_context":{"text":"Non class\u00e9","link":"http:\/\/www.letourismeaparis.fr\/index.php\/category\/non-classe\/"},"img":{"alt_text":"","src":"","width":0,"height":0},"classes":[]},{"id":25320,"url":"http:\/\/www.letourismeaparis.fr\/index.php\/2023\/10\/06\/retour-dasie-jusquau-4-fevrier-2024\/","url_meta":{"origin":387,"position":3},"title":"\u00ab\u00a0Retour d\u2019Asie\u00a0\u00bb jusqu\u2019au 4 F\u00e9vrier 2024","author":"Fabienne TM","date":"6 octobre 2023","format":false,"excerpt":"D\u00e9couvrez notamment des bronzes exceptionnels.... Rendez-vous au BAL MUSICAL le 15 octobre de 14h \u00e0 16h Cette exposition propos\u00e9e \u00e0 l\u2019occasion de la c\u00e9l\u00e9bration du 150\u00e8me anniversaire du retour d\u2019Asie d'Henri Cernuschi invite \u00e0 d\u00e9couvrir, ou red\u00e9couvrir, l\u2019itin\u00e9raire du voyageur et collectionneur dont la contribution novatrice a permis de faire\u2026","rel":"","context":"Dans &quot;Cultures du Monde&quot;","block_context":{"text":"Cultures du Monde","link":"http:\/\/www.letourismeaparis.fr\/index.php\/category\/culture\/musees-expositions\/cultures-du-monde\/"},"img":{"alt_text":"","src":"","width":0,"height":0},"classes":[]},{"id":21978,"url":"http:\/\/www.letourismeaparis.fr\/index.php\/2019\/01\/28\/foujita-a-la-maison-de-la-culture-et-du-japon\/","url_meta":{"origin":387,"position":4},"title":"Foujita \u00e0 la maison de la culture et du Japon","author":"Fabienne TM","date":"28 janvier 2019","format":false,"excerpt":"La Maison de la Culture du Japon, pr\u00e9sente une exposition du peintre Foujita jusqu\u2019au 16 mars 2019. Foujita, Autoportrait, 1929, The National Museum of Modern Art, Tokyo \u00a9 FONDATION FOUJITA \/ ADAGP, PARIS, 2018 \u00ab Foujita, \u0153uvres d\u2019une vie (1886-1968) \u00bb est une r\u00e9trospective du premier artiste japonais de renomm\u00e9e\u2026","rel":"","context":"Dans &quot;Non class\u00e9&quot;","block_context":{"text":"Non class\u00e9","link":"http:\/\/www.letourismeaparis.fr\/index.php\/category\/non-classe\/"},"img":{"alt_text":"","src":"","width":0,"height":0},"classes":[]},{"id":14725,"url":"http:\/\/www.letourismeaparis.fr\/index.php\/2014\/03\/20\/bois-sacre-au-quai-branly-une-nouvelle-exposition-partir-du-4-mars\/","url_meta":{"origin":387,"position":5},"title":"&quot;BOIS SACR\u00c9&quot; au quai Branly, une nouvelle exposition","author":"Fabienne TM","date":"20 mars 2014","format":false,"excerpt":"Sur le continent africain, le moment de l\u2019initiation marque un passage obligatoire pour chaque individu. Pour certains pays d\u2019Afrique de l\u2019Ouest, c\u2019est l\u2019initiation\u00a0Poroqui joue un r\u00f4le primordial dans plusieurs communaut\u00e9s dans la r\u00e9gion. L\u2019exposition porte plus pr\u00e9cis\u00e9ment sur les soci\u00e9t\u00e9s secr\u00e8tes des for\u00eats guin\u00e9ennes : Lib\u00e9ria, Guin\u00e9e, C\u00f4te d\u2019Ivoire. Le\u2026","rel":"","context":"Dans &quot;Cultures du Monde&quot;","block_context":{"text":"Cultures du Monde","link":"http:\/\/www.letourismeaparis.fr\/index.php\/category\/culture\/musees-expositions\/cultures-du-monde\/"},"img":{"alt_text":"","src":"","width":0,"height":0},"classes":[]}],"jetpack_sharing_enabled":true,"jetpack_likes_enabled":true,"_links":{"self":[{"href":"http:\/\/www.letourismeaparis.fr\/index.php\/wp-json\/wp\/v2\/posts\/387","targetHints":{"allow":["GET"]}}],"collection":[{"href":"http:\/\/www.letourismeaparis.fr\/index.php\/wp-json\/wp\/v2\/posts"}],"about":[{"href":"http:\/\/www.letourismeaparis.fr\/index.php\/wp-json\/wp\/v2\/types\/post"}],"author":[{"embeddable":true,"href":"http:\/\/www.letourismeaparis.fr\/index.php\/wp-json\/wp\/v2\/users\/2"}],"replies":[{"embeddable":true,"href":"http:\/\/www.letourismeaparis.fr\/index.php\/wp-json\/wp\/v2\/comments?post=387"}],"version-history":[{"count":0,"href":"http:\/\/www.letourismeaparis.fr\/index.php\/wp-json\/wp\/v2\/posts\/387\/revisions"}],"wp:attachment":[{"href":"http:\/\/www.letourismeaparis.fr\/index.php\/wp-json\/wp\/v2\/media?parent=387"}],"wp:term":[{"taxonomy":"category","embeddable":true,"href":"http:\/\/www.letourismeaparis.fr\/index.php\/wp-json\/wp\/v2\/categories?post=387"},{"taxonomy":"post_tag","embeddable":true,"href":"http:\/\/www.letourismeaparis.fr\/index.php\/wp-json\/wp\/v2\/tags?post=387"}],"curies":[{"name":"wp","href":"https:\/\/api.w.org\/{rel}","templated":true}]}}