{"id":391,"date":"2008-10-16T16:21:48","date_gmt":"2008-10-16T15:21:48","guid":{"rendered":"http:\/\/www.letourismeaparis.fr\/?p=391"},"modified":"2008-10-16T16:21:48","modified_gmt":"2008-10-16T15:21:48","slug":"un-automne-japonais-a-paris2","status":"publish","type":"post","link":"http:\/\/www.letourismeaparis.fr\/index.php\/2008\/10\/16\/un-automne-japonais-a-paris2\/","title":{"rendered":"Un automne japonais \u00e0 Paris(2)"},"content":{"rendered":"<p><a href=\"http:\/\/www.letourismeaparis.fr\/\"><strong><font color=\"#ff6600\">www.letourismeaparis.fr<\/font><\/strong><\/a><br \/>\n<strong><font color=\"#ff0000\">Konpira-San, Sanctuaire de la mer-Tr\u00e9sors de la peinture Japonaise <\/font><\/strong><br \/>\nLe Mus\u00e9e Guimet accueille pour premi\u00e8re fois en dehors du Japon des peintures sur paravents et cloisons datant du XVIII\u00e8me si\u00e8cle et appartenant aux temples Konpira.Vous pourrez admirer des tigres, grues \u00e0 cou blanc, oies sauvages mais aussi des c\u00e8dres,roseaux, bambous ou cam\u00e9lia&#8230;<br \/>\n<a href=\"http:\/\/www.guimet.fr\">www.guimet.fr<\/a><br \/>\n<strong><font color=\"#008080\">L\u2019esprit Mingei au Japon <\/font><\/strong>: de l\u2019artisanat populaire au design<br \/>\n<a href=\"http:\/\/www.quaibranly.fr\/\"> http:\/\/www.quaibranly.fr<\/a><\/p>\n","protected":false},"excerpt":{"rendered":"<p>www.letourismeaparis.fr Konpira-San, Sanctuaire de la mer-Tr\u00e9sors de la peinture Japonaise Le Mus\u00e9e Guimet accueille pour premi\u00e8re fois en dehors du Japon des peintures sur paravents et cloisons datant du XVIII\u00e8me si\u00e8cle et appartenant aux temples Konpira.Vous pourrez admirer des tigres,&#8230;<\/p>\n","protected":false},"author":2,"featured_media":0,"comment_status":"open","ping_status":"open","sticky":false,"template":"","format":"standard","meta":{"ngg_post_thumbnail":0,"jetpack_post_was_ever_published":false,"_jetpack_newsletter_access":"","footnotes":""},"categories":[1],"tags":[],"class_list":["post-391","post","type-post","status-publish","format-standard","hentry","category-non-classe"],"jetpack_featured_media_url":"","jetpack-related-posts":[{"id":561,"url":"http:\/\/www.letourismeaparis.fr\/index.php\/2008\/12\/03\/tresors-de-la-peinture-japonaise\/","url_meta":{"origin":391,"position":0},"title":"Tr\u00e9sors de la peinture japonaise","author":"Fabienne TM","date":"3 d\u00e9cembre 2008","format":false,"excerpt":"L\u2019exposition se propose de montrer, pour la premi\u00e8re fois en dehors du Japon, l\u2019essentiel des oeuvres, pour la plupart des peintures murales de grande envergure (cloisons coulissantes et paravents) participant de l\u2019architecture int\u00e9rieure des b\u00e2timents du sanctuaire de Kotohira-g\u00fb. Vous d\u00e9couvrirez : Les salles des grues,des tigres ,\u00a0 des paysages\u2026","rel":"","context":"Dans &quot;Non class\u00e9&quot;","block_context":{"text":"Non class\u00e9","link":"http:\/\/www.letourismeaparis.fr\/index.php\/category\/non-classe\/"},"img":{"alt_text":"","src":"","width":0,"height":0},"classes":[]},{"id":9475,"url":"http:\/\/www.letourismeaparis.fr\/index.php\/2011\/02\/02\/les-nombreuses-activites-du-musee-guimet-pour-petits-et-grands\/","url_meta":{"origin":391,"position":1},"title":"Les nombreuses activit\u00e9s du mus\u00e9e Guimet  pour petits et grands &#8230;","author":"Fabienne TM","date":"2 f\u00e9vrier 2011","format":false,"excerpt":"POUR LES 16-25 ANS ET PLUS! Zen et samoura\u00efs dans la culture populaire du Japon d\u2019aujourd\u2019hui avec Charl\u00e8ne Veillon Le\u00a0 samedi 19 f\u00e9vrier, \u00e0 14h30, rez-de-jardin, salle des lotus SAVOIRS ET SAVOIRS-FAIRE Nihonga, peinture japonaise \u2013 transparences, couleurs et ors avec Chen Yiching Le samedi 19 f\u00e9vrier, \u00e0 15h, rez-de-jardin,\u2026","rel":"","context":"Dans &quot;Non class\u00e9&quot;","block_context":{"text":"Non class\u00e9","link":"http:\/\/www.letourismeaparis.fr\/index.php\/category\/non-classe\/"},"img":{"alt_text":"","src":"","width":0,"height":0},"classes":[]},{"id":22129,"url":"http:\/\/www.letourismeaparis.fr\/index.php\/2019\/02\/28\/promenade-au-japon-un-regard-sur-la-collection-du-musee-cernuschi\/","url_meta":{"origin":391,"position":2},"title":"Promenade au Japon, un regard sur la collection du mus\u00e9e Cernuschi","author":"Fabienne TM","date":"28 f\u00e9vrier 2019","format":false,"excerpt":"Cet accrochage in\u00e9dit invite les visiteurs \u00e0 d\u00e9couvrir de quelle mani\u00e8re les derni\u00e8res acquisitions du mus\u00e9e dialoguent avec les chefs-d\u2019\u0153uvre r\u00e9unis par son fondateur il y a plus de cent vingt ans. Accueil Expositions Promenade au Japon, un regard sur la collection Partager sur Facebook Partager sur Twitter Le fonds\u2026","rel":"","context":"Dans &quot;Non class\u00e9&quot;","block_context":{"text":"Non class\u00e9","link":"http:\/\/www.letourismeaparis.fr\/index.php\/category\/non-classe\/"},"img":{"alt_text":"","src":"","width":0,"height":0},"classes":[]},{"id":8892,"url":"http:\/\/www.letourismeaparis.fr\/index.php\/2010\/10\/24\/vacances-de-la-toussaint-exposition-costumes-denfants-miroir-des-grands-au-musee-guimet\/","url_meta":{"origin":391,"position":3},"title":"Vacances de la Toussaint :Exposition Costumes d\u2019enfants, miroir des grands \u00bb au mus\u00e9e Guimet","author":"Fabienne TM","date":"24 octobre 2010","format":false,"excerpt":"Un panorama des v\u00eatements port\u00e9s \u00e0 l\u2019occasion de c\u00e9r\u00e9monies d\u2019apparat, de c\u00e9l\u00e9brations religieuses ou de fa\u00e7on quotidienne par les \u00ab petits d\u2019hommes \u00bb dans des pays diversifi\u00e9s : l\u2019Inde, la Chine, le Japon ou l\u2019Indon\u00e9sie. , un livret jeux est remis aux enfants de 7 \u00e0 12 ans, pour d\u00e9couvrir\u2026","rel":"","context":"Dans &quot;Non class\u00e9&quot;","block_context":{"text":"Non class\u00e9","link":"http:\/\/www.letourismeaparis.fr\/index.php\/category\/non-classe\/"},"img":{"alt_text":"","src":"","width":0,"height":0},"classes":[]},{"id":153,"url":"http:\/\/www.letourismeaparis.fr\/index.php\/2008\/05\/20\/hokusai-au-musee-guimet-du-2105-au-0408\/","url_meta":{"origin":391,"position":4},"title":"HOKUSAI  au mus\u00e9e Guimet du 21\/05 au 04\/08","author":"Fabienne TM","date":"20 mai 2008","format":false,"excerpt":"PARIS ADVISOR LE TOURISME A PARIS \"Le fonds d\u2019art graphique japonais du mus\u00e9e Guimet conserve plus d\u2019une centaine d\u2019\u0153uvres dues au pinceau de Katsushika Hokusai (1760-1849), le \u00ab vieil homme fou de peinture \u00bb comme il se surnomma lui-m\u00eame dans les derni\u00e8res ann\u00e9es de son existence : estampes polychromes aussi\u2026","rel":"","context":"Dans &quot;Non class\u00e9&quot;","block_context":{"text":"Non class\u00e9","link":"http:\/\/www.letourismeaparis.fr\/index.php\/category\/non-classe\/"},"img":{"alt_text":"","src":"","width":0,"height":0},"classes":[]},{"id":291,"url":"http:\/\/www.letourismeaparis.fr\/index.php\/2008\/08\/04\/guimet-et-hokusai-jusquau-0408\/","url_meta":{"origin":391,"position":5},"title":"Guimet et Hokusai jusqu&#039;au 04\/08","author":"Fabienne TM","date":"4 ao\u00fbt 2008","format":false,"excerpt":"\"Le fonds d\u2019art graphique japonais du mus\u00e9e Guimet conserve plus d\u2019une centaine d\u2019\u0153uvres dues au pinceau de Katsushika Hokusai (1760-1849), le \u00ab vieil homme fou de peinture \u00bb comme il se surnomma lui-m\u00eame dans les derni\u00e8res ann\u00e9es de son existence : estampes polychromes aussi c\u00e9l\u00e8bres que \u00ab la grande vague\u2026","rel":"","context":"Dans &quot;Non class\u00e9&quot;","block_context":{"text":"Non class\u00e9","link":"http:\/\/www.letourismeaparis.fr\/index.php\/category\/non-classe\/"},"img":{"alt_text":"","src":"","width":0,"height":0},"classes":[]}],"jetpack_sharing_enabled":true,"jetpack_likes_enabled":true,"_links":{"self":[{"href":"http:\/\/www.letourismeaparis.fr\/index.php\/wp-json\/wp\/v2\/posts\/391","targetHints":{"allow":["GET"]}}],"collection":[{"href":"http:\/\/www.letourismeaparis.fr\/index.php\/wp-json\/wp\/v2\/posts"}],"about":[{"href":"http:\/\/www.letourismeaparis.fr\/index.php\/wp-json\/wp\/v2\/types\/post"}],"author":[{"embeddable":true,"href":"http:\/\/www.letourismeaparis.fr\/index.php\/wp-json\/wp\/v2\/users\/2"}],"replies":[{"embeddable":true,"href":"http:\/\/www.letourismeaparis.fr\/index.php\/wp-json\/wp\/v2\/comments?post=391"}],"version-history":[{"count":0,"href":"http:\/\/www.letourismeaparis.fr\/index.php\/wp-json\/wp\/v2\/posts\/391\/revisions"}],"wp:attachment":[{"href":"http:\/\/www.letourismeaparis.fr\/index.php\/wp-json\/wp\/v2\/media?parent=391"}],"wp:term":[{"taxonomy":"category","embeddable":true,"href":"http:\/\/www.letourismeaparis.fr\/index.php\/wp-json\/wp\/v2\/categories?post=391"},{"taxonomy":"post_tag","embeddable":true,"href":"http:\/\/www.letourismeaparis.fr\/index.php\/wp-json\/wp\/v2\/tags?post=391"}],"curies":[{"name":"wp","href":"https:\/\/api.w.org\/{rel}","templated":true}]}}