{"id":394,"date":"2008-10-18T10:21:38","date_gmt":"2008-10-18T09:21:38","guid":{"rendered":"http:\/\/www.letourismeaparis.fr\/?p=394"},"modified":"2008-10-18T10:21:38","modified_gmt":"2008-10-18T09:21:38","slug":"les-journees-des-metiers-dart","status":"publish","type":"post","link":"http:\/\/www.letourismeaparis.fr\/index.php\/2008\/10\/18\/les-journees-des-metiers-dart\/","title":{"rendered":"Les journ\u00e9es des m\u00e9tiers d&#039;art"},"content":{"rendered":"<p><a href=\"http:\/\/www.letourismeaparis.fr\"><strong><font color=\"#800080\">www.letourismeaparis.fr<\/font><\/strong><\/a><br \/>\nLa soci\u00e9t\u00e9 d&rsquo;encouragement aux m\u00e9tiers d&rsquo;art poursuit sa campagne de sensibilisation aux professions artisanales et \u00e0 leurs formations.<br \/>\nPar exemple un passementier J\u00e9r\u00f4me Declercq, 13, rue Etienne Marcel Paris 75001 ou encore un bijoutier Thierry Vendemblique, 4, rue du Vert-bois Paris 75001&#8230;<br \/>\nVous pourrez visiter un certain nombre d&rsquo;ateliers  et voir les artisans travailler. Le programme complet se trouve sur <a href=\"http:\/\/www.jma2008.fr\">www.jma2008.fr <\/a><\/p>\n","protected":false},"excerpt":{"rendered":"<p>www.letourismeaparis.fr La soci\u00e9t\u00e9 d&rsquo;encouragement aux m\u00e9tiers d&rsquo;art poursuit sa campagne de sensibilisation aux professions artisanales et \u00e0 leurs formations. Par exemple un passementier J\u00e9r\u00f4me Declercq, 13, rue Etienne Marcel Paris 75001 ou encore un bijoutier Thierry Vendemblique, 4, rue du&#8230;<\/p>\n","protected":false},"author":2,"featured_media":0,"comment_status":"open","ping_status":"open","sticky":false,"template":"","format":"standard","meta":{"ngg_post_thumbnail":0,"jetpack_post_was_ever_published":false,"_jetpack_newsletter_access":"","footnotes":""},"categories":[1],"tags":[],"class_list":["post-394","post","type-post","status-publish","format-standard","hentry","category-non-classe"],"jetpack_featured_media_url":"","jetpack-related-posts":[{"id":12266,"url":"http:\/\/www.letourismeaparis.fr\/index.php\/2012\/12\/03\/carrousel-des-metiers-dart-et-de-creation-2012-du-5-au-8-decembre-le-japon-a-lhonneur\/","url_meta":{"origin":394,"position":0},"title":"Carrousel des m\u00e9tiers d\u2019art et de cr\u00e9ation 2012 du 5 au 8 d\u00e9cembre : le Japon \u00e0 l\u2019honneur","author":"Fabienne TM","date":"3 d\u00e9cembre 2012","format":false,"excerpt":"Le Carrousel des m\u00e9tiers d\u2019art et de cr\u00e9ation, organis\u00e9 par la Chambre r\u00e9gionale de m\u00e9tiers et de l\u2019artisanat d\u2019Ile-de-France, est le plus important salon d\u00e9di\u00e9 aux m\u00e9tiers d\u2019art et de cr\u00e9ation en France. Plus de 350 exposants sont attendus pour cette biennale, dont des costumiers, joaillers, c\u00e9ramistes facteurs d\u2019instruments... Tous\u2026","rel":"","context":"Dans &quot;Non class\u00e9&quot;","block_context":{"text":"Non class\u00e9","link":"http:\/\/www.letourismeaparis.fr\/index.php\/category\/non-classe\/"},"img":{"alt_text":"","src":"https:\/\/i0.wp.com\/www.letourismeaparis.fr\/wp-content\/uploads\/2012\/12\/carrousel_des_metiers_d_art_2012-b4690-206x300.jpg?resize=350%2C200","width":350,"height":200},"classes":[]},{"id":25857,"url":"http:\/\/www.letourismeaparis.fr\/index.php\/2024\/10\/12\/salon-des-savoir-faire-et-metiers-dart-dexception-10-13-octobre\/","url_meta":{"origin":394,"position":1},"title":"Immersions :Salon des savoir- faire et m\u00e9tiers d\u2019art d\u2019exception 10\/13 octobre","author":"Fabienne TM","date":"12 octobre 2024","format":false,"excerpt":"Situ\u00e9 dans une ancienne imprimerie du d\u00e9but du si\u00e8cle dernier au c\u0153ur du Marais, le FAFCEA ouvre ses portes le temps d\u2019un instant o\u00f9 des \u0153uvres au savoir-faire unique confectionn\u00e9es par nos Artisans d\u2019Art seront mis en lumi\u00e8re ! Verrier, brodeur, plumassier, c\u00e9ramiste, bijoutier\u2026 Nous avons\u00a0 remarqu\u00e9\u00a0 tout particuli\u00e8rement\u00a0 l\u2019artisan\u2026","rel":"","context":"Dans &quot;Artisanat&quot;","block_context":{"text":"Artisanat","link":"http:\/\/www.letourismeaparis.fr\/index.php\/category\/culture\/musees-expositions\/artisanat\/"},"img":{"alt_text":"","src":"https:\/\/i0.wp.com\/www.letourismeaparis.fr\/wp-content\/uploads\/2024\/10\/Capture-decran-2024-10-12-a-12.01.01.png?resize=350%2C200","width":350,"height":200},"classes":[]},{"id":16050,"url":"http:\/\/www.letourismeaparis.fr\/index.php\/2014\/12\/02\/8e-edition-du-carrousel-des-metiers-dart-et-de-creation-au-carrousel-du-louvre-entree-gratuite\/","url_meta":{"origin":394,"position":2},"title":"8e \u00e9dition du Carrousel des M\u00e9tiers d\u2019Art et de Cr\u00e9ation au Carrousel du Louvre (entr\u00e9e gratuite)","author":"Fabienne TM","date":"2 d\u00e9cembre 2014","format":false,"excerpt":"\u00a0 Du 3 au 7 d\u00e9cembre 2014, ce sera pour le grand public l\u2019occasion unique de voir rassembl\u00e9 en un seul lieu, en plein coeur de Paris, tout ce que la r\u00e9gion \u00cele-de-France* compte d\u2019artisans d\u2019art, de talents et de cr\u00e9ateurs d\u2019exception. La plus grande exposition-vente consacr\u00e9e aux m\u00e9tiers d\u2019art\u2026","rel":"","context":"Dans &quot;Non class\u00e9&quot;","block_context":{"text":"Non class\u00e9","link":"http:\/\/www.letourismeaparis.fr\/index.php\/category\/non-classe\/"},"img":{"alt_text":"","src":"https:\/\/i0.wp.com\/www.letourismeaparis.fr\/wp-content\/uploads\/2014\/12\/carrousel.jpg?resize=350%2C200","width":350,"height":200},"classes":[]},{"id":19138,"url":"http:\/\/www.letourismeaparis.fr\/index.php\/2016\/12\/02\/le-carrousel-des-metiers-dart-et-de-creation-du-1er-au-4-decembre-2016-entree-gratuite\/","url_meta":{"origin":394,"position":3},"title":"LE CARROUSEL DES M\u00c9TIERS D\u2019ART  ET DE CR\u00c9ATION  DU 1ER AU 4 D\u00c9CEMBRE 2016  Entr\u00e9e Gratuite","author":"Fabienne TM","date":"2 d\u00e9cembre 2016","format":false,"excerpt":"\u00a0 \u00a0 Organis\u00e9 du 1er au 4 d\u00e9cembre 2016 par la Chambre R\u00e9gionale de M\u00e9tiers et de l\u2019Artisanat d\u2019\u00cele-de-France et les 8 Chambres de M\u00e9tiers et de l\u2019Artisanat D\u00e9partementales dans le cadre prestigieux du Carrousel du Louvre \u00e0 Paris, le Carrousel des M\u00e9tiers d\u2019Art et de Cr\u00e9ation est le plus\u2026","rel":"","context":"Dans &quot;Non class\u00e9&quot;","block_context":{"text":"Non class\u00e9","link":"http:\/\/www.letourismeaparis.fr\/index.php\/category\/non-classe\/"},"img":{"alt_text":"","src":"","width":0,"height":0},"classes":[]},{"id":11227,"url":"http:\/\/www.letourismeaparis.fr\/index.php\/2011\/11\/05\/salon-international-du-patrimoine-culturel-jusquau-6-novembre-2011-au-carrousel-du-louvre\/","url_meta":{"origin":394,"position":4},"title":"Salon international du patrimoine culturel jusqu&#039;au 6 novembre 2011  au Carrousel du Louvre","author":"Fabienne TM","date":"5 novembre 2011","format":false,"excerpt":"Le salon des passionn\u00e9s et professionnels du patrimoine. La manifestation de r\u00e9f\u00e9rence r\u00e9unissant tous les secteurs de la vie patrimoniale. Une vitrine des m\u00e9tiers d\u2019excellence Un vecteur de d\u00e9veloppement \u00e9conomique et touristique Pr\u00e8s de 250 exposants : restaurateurs et entreprises d\u2019art, fournisseurs, r\u00e9gions, institutionnels, associations, presse, \u00e9dition\u2026) repr\u00e9sentant le meilleur\u2026","rel":"","context":"Dans &quot;Non class\u00e9&quot;","block_context":{"text":"Non class\u00e9","link":"http:\/\/www.letourismeaparis.fr\/index.php\/category\/non-classe\/"},"img":{"alt_text":"","src":"","width":0,"height":0},"classes":[]},{"id":24366,"url":"http:\/\/www.letourismeaparis.fr\/index.php\/2021\/09\/28\/thierry-mugler-couturissime-une-exposition-superbe\/","url_meta":{"origin":394,"position":5},"title":"THIERRY MUGLER, COUTURISSIME : une exposition superbe !","author":"Fabienne TM","date":"28 septembre 2021","format":false,"excerpt":"Le Mus\u00e9e des Arts D\u00e9coratifs accueille l\u2019exposition \u00ab Thierry Mugler, Couturissime \u00bb, con\u00e7ue, produite et mise en itin\u00e9rance par le Mus\u00e9e des beaux-arts de Montr\u00e9al (MBAM). Cette exposition d\u2019envergure retrace l\u2019\u0153uvre du cr\u00e9ateur \u00e0 l\u2019imaginaire singulier qui a r\u00e9volutionn\u00e9 la mode, la haute couture et le parfum. Cette \u00e9tape parisienne\u2026","rel":"","context":"Dans &quot;Mode \/ Shopping&quot;","block_context":{"text":"Mode \/ Shopping","link":"http:\/\/www.letourismeaparis.fr\/index.php\/category\/loisirs\/mode\/"},"img":{"alt_text":"","src":"https:\/\/i0.wp.com\/www.letourismeaparis.fr\/wp-content\/uploads\/2021\/09\/Capture-d%E2%80%99e%CC%81cran-2021-09-28-a%CC%80-18.49.19.png?resize=350%2C200","width":350,"height":200,"srcset":"https:\/\/i0.wp.com\/www.letourismeaparis.fr\/wp-content\/uploads\/2021\/09\/Capture-d%E2%80%99e%CC%81cran-2021-09-28-a%CC%80-18.49.19.png?resize=350%2C200 1x, https:\/\/i0.wp.com\/www.letourismeaparis.fr\/wp-content\/uploads\/2021\/09\/Capture-d%E2%80%99e%CC%81cran-2021-09-28-a%CC%80-18.49.19.png?resize=525%2C300 1.5x, https:\/\/i0.wp.com\/www.letourismeaparis.fr\/wp-content\/uploads\/2021\/09\/Capture-d%E2%80%99e%CC%81cran-2021-09-28-a%CC%80-18.49.19.png?resize=700%2C400 2x"},"classes":[]}],"jetpack_sharing_enabled":true,"jetpack_likes_enabled":true,"_links":{"self":[{"href":"http:\/\/www.letourismeaparis.fr\/index.php\/wp-json\/wp\/v2\/posts\/394","targetHints":{"allow":["GET"]}}],"collection":[{"href":"http:\/\/www.letourismeaparis.fr\/index.php\/wp-json\/wp\/v2\/posts"}],"about":[{"href":"http:\/\/www.letourismeaparis.fr\/index.php\/wp-json\/wp\/v2\/types\/post"}],"author":[{"embeddable":true,"href":"http:\/\/www.letourismeaparis.fr\/index.php\/wp-json\/wp\/v2\/users\/2"}],"replies":[{"embeddable":true,"href":"http:\/\/www.letourismeaparis.fr\/index.php\/wp-json\/wp\/v2\/comments?post=394"}],"version-history":[{"count":0,"href":"http:\/\/www.letourismeaparis.fr\/index.php\/wp-json\/wp\/v2\/posts\/394\/revisions"}],"wp:attachment":[{"href":"http:\/\/www.letourismeaparis.fr\/index.php\/wp-json\/wp\/v2\/media?parent=394"}],"wp:term":[{"taxonomy":"category","embeddable":true,"href":"http:\/\/www.letourismeaparis.fr\/index.php\/wp-json\/wp\/v2\/categories?post=394"},{"taxonomy":"post_tag","embeddable":true,"href":"http:\/\/www.letourismeaparis.fr\/index.php\/wp-json\/wp\/v2\/tags?post=394"}],"curies":[{"name":"wp","href":"https:\/\/api.w.org\/{rel}","templated":true}]}}