{"id":561,"date":"2008-12-03T18:08:41","date_gmt":"2008-12-03T17:08:41","guid":{"rendered":"http:\/\/www.letourismeaparis.fr\/?p=561"},"modified":"2008-12-03T18:08:41","modified_gmt":"2008-12-03T17:08:41","slug":"tresors-de-la-peinture-japonaise","status":"publish","type":"post","link":"http:\/\/www.letourismeaparis.fr\/index.php\/2008\/12\/03\/tresors-de-la-peinture-japonaise\/","title":{"rendered":"Tr\u00e9sors de la peinture japonaise"},"content":{"rendered":"<p>L\u2019exposition se propose de montrer, pour la premi\u00e8re fois en dehors du Japon, l\u2019essentiel des oeuvres, pour la plupart des peintures murales de grande envergure (cloisons coulissantes et paravents) participant de l\u2019architecture int\u00e9rieure des b\u00e2timents du sanctuaire de Kotohira-g\u00fb.<br \/>\nVous d\u00e9couvrirez :<br \/>\nLes salles des grues,des tigres ,\u00a0 des paysages \/\/ Maruyama &#8211; \u014ckyo<br \/>\nLa salle des sept sages,<br \/>\nLa salle du Mont Fuji \/ Murata Tanry- \u014d (\u00e9poque Meiji)<br \/>\nLes salles des saules , des iris , du printemps , des fleurs\/\/ It\u014d Jakuch\u016b<br \/>\nMus\u00e9e national des arts asiatiques<br \/>\n6, place d&rsquo;I\u00e9na  75116 Paris<br \/>\n<a href=\"http:\/\/www.museeguimet.fr\">www.guimet.fr<\/a><br \/>\n<span style=\"color: #008000;\"><strong><a href=\"http:\/\/www.letourismeaparis.fr\">www.letourismeaparis.fr<\/a><\/strong><\/span><\/p>\n","protected":false},"excerpt":{"rendered":"<p>L\u2019exposition se propose de montrer, pour la premi\u00e8re fois en dehors du Japon, l\u2019essentiel des oeuvres, pour la plupart des peintures murales de grande envergure (cloisons coulissantes et paravents) participant de l\u2019architecture int\u00e9rieure des b\u00e2timents du sanctuaire de Kotohira-g\u00fb. Vous&#8230;<\/p>\n","protected":false},"author":2,"featured_media":0,"comment_status":"open","ping_status":"open","sticky":false,"template":"","format":"standard","meta":{"ngg_post_thumbnail":0,"jetpack_post_was_ever_published":false,"_jetpack_newsletter_access":"","footnotes":""},"categories":[1],"tags":[],"class_list":["post-561","post","type-post","status-publish","format-standard","hentry","category-non-classe"],"jetpack_featured_media_url":"","jetpack-related-posts":[{"id":391,"url":"http:\/\/www.letourismeaparis.fr\/index.php\/2008\/10\/16\/un-automne-japonais-a-paris2\/","url_meta":{"origin":561,"position":0},"title":"Un automne japonais \u00e0 Paris(2)","author":"Fabienne TM","date":"16 octobre 2008","format":false,"excerpt":"www.letourismeaparis.fr Konpira-San, Sanctuaire de la mer-Tr\u00e9sors de la peinture Japonaise Le Mus\u00e9e Guimet accueille pour premi\u00e8re fois en dehors du Japon des peintures sur paravents et cloisons datant du XVIII\u00e8me si\u00e8cle et appartenant aux temples Konpira.Vous pourrez admirer des tigres, grues \u00e0 cou blanc, oies sauvages mais aussi des c\u00e8dres,roseaux,\u2026","rel":"","context":"Dans &quot;Non class\u00e9&quot;","block_context":{"text":"Non class\u00e9","link":"http:\/\/www.letourismeaparis.fr\/index.php\/category\/non-classe\/"},"img":{"alt_text":"","src":"","width":0,"height":0},"classes":[]},{"id":9475,"url":"http:\/\/www.letourismeaparis.fr\/index.php\/2011\/02\/02\/les-nombreuses-activites-du-musee-guimet-pour-petits-et-grands\/","url_meta":{"origin":561,"position":1},"title":"Les nombreuses activit\u00e9s du mus\u00e9e Guimet  pour petits et grands &#8230;","author":"Fabienne TM","date":"2 f\u00e9vrier 2011","format":false,"excerpt":"POUR LES 16-25 ANS ET PLUS! Zen et samoura\u00efs dans la culture populaire du Japon d\u2019aujourd\u2019hui avec Charl\u00e8ne Veillon Le\u00a0 samedi 19 f\u00e9vrier, \u00e0 14h30, rez-de-jardin, salle des lotus SAVOIRS ET SAVOIRS-FAIRE Nihonga, peinture japonaise \u2013 transparences, couleurs et ors avec Chen Yiching Le samedi 19 f\u00e9vrier, \u00e0 15h, rez-de-jardin,\u2026","rel":"","context":"Dans &quot;Non class\u00e9&quot;","block_context":{"text":"Non class\u00e9","link":"http:\/\/www.letourismeaparis.fr\/index.php\/category\/non-classe\/"},"img":{"alt_text":"","src":"","width":0,"height":0},"classes":[]},{"id":25464,"url":"http:\/\/www.letourismeaparis.fr\/index.php\/2024\/02\/05\/nouvel-an-chinois-a-la-cite-de-larchitecture-samedi-10-fevrier\/","url_meta":{"origin":561,"position":2},"title":"Nouvel an chinois \u00e0 la Cit\u00e9 de l&rsquo;architecture samedi 10 f\u00e9vrier","author":"Fabienne TM","date":"5 f\u00e9vrier 2024","format":false,"excerpt":"DE 10H \u00c0 19H \u00a9 Geoffroy de Cr\u00e9cy \/ Costume 3 pi\u00e8ces SGP \/ RMN \u2013 Grand Palais \/ A.Binet Pour marquer la cl\u00f4ture de l'exposition \"Tulou du Fujian\" et c\u00e9l\u00e9brer le Nouvel An chinois, la Cit\u00e9 vous convie \u00e0 f\u00eater l'ann\u00e9e du Dragon. Un programme exceptionnel comprenant des ateliers,\u2026","rel":"","context":"Dans &quot;Culture&quot;","block_context":{"text":"Culture","link":"http:\/\/www.letourismeaparis.fr\/index.php\/category\/culture\/"},"img":{"alt_text":"","src":"https:\/\/i0.wp.com\/www.letourismeaparis.fr\/wp-content\/uploads\/2024\/02\/Capture-decran-2024-02-05-a-12.25.33.png?resize=350%2C200","width":350,"height":200,"srcset":"https:\/\/i0.wp.com\/www.letourismeaparis.fr\/wp-content\/uploads\/2024\/02\/Capture-decran-2024-02-05-a-12.25.33.png?resize=350%2C200 1x, https:\/\/i0.wp.com\/www.letourismeaparis.fr\/wp-content\/uploads\/2024\/02\/Capture-decran-2024-02-05-a-12.25.33.png?resize=525%2C300 1.5x"},"classes":[]},{"id":22129,"url":"http:\/\/www.letourismeaparis.fr\/index.php\/2019\/02\/28\/promenade-au-japon-un-regard-sur-la-collection-du-musee-cernuschi\/","url_meta":{"origin":561,"position":3},"title":"Promenade au Japon, un regard sur la collection du mus\u00e9e Cernuschi","author":"Fabienne TM","date":"28 f\u00e9vrier 2019","format":false,"excerpt":"Cet accrochage in\u00e9dit invite les visiteurs \u00e0 d\u00e9couvrir de quelle mani\u00e8re les derni\u00e8res acquisitions du mus\u00e9e dialoguent avec les chefs-d\u2019\u0153uvre r\u00e9unis par son fondateur il y a plus de cent vingt ans. Accueil Expositions Promenade au Japon, un regard sur la collection Partager sur Facebook Partager sur Twitter Le fonds\u2026","rel":"","context":"Dans &quot;Non class\u00e9&quot;","block_context":{"text":"Non class\u00e9","link":"http:\/\/www.letourismeaparis.fr\/index.php\/category\/non-classe\/"},"img":{"alt_text":"","src":"","width":0,"height":0},"classes":[]},{"id":19341,"url":"http:\/\/www.letourismeaparis.fr\/index.php\/2017\/02\/13\/visitez-lopera-bastille-ou-lopera-garnier\/","url_meta":{"origin":561,"position":4},"title":"Visitez l&#039;Op\u00e9ra Bastille ou l&#039;Op\u00e9ra Garnier","author":"Fabienne TM","date":"13 f\u00e9vrier 2017","format":false,"excerpt":"\u00a0 Visites guid\u00e9es de l'Op\u00e9ra Bastille Visite guid\u00e9e en fran\u00e7ais L\u2019Op\u00e9ra national de Paris propose des visites des coulisses de l\u2019Op\u00e9ra Bastille. Elles s\u2019articulent autour de deux temps forts : la visite des espaces publics et la d\u00e9couverte des coulisses. Les visites des coulisses de l\u2019Op\u00e9ra Bastille durent 1h30. \u00a0\u2026","rel":"","context":"Dans &quot;Familles&quot;","block_context":{"text":"Familles","link":"http:\/\/www.letourismeaparis.fr\/index.php\/category\/familles\/"},"img":{"alt_text":"","src":"","width":0,"height":0},"classes":[]},{"id":18176,"url":"http:\/\/www.letourismeaparis.fr\/index.php\/2016\/04\/28\/jean-lurcat-entre-peinture-et-arts-decoratifs-a-la-galerie-des-gobelins\/","url_meta":{"origin":561,"position":5},"title":"JEAN LUR\u00c7AT, ENTRE PEINTURE  ET ARTS D\u00c9CORATIFS, \u00e0 la galerie des Gobelins","author":"Fabienne TM","date":"28 avril 2016","format":false,"excerpt":"\u00a0 L\u2019exposition consacr\u00e9e \u00e0 Jean Lur\u00e7at \u00e0 la Galerie des Gobelins, \u00e0 partir\u00a0de mai 2016, nous invite \u00e0 red\u00e9couvrir le parcours de cet artiste, peintre, peintre-cartonnier, po\u00e8te et c\u00e9ramiste, grand r\u00e9novateur de la tapisserie\u00a0contemporaine. Jean Lur\u00e7at, \"La Petite peur\" (1952-53). Tapisserie des Gobelins. Photo \u00a9 Mobilier national La sc\u00e9nographie con\u00e7ue\u2026","rel":"","context":"Dans &quot;Mus\u00e9es \/ Expositions&quot;","block_context":{"text":"Mus\u00e9es \/ Expositions","link":"http:\/\/www.letourismeaparis.fr\/index.php\/category\/culture\/musees-expositions\/"},"img":{"alt_text":"","src":"","width":0,"height":0},"classes":[]}],"jetpack_sharing_enabled":true,"jetpack_likes_enabled":true,"_links":{"self":[{"href":"http:\/\/www.letourismeaparis.fr\/index.php\/wp-json\/wp\/v2\/posts\/561","targetHints":{"allow":["GET"]}}],"collection":[{"href":"http:\/\/www.letourismeaparis.fr\/index.php\/wp-json\/wp\/v2\/posts"}],"about":[{"href":"http:\/\/www.letourismeaparis.fr\/index.php\/wp-json\/wp\/v2\/types\/post"}],"author":[{"embeddable":true,"href":"http:\/\/www.letourismeaparis.fr\/index.php\/wp-json\/wp\/v2\/users\/2"}],"replies":[{"embeddable":true,"href":"http:\/\/www.letourismeaparis.fr\/index.php\/wp-json\/wp\/v2\/comments?post=561"}],"version-history":[{"count":0,"href":"http:\/\/www.letourismeaparis.fr\/index.php\/wp-json\/wp\/v2\/posts\/561\/revisions"}],"wp:attachment":[{"href":"http:\/\/www.letourismeaparis.fr\/index.php\/wp-json\/wp\/v2\/media?parent=561"}],"wp:term":[{"taxonomy":"category","embeddable":true,"href":"http:\/\/www.letourismeaparis.fr\/index.php\/wp-json\/wp\/v2\/categories?post=561"},{"taxonomy":"post_tag","embeddable":true,"href":"http:\/\/www.letourismeaparis.fr\/index.php\/wp-json\/wp\/v2\/tags?post=561"}],"curies":[{"name":"wp","href":"https:\/\/api.w.org\/{rel}","templated":true}]}}