{"id":582,"date":"2008-12-08T11:32:21","date_gmt":"2008-12-08T10:32:21","guid":{"rendered":"http:\/\/www.letourismeaparis.fr\/?p=582"},"modified":"2008-12-08T11:32:21","modified_gmt":"2008-12-08T10:32:21","slug":"concert-de-piano-a-lunesco-le-912","status":"publish","type":"post","link":"http:\/\/www.letourismeaparis.fr\/index.php\/2008\/12\/08\/concert-de-piano-a-lunesco-le-912\/","title":{"rendered":"Concert de Piano \u00e0 l&#039;Unesco le 9\/12"},"content":{"rendered":"<p>19h30<br \/>\nUn programme riche en musique classique de douze pays : Autriche, Chypre, \u00c9tats-Unis d\u2019Am\u00e9rique, France, Gr\u00e8ce, Hongrie, Japon, Mexique, Norv\u00e8ge, Pologne, R\u00e9publique Tch\u00e8que et Russie. Cyprien Katsaris, pianiste et compositeur franco-chypriote a collabore\u00e9 avec les plus grands orchestres et il a r\u00e9alis\u00e9 une impressionnante discographie.<br \/>\n125 avenue de Suffren, Paris 7e<br \/>\nentr\u00e9e libre en fonction des places disponibles<br \/>\n<a href=\"http:\/\/www.letourismeaparis.fr\"><span style=\"color: #ff0000;\"><strong>www.letourismeaparis.fr<\/strong><\/span><\/a><\/p>\n","protected":false},"excerpt":{"rendered":"<p>19h30 Un programme riche en musique classique de douze pays : Autriche, Chypre, \u00c9tats-Unis d\u2019Am\u00e9rique, France, Gr\u00e8ce, Hongrie, Japon, Mexique, Norv\u00e8ge, Pologne, R\u00e9publique Tch\u00e8que et Russie. Cyprien Katsaris, pianiste et compositeur franco-chypriote a collabore\u00e9 avec les plus grands orchestres et&#8230;<\/p>\n","protected":false},"author":2,"featured_media":0,"comment_status":"open","ping_status":"open","sticky":false,"template":"","format":"standard","meta":{"ngg_post_thumbnail":0,"jetpack_post_was_ever_published":false,"_jetpack_newsletter_access":"","footnotes":""},"categories":[1],"tags":[],"class_list":["post-582","post","type-post","status-publish","format-standard","hentry","category-non-classe"],"jetpack_featured_media_url":"","jetpack-related-posts":[{"id":13237,"url":"http:\/\/www.letourismeaparis.fr\/index.php\/2013\/05\/12\/beyond-dress-codes-la-mode-entre-traditions-et-modernite-a-lunesco-du-15-au-31-ami\/","url_meta":{"origin":582,"position":0},"title":"Beyond dress codes : la mode entre traditions et modernit\u00e9 \u00e0 l&#039;unesco du 15 au 31 mai","author":"Fabienne TM","date":"12 mai 2013","format":false,"excerpt":"Lla mode entre traditions et modernit\u00e9 \u00bb est le volet chypriote de l\u2019exposition itin\u00e9rante Beyond dress codes qui s\u2019est tenue \u00e0 Nicosie\u00a0 .Y sont explor\u00e9s, au-del\u00e0 des codes sociaux que le v\u00eatement \u00e9tablit, les liens entre les costumes r\u00e9gionaux de Chypre et la mode contemporaine. Ce dialogue stimulant entre la\u2026","rel":"","context":"Dans &quot;Mus\u00e9es \/ Expositions&quot;","block_context":{"text":"Mus\u00e9es \/ Expositions","link":"http:\/\/www.letourismeaparis.fr\/index.php\/category\/culture\/musees-expositions\/"},"img":{"alt_text":"","src":"","width":0,"height":0},"classes":[]},{"id":15393,"url":"http:\/\/www.letourismeaparis.fr\/index.php\/2014\/07\/21\/festival-europeen-des-jeunes-talents-du-6-au-26-juillet-paris\/","url_meta":{"origin":582,"position":1},"title":"Festival europ\u00e9en des jeunes talents  les 22, 23, 24, 25, et 26 juillet \u00e0 Paris","author":"Fabienne TM","date":"21 juillet 2014","format":false,"excerpt":"mardi\u00a022\u00a0JUILLET \u00e0\u00a020:00 : Trio Kar\u00e9nine Archives nationales\u00a060 rue des Francs Bourgeois\u00a075003 Parisou emprunts Trio Kar\u00e9nine Les trois oeuvres de ce programme s\u2019inspirent chacune \u00e0 leur mani\u00e8re d\u2019une source musicale ant\u00e9rieure\u2026 Tout d\u2019abord, nous pourrons entendre une citation du\u00a0Lied op. 39 n\u00b02\u00a0(Dein\u00a0Bildnis wunderselig)\u00a0de Schumann\u00a0sur un po\u00e8me d\u2019Eichendorff dans le\u00a0Trio n\u00b02 en\u2026","rel":"","context":"Dans &quot;Musique&quot;","block_context":{"text":"Musique","link":"http:\/\/www.letourismeaparis.fr\/index.php\/category\/culture\/concerts-musique\/musique\/"},"img":{"alt_text":"","src":"","width":0,"height":0},"classes":[]},{"id":16754,"url":"http:\/\/www.letourismeaparis.fr\/index.php\/2015\/05\/29\/fete-de-la-cite-internationale-universitaire-les-29-30-et-31-mai\/","url_meta":{"origin":582,"position":2},"title":"F\u00eate de la cit\u00e9 internationale universitaire  les 29, 30 et 31 mai","author":"Fabienne TM","date":"29 mai 2015","format":false,"excerpt":"Vendredi 29 mai Maison des \u00e9tudiants arm\u00e9niens 11h \u00e0 18h\u00a0:Portes ouvertes: exposition de r\u00e9sidents et exposition de photographies la Librairie orientale Samu\u00e9lian. 19h30 Inauguration d\u2019un vitrail comm\u00e9moratif. de la Cit\u00e9. Fondation des \u00c9tats-Unis 15h Danse contemporaine suivie d\u2019une discussion avec Gwen Rakotovao. 20h\u00a0Concert solo du pianiste franco-americanoserbe Ivan Ilic.\u00a0 Maison\u2026","rel":"","context":"Dans &quot;Non class\u00e9&quot;","block_context":{"text":"Non class\u00e9","link":"http:\/\/www.letourismeaparis.fr\/index.php\/category\/non-classe\/"},"img":{"alt_text":"","src":"","width":0,"height":0},"classes":[]},{"id":130,"url":"http:\/\/www.letourismeaparis.fr\/index.php\/2008\/05\/10\/concert-de-guitare-le-13-mai\/","url_meta":{"origin":582,"position":3},"title":"concert de guitare le 13 mai","author":"Fabienne TM","date":"10 mai 2008","format":false,"excerpt":"PARIS ADVISOR LE TOURISME A PARIS Mardi 13 MAI A 21H Ra\u00fal Zembrano, concert de guitare Hommage \u00e0 Manuel Mar\u00eda Ponce compositeur et pianiste mexicain (8 d\u00e9cembre 1882 - 24 avril 1948). La guitare est l\u2019instrument phare de l\u2019Am\u00e9rique latine. Manuel M. Ponce estl\u2019un des compositeurs les plus importants du\u2026","rel":"","context":"Dans &quot;Non class\u00e9&quot;","block_context":{"text":"Non class\u00e9","link":"http:\/\/www.letourismeaparis.fr\/index.php\/category\/non-classe\/"},"img":{"alt_text":"","src":"","width":0,"height":0},"classes":[]},{"id":17966,"url":"http:\/\/www.letourismeaparis.fr\/index.php\/2016\/02\/19\/le-monde-perdu-du-photographe-jonk-a-la-mairie-du-xxeme\/","url_meta":{"origin":582,"position":4},"title":"&quot;Le monde perdu &quot;du Photographe Jonk \u00e0 la mairie du XX\u00e8me","author":"Fabienne TM","date":"19 f\u00e9vrier 2016","format":false,"excerpt":"la Mairie du 20\u00e8me arrondissement propose du 09 au 26 f\u00e9vrier une exposition de photos de lieux abandonn\u00e9s ! Venez nombreux et nombreuses d\u00e9couvrir l'univers singulier du photographe Jonk, qui expose pour la premi\u00e8re au Salon d'Honneur de la Mairie du 20\u00e8me, jusqu'au 26 f\u00e9vrier. \"Car les vrais paradis sont\u2026","rel":"","context":"Dans &quot;Photos&quot;","block_context":{"text":"Photos","link":"http:\/\/www.letourismeaparis.fr\/index.php\/category\/culture\/musees-expositions\/photos\/"},"img":{"alt_text":"","src":"https:\/\/i0.wp.com\/www.letourismeaparis.fr\/wp-content\/uploads\/2016\/02\/chateau-300x200.jpg?resize=350%2C200","width":350,"height":200},"classes":[]},{"id":13941,"url":"http:\/\/www.letourismeaparis.fr\/index.php\/2013\/01\/09\/la-bellaventure-des-artistes-a-la-mairie-du-6eme-des-concerts-gratuits-pendant-lannee\/","url_meta":{"origin":582,"position":5},"title":"La Bell&#039;Aventure des Artistes \u00e0 la mairie du 6\u00e8me : des concerts gratuits pendant l&#039;ann\u00e9e : samedi 25 janvier \u00e0 15h &#8230;.","author":"Fabienne TM","date":"9 janvier 2013","format":false,"excerpt":"\u00a0jusqu'au samedi 8 f\u00e9vrier Six duos de musiciens : des virtuoses de la clarinette, du piano, des percussions, de la fl\u00fbte, du violoncelle ou du violon\u2026 Ces douze artistes interpr\u00e9teront les grandes oeuvres de Bach, Mozart, Ravel, Tcha\u00efkovsky, Wagner\u2026 \u00a0 SAMEDI 25 JANVIER A 15H PIANO ET MARIMBA Concert :\u00a0\u2026","rel":"","context":"Dans &quot;Musique&quot;","block_context":{"text":"Musique","link":"http:\/\/www.letourismeaparis.fr\/index.php\/category\/culture\/concerts-musique\/musique\/"},"img":{"alt_text":"","src":"https:\/\/i0.wp.com\/www.letourismeaparis.fr\/wp-content\/uploads\/2013\/09\/be-a.jpeg?resize=350%2C200","width":350,"height":200},"classes":[]}],"jetpack_sharing_enabled":true,"jetpack_likes_enabled":true,"_links":{"self":[{"href":"http:\/\/www.letourismeaparis.fr\/index.php\/wp-json\/wp\/v2\/posts\/582","targetHints":{"allow":["GET"]}}],"collection":[{"href":"http:\/\/www.letourismeaparis.fr\/index.php\/wp-json\/wp\/v2\/posts"}],"about":[{"href":"http:\/\/www.letourismeaparis.fr\/index.php\/wp-json\/wp\/v2\/types\/post"}],"author":[{"embeddable":true,"href":"http:\/\/www.letourismeaparis.fr\/index.php\/wp-json\/wp\/v2\/users\/2"}],"replies":[{"embeddable":true,"href":"http:\/\/www.letourismeaparis.fr\/index.php\/wp-json\/wp\/v2\/comments?post=582"}],"version-history":[{"count":0,"href":"http:\/\/www.letourismeaparis.fr\/index.php\/wp-json\/wp\/v2\/posts\/582\/revisions"}],"wp:attachment":[{"href":"http:\/\/www.letourismeaparis.fr\/index.php\/wp-json\/wp\/v2\/media?parent=582"}],"wp:term":[{"taxonomy":"category","embeddable":true,"href":"http:\/\/www.letourismeaparis.fr\/index.php\/wp-json\/wp\/v2\/categories?post=582"},{"taxonomy":"post_tag","embeddable":true,"href":"http:\/\/www.letourismeaparis.fr\/index.php\/wp-json\/wp\/v2\/tags?post=582"}],"curies":[{"name":"wp","href":"https:\/\/api.w.org\/{rel}","templated":true}]}}