{"id":606,"date":"2008-12-03T18:00:48","date_gmt":"2008-12-03T17:00:48","guid":{"rendered":"http:\/\/www.letourismeaparis.fr\/?p=606"},"modified":"2008-12-03T18:00:48","modified_gmt":"2008-12-03T17:00:48","slug":"aperitifs-musicaux-a-lheure-du-dejeuner-a-lopera-comique","status":"publish","type":"post","link":"http:\/\/www.letourismeaparis.fr\/index.php\/2008\/12\/03\/aperitifs-musicaux-a-lheure-du-dejeuner-a-lopera-comique\/","title":{"rendered":"Ap\u00e9ritifs musicaux \u00e0 l&#039;heure du d\u00e9jeuner \u00e0 l&#039;Op\u00e9ra comique"},"content":{"rendered":"<p>Des concerts magnifiques de Purcell seront donn\u00e9s \u00e0 l&rsquo;Op\u00e9ra comique dans la Salle Bizet\u00a0 (45 minutes).Ils seront suivis d&rsquo;un verre offert, \u00e0 partager avec les artistes dans le Grand Foyer.<br \/>\nvendredi 5 d\u00e9cembre \u00e0 13h\u00a0\u00a0\u00a0\u00a0\u00a0 dimanche 7 d\u00e9cembre \u00e0 11h\u00a0\u00a0\u00a0\u00a0\u00a0\u00a0 mardi 9 d\u00e9cembre \u00e0 13h<br \/>\nPlace Boieldieu\u00a0 Paris- 75002<br \/>\n<a href=\"http:\/\/www.opera-comique.com\">http:\/\/www.opera-comique.com<\/a><br \/>\n<a href=\"http:\/\/www.letourismeaparis.fr\">www.letourismeaparis.fr<\/a><\/p>\n","protected":false},"excerpt":{"rendered":"<p>Des concerts magnifiques de Purcell seront donn\u00e9s \u00e0 l&rsquo;Op\u00e9ra comique dans la Salle Bizet\u00a0 (45 minutes).Ils seront suivis d&rsquo;un verre offert, \u00e0 partager avec les artistes dans le Grand Foyer. vendredi 5 d\u00e9cembre \u00e0 13h\u00a0\u00a0\u00a0\u00a0\u00a0 dimanche 7 d\u00e9cembre \u00e0 11h\u00a0\u00a0\u00a0\u00a0\u00a0\u00a0&#8230;<\/p>\n","protected":false},"author":2,"featured_media":0,"comment_status":"open","ping_status":"open","sticky":false,"template":"","format":"standard","meta":{"ngg_post_thumbnail":0,"jetpack_post_was_ever_published":false,"_jetpack_newsletter_access":"","footnotes":""},"categories":[1],"tags":[],"class_list":["post-606","post","type-post","status-publish","format-standard","hentry","category-non-classe"],"jetpack_featured_media_url":"","jetpack-related-posts":[{"id":2821,"url":"http:\/\/www.letourismeaparis.fr\/index.php\/2009\/05\/06\/tous-a-lopera-samedi-9-mai\/","url_meta":{"origin":606,"position":0},"title":"Tous \u00e0 l&#039;Op\u00e9ra samedi 9 mai !","author":"Fabienne TM","date":"6 mai 2009","format":false,"excerpt":"L'Op\u00e9ra de Massy, l'Op\u00e9ra Garnier, l'Op\u00e9ra Bastille, l'Op\u00e9ra comique , la P\u00e9niche Op\u00e9ra et biens d'autres vous attendent samedi 9 Mai pour des visites, spectacles, films parfois sur inscription . Op\u00e9ra de Massy : Th\u00e8me de la journ\u00e9e : Faust, quand un op\u00e9ra se pr\u00e9pare \u00e0 l\u2019Op\u00e9ra de Massy de\u2026","rel":"","context":"Dans &quot;Non class\u00e9&quot;","block_context":{"text":"Non class\u00e9","link":"http:\/\/www.letourismeaparis.fr\/index.php\/category\/non-classe\/"},"img":{"alt_text":"","src":"","width":0,"height":0},"classes":[]},{"id":20961,"url":"http:\/\/www.letourismeaparis.fr\/index.php\/2018\/05\/04\/tous-a-lopera\/","url_meta":{"origin":606,"position":1},"title":"Tous \u00e0 l&#039;Op\u00e9ra !","author":"Fabienne TM","date":"4 mai 2018","format":false,"excerpt":"21 maisons d\u2019op\u00e9ra dont 3 en PACA vous ouvrent leurs portes gratuitement . Op\u00e9ra national de Paris Programme du samedi 5 mai De 10h \u00e0 17h : entr\u00e9e libre et gratuite* au Palais Garnier Entr\u00e9e par la Fa\u00e7ade 11h - 13h et 14h30 - 17h Rotonde du Glacier \u00a0 Atelier\u2026","rel":"","context":"Dans &quot;Actualit\u00e9s&quot;","block_context":{"text":"Actualit\u00e9s","link":"http:\/\/www.letourismeaparis.fr\/index.php\/category\/actualite\/"},"img":{"alt_text":"","src":"","width":0,"height":0},"classes":[]},{"id":12362,"url":"http:\/\/www.letourismeaparis.fr\/index.php\/2013\/01\/04\/un-opera-comique-a-lalhambra-lambassadrice-de-auber-par-les-frivolites-parisiennes\/","url_meta":{"origin":606,"position":2},"title":"Un op\u00e9ra Comique \u00e0 l&#039;Alhambra : L&#039;Ambassadrice de Auber  par &quot;les frivolit\u00e9s parisiennes&quot;","author":"Fabienne TM","date":"4 janvier 2013","format":false,"excerpt":"du vendredi 4 Janvier 2013 au dimanche 6 Janvier 2013 L'Ambassadrice d'Auber l'op\u00e9ra-comique \u00e0 Paris : le renouveau d'un genre m\u00ealant th\u00e9\u00e2tre et musique accessible \u00e0 tous... Op\u00e9ra-\u00adcomique en trois actes, pr\u00e9sent\u00e9 pour la premi\u00e8re fois \u00e0 l'Op\u00e9ra-\u00ad Comique, \u00e0 Paris, le 21 d\u00e9cembre 1836. Henriette est une jeune cantatrice\u2026","rel":"","context":"Dans &quot;Non class\u00e9&quot;","block_context":{"text":"Non class\u00e9","link":"http:\/\/www.letourismeaparis.fr\/index.php\/category\/non-classe\/"},"img":{"alt_text":"","src":"https:\/\/i0.wp.com\/www.letourismeaparis.fr\/wp-content\/uploads\/2012\/12\/lambassadrice.jpg?resize=350%2C200","width":350,"height":200},"classes":[]},{"id":23884,"url":"http:\/\/www.letourismeaparis.fr\/index.php\/2019\/12\/10\/grande-vente-de-plantes-les-20-21-et-22-decembre\/","url_meta":{"origin":606,"position":3},"title":"Grande vente de plantes les 20 21 et 22 d\u00e9cembre","author":"Fabienne TM","date":"10 d\u00e9cembre 2019","format":false,"excerpt":"20, 21 et 22 d\u00e9cembre Vendredi 10h-19h Samedi 10h-19h Dimanche 10h-19h Grande Vente de Plantes et Sapins BIO Paris N\u00b050 Plantes Pour Tous Atelier Basfroi 23 rue Basfroi, 75011 Paris Boutique de B\u00e9b\u00e9s et Mini Plantes \u00e0 Ground Control. Mercredi de 13h \u00e0 15h et de 18h \u00e0 20h. Jeudi\u2026","rel":"","context":"Dans &quot;Non class\u00e9&quot;","block_context":{"text":"Non class\u00e9","link":"http:\/\/www.letourismeaparis.fr\/index.php\/category\/non-classe\/"},"img":{"alt_text":"","src":"","width":0,"height":0},"classes":[]},{"id":16656,"url":"http:\/\/www.letourismeaparis.fr\/index.php\/2015\/05\/10\/tous-a-lopera-dimanche-10-mai\/","url_meta":{"origin":606,"position":4},"title":"Tous \u00e0 l&#039;Op\u00e9ra dimanche 10 mai !","author":"Fabienne TM","date":"10 mai 2015","format":false,"excerpt":"Op\u00e9ra Bastille , Op\u00e9ra Garnier, Op\u00e9ra Comique Dimanche 10 mai Palais Garnier (Place de l\u2019Op\u00e9ra Paris 75009) 10h \u00e0 16h (dernier acc\u00e8s) - Visites libres et gratuites Op\u00e9ra Bastille 12h Amphith\u00e9\u00e2tre Projection du film des ballets de Balanchine et Millepied, direction musicale Philippe Jordan et sc\u00e9nographie Daniel Buren (mai 2014)\u2026","rel":"","context":"Dans &quot;Non class\u00e9&quot;","block_context":{"text":"Non class\u00e9","link":"http:\/\/www.letourismeaparis.fr\/index.php\/category\/non-classe\/"},"img":{"alt_text":"","src":"","width":0,"height":0},"classes":[]},{"id":19341,"url":"http:\/\/www.letourismeaparis.fr\/index.php\/2017\/02\/13\/visitez-lopera-bastille-ou-lopera-garnier\/","url_meta":{"origin":606,"position":5},"title":"Visitez l&#039;Op\u00e9ra Bastille ou l&#039;Op\u00e9ra Garnier","author":"Fabienne TM","date":"13 f\u00e9vrier 2017","format":false,"excerpt":"\u00a0 Visites guid\u00e9es de l'Op\u00e9ra Bastille Visite guid\u00e9e en fran\u00e7ais L\u2019Op\u00e9ra national de Paris propose des visites des coulisses de l\u2019Op\u00e9ra Bastille. Elles s\u2019articulent autour de deux temps forts : la visite des espaces publics et la d\u00e9couverte des coulisses. Les visites des coulisses de l\u2019Op\u00e9ra Bastille durent 1h30. \u00a0\u2026","rel":"","context":"Dans &quot;Familles&quot;","block_context":{"text":"Familles","link":"http:\/\/www.letourismeaparis.fr\/index.php\/category\/familles\/"},"img":{"alt_text":"","src":"","width":0,"height":0},"classes":[]}],"jetpack_sharing_enabled":true,"jetpack_likes_enabled":true,"_links":{"self":[{"href":"http:\/\/www.letourismeaparis.fr\/index.php\/wp-json\/wp\/v2\/posts\/606","targetHints":{"allow":["GET"]}}],"collection":[{"href":"http:\/\/www.letourismeaparis.fr\/index.php\/wp-json\/wp\/v2\/posts"}],"about":[{"href":"http:\/\/www.letourismeaparis.fr\/index.php\/wp-json\/wp\/v2\/types\/post"}],"author":[{"embeddable":true,"href":"http:\/\/www.letourismeaparis.fr\/index.php\/wp-json\/wp\/v2\/users\/2"}],"replies":[{"embeddable":true,"href":"http:\/\/www.letourismeaparis.fr\/index.php\/wp-json\/wp\/v2\/comments?post=606"}],"version-history":[{"count":0,"href":"http:\/\/www.letourismeaparis.fr\/index.php\/wp-json\/wp\/v2\/posts\/606\/revisions"}],"wp:attachment":[{"href":"http:\/\/www.letourismeaparis.fr\/index.php\/wp-json\/wp\/v2\/media?parent=606"}],"wp:term":[{"taxonomy":"category","embeddable":true,"href":"http:\/\/www.letourismeaparis.fr\/index.php\/wp-json\/wp\/v2\/categories?post=606"},{"taxonomy":"post_tag","embeddable":true,"href":"http:\/\/www.letourismeaparis.fr\/index.php\/wp-json\/wp\/v2\/tags?post=606"}],"curies":[{"name":"wp","href":"https:\/\/api.w.org\/{rel}","templated":true}]}}