{"id":628,"date":"2008-12-03T19:16:59","date_gmt":"2008-12-03T18:16:59","guid":{"rendered":"http:\/\/www.letourismeaparis.fr\/?p=628"},"modified":"2008-12-03T19:16:59","modified_gmt":"2008-12-03T18:16:59","slug":"le-grand-chef-de-lasserre-a-la-manufacture-des-gobelins-le-512","status":"publish","type":"post","link":"http:\/\/www.letourismeaparis.fr\/index.php\/2008\/12\/03\/le-grand-chef-de-lasserre-a-la-manufacture-des-gobelins-le-512\/","title":{"rendered":"Le &quot;Grand Chef de Lasserre&quot; \u00e0 la manufacture des Gobelins le vendredi 5\/12"},"content":{"rendered":"<p><a href=\"http:\/\/www.letourismeaparis.fr\"><span style=\"color: #800080;\"><strong>www.letourismeaparis.fr<\/strong><\/span><\/a><br \/>\nla Petite Galerie de l\u2019\u00e9volution culinaire accueille, dans la chapelle de la Manufacture des Gobelins, le chef d\u2019une illustre maison*.<br \/>\nAu menu : voyage dans le temps, plat \u00e0 plat, comment\u00e9 par le chef invit\u00e9 et le journaliste S\u00e9bastien Demorand<br \/>\n. Puis d\u00e9gustation avant-apr\u00e8s de plats \u00e9volu\u00e9s, autour de vins de M. Chapoutier et d\u2019eau min\u00e9rale S.Pellegrino, bouteilles t\u00e9moins du go\u00fbt de l\u2019\u00e9poque.\u00a0\u00bb<br \/>\nEntr\u00e9e 10 \u20ac, revers\u00e9s \u00e0 Action Contre la Faim.\u00a0\u00a0 Entr\u00e9e par le 6, rue Berbier du Mets 75013 Paris<br \/>\nHoraire 19h<br \/>\nvendredi 5 d\u00e9cembre , Jean-Louis Nomicos de Lasserre.<br \/>\n<a href=\"http:\/\/www.lefooding.com\">http:\/\/www.lefooding.com<\/a><\/p>\n","protected":false},"excerpt":{"rendered":"<p>www.letourismeaparis.fr la Petite Galerie de l\u2019\u00e9volution culinaire accueille, dans la chapelle de la Manufacture des Gobelins, le chef d\u2019une illustre maison*. Au menu : voyage dans le temps, plat \u00e0 plat, comment\u00e9 par le chef invit\u00e9 et le journaliste S\u00e9bastien&#8230;<\/p>\n","protected":false},"author":2,"featured_media":0,"comment_status":"open","ping_status":"open","sticky":false,"template":"","format":"standard","meta":{"ngg_post_thumbnail":0,"jetpack_post_was_ever_published":false,"_jetpack_newsletter_access":"","footnotes":""},"categories":[1],"tags":[],"class_list":["post-628","post","type-post","status-publish","format-standard","hentry","category-non-classe"],"jetpack_featured_media_url":"","jetpack-related-posts":[{"id":571,"url":"http:\/\/www.letourismeaparis.fr\/index.php\/2008\/12\/02\/petite-galerie-de-levolution-culinaire-jusquau-0512\/","url_meta":{"origin":628,"position":0},"title":"Petite Galerie de l\u2019\u00e9volution culinaire jusqu&#039;au 05\/12","author":"Fabienne TM","date":"2 d\u00e9cembre 2008","format":false,"excerpt":"www.letourismeaparis.fr \"Invitation \u00e0 remonter le temps au fil du go\u00fbt, la Petite Galerie de l\u2019\u00e9volution culinaire accueillera chaque soir, dans la chapelle de la Manufacture des Gobelins, le chef d\u2019une illustre maison*. Au menu : voyage dans le temps, plat \u00e0 plat, comment\u00e9 par le chef invit\u00e9 et le journaliste\u2026","rel":"","context":"Dans &quot;Non class\u00e9&quot;","block_context":{"text":"Non class\u00e9","link":"http:\/\/www.letourismeaparis.fr\/index.php\/category\/non-classe\/"},"img":{"alt_text":"","src":"","width":0,"height":0},"classes":[]},{"id":2120,"url":"http:\/\/www.letourismeaparis.fr\/index.php\/2009\/02\/27\/tapisserie-des-gobelins-alexandre-et-louis-xiv-tissages-de-gloire\/","url_meta":{"origin":628,"position":1},"title":"Tapisserie des Gobelins, Alexandre et Louis XIV, tissages de gloire","author":"Fabienne TM","date":"27 f\u00e9vrier 2009","format":false,"excerpt":"Jusqu'au 28 f\u00e9vrier Avec plus d\u2019une centaine d\u2019\u0153uvres expos\u00e9es (tapisseries, dessins et meubles anciens\u2026), l\u2019exposition \u00ab Alexandre et Louis XIV, Tissages de gloire \u00bb pr\u00e9sente les\u00a0 cr\u00e9ations de la manufacture des Gobelins... Les premi\u00e8res font du roi l\u2019\u00e9gal du h\u00e9ros antique, tandis que les secondes immortalisent les exploits de ses\u2026","rel":"","context":"Dans &quot;Non class\u00e9&quot;","block_context":{"text":"Non class\u00e9","link":"http:\/\/www.letourismeaparis.fr\/index.php\/category\/non-classe\/"},"img":{"alt_text":"","src":"","width":0,"height":0},"classes":[]},{"id":3513,"url":"http:\/\/www.letourismeaparis.fr\/index.php\/2009\/07\/15\/elegance-et-modernite-du-mobilier-national-1908-1958-un-renouveau-a-la-francaise\/","url_meta":{"origin":628,"position":2},"title":"El\u00e9gance et modernit\u00e9 du mobilier national (1908 &#8211; 1958) Un renouveau \u00e0 la fran\u00e7aise","author":"Fabienne TM","date":"15 juillet 2009","format":false,"excerpt":"jusqu'au 26 juillet 2009 .Le Mobilier national poss\u00e8de une s\u00e9rie de si\u00e8ges garnis de tapisseries de la premi\u00e8re moiti\u00e9 du XXe si\u00e8cle ,\u00a0 Ce mobilier \u00a0 offre un t\u00e9moignage d'un certain luxe \u00e0 la fran\u00e7aise . Les tissages des Manufactures des Gobelins, de Beauvais et de la Savonnerie sont r\u00e9unis\u2026","rel":"","context":"Dans &quot;Non class\u00e9&quot;","block_context":{"text":"Non class\u00e9","link":"http:\/\/www.letourismeaparis.fr\/index.php\/category\/non-classe\/"},"img":{"alt_text":"","src":"","width":0,"height":0},"classes":[]},{"id":19749,"url":"http:\/\/www.letourismeaparis.fr\/index.php\/2017\/04\/25\/sieges-en-societe-du-roi-soleil-a-marianne-a-la-galerie-des-gobelins\/","url_meta":{"origin":628,"position":3},"title":"Si\u00e8ges en Soci\u00e9t\u00e9 Du Roi-Soleil \u00e0 Marianne  \u00e0 la Galerie des Gobelins","author":"Fabienne TM","date":"25 avril 2017","format":false,"excerpt":"Le Mobilier national pr\u00e9sente du 25 avril au 24 septembre 2017, \u00e0 la Galerie des Gobelins (Paris), \u00ab Si\u00e8ges en Soci\u00e9t\u00e9, du Roi-Soleil \u00e0 Marianne \u00bb, une exposition unique retra\u00e7ant plus de trois si\u00e8cles de l\u2019art du si\u00e8ge en France. Dans une sc\u00e9nographie sign\u00e9e de Jacques Garcia, plus de trois\u2026","rel":"","context":"Dans &quot;Mus\u00e9es \/ Expositions&quot;","block_context":{"text":"Mus\u00e9es \/ Expositions","link":"http:\/\/www.letourismeaparis.fr\/index.php\/category\/culture\/musees-expositions\/"},"img":{"alt_text":"","src":"","width":0,"height":0},"classes":[]},{"id":24053,"url":"http:\/\/www.letourismeaparis.fr\/index.php\/2020\/09\/09\/mobilier-du-xxi-eme-siecle-a-la-galerie-des-gobelins\/","url_meta":{"origin":628,"position":4},"title":"Mobilier du XXI \u00e8me si\u00e8cle \u00e0 la Galerie des Gobelins","author":"Fabienne TM","date":"9 septembre 2020","format":false,"excerpt":"Une exp\u00e9rience immersive pour mettre en lumi\u00e8re la jeune cr\u00e9ation Le Mobilier national, dans le cadre du Campus des m\u00e9tiers d\u2019art et du design\u00a0 Manufacture des Gobelins-Paris, a ouvert et organis\u00e9 un concours pour l\u2019am\u00e9nagement mobilier et luminaire des salles du Conseil des Ministres au Palais de l\u2019Elys\u00e9e. L'exposition Mobilier\u2026","rel":"","context":"Dans &quot;Non class\u00e9&quot;","block_context":{"text":"Non class\u00e9","link":"http:\/\/www.letourismeaparis.fr\/index.php\/category\/non-classe\/"},"img":{"alt_text":"","src":"https:\/\/i0.wp.com\/www.letourismeaparis.fr\/wp-content\/uploads\/2020\/09\/Capture-d%E2%80%99e%CC%81cran-2020-09-09-a%CC%80-15.37.30.png?resize=350%2C200","width":350,"height":200,"srcset":"https:\/\/i0.wp.com\/www.letourismeaparis.fr\/wp-content\/uploads\/2020\/09\/Capture-d%E2%80%99e%CC%81cran-2020-09-09-a%CC%80-15.37.30.png?resize=350%2C200 1x, https:\/\/i0.wp.com\/www.letourismeaparis.fr\/wp-content\/uploads\/2020\/09\/Capture-d%E2%80%99e%CC%81cran-2020-09-09-a%CC%80-15.37.30.png?resize=525%2C300 1.5x"},"classes":[]},{"id":18831,"url":"http:\/\/www.letourismeaparis.fr\/index.php\/2016\/10\/20\/tombee-de-metier-a-la-galerie-des-gobelins\/","url_meta":{"origin":628,"position":5},"title":"Tomb\u00e9e de m\u00e9tier \u00e0 la galerie des Gobelins","author":"Fabienne TM","date":"20 octobre 2016","format":false,"excerpt":"19 octobre 2016 - 8 janvier 2017 A travers la pr\u00e9sentation des dix huit derni\u00e8res cr\u00e9ations d\u2019artistes contemporains, l\u2019exposition\u00a0Tomb\u00e9e de m\u00e9tier\u00a0met en lumi\u00e8re la vitalit\u00e9, l\u2019inventivit\u00e9, la diversit\u00e9 des savoir faire textile. L'oeuvre tiss\u00e9e n'est pas une copie mais une cr\u00e9ation \u00e0 part enti\u00e8re o\u00f9 s'actualise et se d\u00e9ploie le\u2026","rel":"","context":"Dans &quot;Non class\u00e9&quot;","block_context":{"text":"Non class\u00e9","link":"http:\/\/www.letourismeaparis.fr\/index.php\/category\/non-classe\/"},"img":{"alt_text":"","src":"https:\/\/i0.wp.com\/www.letourismeaparis.fr\/wp-content\/uploads\/2016\/10\/p_expo_57_483_big-300x200.jpg?resize=350%2C200","width":350,"height":200},"classes":[]}],"jetpack_sharing_enabled":true,"jetpack_likes_enabled":true,"_links":{"self":[{"href":"http:\/\/www.letourismeaparis.fr\/index.php\/wp-json\/wp\/v2\/posts\/628","targetHints":{"allow":["GET"]}}],"collection":[{"href":"http:\/\/www.letourismeaparis.fr\/index.php\/wp-json\/wp\/v2\/posts"}],"about":[{"href":"http:\/\/www.letourismeaparis.fr\/index.php\/wp-json\/wp\/v2\/types\/post"}],"author":[{"embeddable":true,"href":"http:\/\/www.letourismeaparis.fr\/index.php\/wp-json\/wp\/v2\/users\/2"}],"replies":[{"embeddable":true,"href":"http:\/\/www.letourismeaparis.fr\/index.php\/wp-json\/wp\/v2\/comments?post=628"}],"version-history":[{"count":0,"href":"http:\/\/www.letourismeaparis.fr\/index.php\/wp-json\/wp\/v2\/posts\/628\/revisions"}],"wp:attachment":[{"href":"http:\/\/www.letourismeaparis.fr\/index.php\/wp-json\/wp\/v2\/media?parent=628"}],"wp:term":[{"taxonomy":"category","embeddable":true,"href":"http:\/\/www.letourismeaparis.fr\/index.php\/wp-json\/wp\/v2\/categories?post=628"},{"taxonomy":"post_tag","embeddable":true,"href":"http:\/\/www.letourismeaparis.fr\/index.php\/wp-json\/wp\/v2\/tags?post=628"}],"curies":[{"name":"wp","href":"https:\/\/api.w.org\/{rel}","templated":true}]}}