{"id":633,"date":"2008-12-04T10:09:55","date_gmt":"2008-12-04T09:09:55","guid":{"rendered":"http:\/\/www.letourismeaparis.fr\/?p=633"},"modified":"2008-12-04T10:09:55","modified_gmt":"2008-12-04T09:09:55","slug":"aimez-vous-le-foie-gras","status":"publish","type":"post","link":"http:\/\/www.letourismeaparis.fr\/index.php\/2008\/12\/04\/aimez-vous-le-foie-gras\/","title":{"rendered":"Aimez-vous le foie gras ?"},"content":{"rendered":"<p><a href=\"http:\/\/www.letourismeaparis.fr\">www.letourismeaparis.fr<\/a><br \/>\nDes ateliers sont organis\u00e9s par Fabienne Labeyrie au Wa-Bi salon, 9, rue Treilhard Paris 75008; vous pourez apprendre \u00e0 le cuisiner et \u00e0 r\u00e9aliser de bonnes recettes du 16 au 19 d\u00e9cembre de 10h \u00e0 18 h.<br \/>\nD\u00a0\u00bbautres ateliers vous attendent \u00e9galement en d\u00e9cembre.<br \/>\n<a href=\"http:\/\/www.wa-bi-salon.com\">www.wa-bi-salon.com<\/a><\/p>\n","protected":false},"excerpt":{"rendered":"<p>www.letourismeaparis.fr Des ateliers sont organis\u00e9s par Fabienne Labeyrie au Wa-Bi salon, 9, rue Treilhard Paris 75008; vous pourez apprendre \u00e0 le cuisiner et \u00e0 r\u00e9aliser de bonnes recettes du 16 au 19 d\u00e9cembre de 10h \u00e0 18 h. D\u00a0\u00bbautres ateliers&#8230;<\/p>\n","protected":false},"author":2,"featured_media":0,"comment_status":"open","ping_status":"open","sticky":false,"template":"","format":"standard","meta":{"ngg_post_thumbnail":0,"jetpack_post_was_ever_published":false,"_jetpack_newsletter_access":"","footnotes":""},"categories":[1],"tags":[],"class_list":["post-633","post","type-post","status-publish","format-standard","hentry","category-non-classe"],"jetpack_featured_media_url":"","jetpack-related-posts":[{"id":19092,"url":"http:\/\/www.letourismeaparis.fr\/index.php\/2016\/11\/29\/a-table-en-2030-festival-de-lalimentation-week-end-exceptionnel-cite-des-sciences-et-de-lindustrie-les-3-et-4-decembre-2016\/","url_meta":{"origin":633,"position":0},"title":"A table en 2030 &#8211; Festival de l\u2019alimentation \u2013 Week end exceptionnel  Cit\u00e9 des sciences et de l\u2019industrie  Les 3 et 4 d\u00e9cembre 2016","author":"Fabienne TM","date":"29 novembre 2016","format":false,"excerpt":"\u00a0 Premi\u00e8re \u00e9dition de ce rendez-vous consacr\u00e9 \u00e0 l\u2019alimentation, A table en 2030 se penche sur les d\u00e9fis de la demande alimentaire et de la gastronomie horizon 2030. Quelle sera la composition des assiettes des pays occidentaux ? Quelles sont les tendances \u00e9mergentes de consommation ? \u00a0 Petite mise en\u2026","rel":"","context":"Dans &quot;Familles&quot;","block_context":{"text":"Familles","link":"http:\/\/www.letourismeaparis.fr\/index.php\/category\/familles\/"},"img":{"alt_text":"","src":"https:\/\/i0.wp.com\/www.letourismeaparis.fr\/wp-content\/uploads\/2016\/11\/unnamed2-212x300.jpg?resize=350%2C200","width":350,"height":200},"classes":[]},{"id":16059,"url":"http:\/\/www.letourismeaparis.fr\/index.php\/2014\/12\/04\/les-artistes-plasticiens-des-atelier-s-du-pere-lachaise-associes-ouvrent-leurs-portes-les-6-et-7-decembre-2014\/","url_meta":{"origin":633,"position":1},"title":"Les artistes plasticiens des Atelier s du P\u00e8re Lachaise Associ\u00e9s ouvrent leurs portes les  6 et 7 d\u00e9cembre 2014","author":"Fabienne TM","date":"4 d\u00e9cembre 2014","format":false,"excerpt":"FOISONNEMENT ARTISTIQUE\u00a0HIVERNAL AU COEUR DU 20e.Les artistes plasticiens des Atelier s du P\u00e8re Lachaise Associ\u00e9s ouvrent leurs portes .Cette ann\u00e9e, 26 artistes pr\u00e9senteront leurs cr\u00e9ations dans une vingtaine d\u2019ateliers de l\u2019est parisien. Ils sont peintres, photographes, encolleurs, plasticiens, graveurs, sculpteurs, auteurs-illustrateurs\u2026 R\u00e9guli\u00e8rement, les artistes de l\u2019APLA invitent d\u2019autres artistes \u00e0\u2026","rel":"","context":"Dans &quot;Non class\u00e9&quot;","block_context":{"text":"Non class\u00e9","link":"http:\/\/www.letourismeaparis.fr\/index.php\/category\/non-classe\/"},"img":{"alt_text":"","src":"","width":0,"height":0},"classes":[]},{"id":5943,"url":"http:\/\/www.letourismeaparis.fr\/index.php\/2009\/12\/23\/les-vacances-de-noel-au-musee-dorsay-les-ateliers-pour-enfants\/","url_meta":{"origin":633,"position":2},"title":"Les vacances de No\u00ebl au mus\u00e9e d\u2019Orsay : Les ateliers pour enfants","author":"Fabienne TM","date":"23 d\u00e9cembre 2009","format":false,"excerpt":"Paris 1er 2e Le Marais 5e 6e 7e 8e 9e 10e 11e 12e 13e 14e 15e 16e 17e 18e 19e 20e Musique Cin\u00e9ma Recettes Plus... Paris 7e Les vacances de No\u00ebl au mus\u00e9e d\u2019Orsay : Les ateliers pour enfants jusqu'au 3 janvier 2010 Le mus\u00e9e propose plusieurs activit\u00e9s aux plus\u2026","rel":"","context":"Dans &quot;Non class\u00e9&quot;","block_context":{"text":"Non class\u00e9","link":"http:\/\/www.letourismeaparis.fr\/index.php\/category\/non-classe\/"},"img":{"alt_text":"","src":"","width":0,"height":0},"classes":[]},{"id":5356,"url":"http:\/\/www.letourismeaparis.fr\/index.php\/2009\/11\/24\/atelier-dorigami-le-9-decembre-a-la-maison-du-japon-inscription-au-prealable\/","url_meta":{"origin":633,"position":3},"title":"Atelier d&#039;origami le 9 d\u00e9cembre \u00e0 la maison du Japon : inscription au pr\u00e9alable","author":"Fabienne TM","date":"24 novembre 2009","format":false,"excerpt":"L\u2019origami est l\u2019art du pliage du papier. Avec une simple feuille de format carr\u00e9, sans colle ni ciseaux, apprenez \u00e0 confectionner toutes sortes d\u2019animaux et d\u2019objets ! Cet atelier\u00a0 est anim\u00e9 par l\u2019un des grands sp\u00e9cialistes fran\u00e7ais de l\u2019origami Eric Joisel * mercredi 9 d\u00e9cembre * Initiation \u00e0 l\u2019origami pour\u2026","rel":"","context":"Dans &quot;Non class\u00e9&quot;","block_context":{"text":"Non class\u00e9","link":"http:\/\/www.letourismeaparis.fr\/index.php\/category\/non-classe\/"},"img":{"alt_text":"","src":"","width":0,"height":0},"classes":[]},{"id":17387,"url":"http:\/\/www.letourismeaparis.fr\/index.php\/2015\/12\/05\/portes-ouvertes-des-ateliers-dartistes-dans-le-20-eme-5-et-6-decembre-2015\/","url_meta":{"origin":633,"position":4},"title":"Portes ouvertes des ateliers d&#039;artistes dans le 20 \u00e8me  les 5 et 6 d\u00e9cembre 2015","author":"Fabienne TM","date":"5 d\u00e9cembre 2015","format":false,"excerpt":"Les Portes ouver tes des ateliers du P\u00e8re Lachaise\u00a0associ\u00e9s, un rendez-vous chaleureux au c\u0153ur del\u2019hiver No\u00ebl, la course folle des cadeaux, dans cette fr\u00e9n\u00e9sie acheteuse, une\u00a0pause s\u2019impose. Et si on optait pour le cadeau plus personnel, plus\u00a0intime ou simplement pour une balade artistique au calme dans l\u2019un\u00a0des quartiers les plus\u2026","rel":"","context":"Dans &quot;Mus\u00e9es \/ Expositions&quot;","block_context":{"text":"Mus\u00e9es \/ Expositions","link":"http:\/\/www.letourismeaparis.fr\/index.php\/category\/culture\/musees-expositions\/"},"img":{"alt_text":"","src":"","width":0,"height":0},"classes":[]},{"id":7240,"url":"http:\/\/www.letourismeaparis.fr\/index.php\/2010\/04\/02\/le-carre-des-ateliers-de-paris-samedi-3-avril\/","url_meta":{"origin":633,"position":5},"title":"Le Carr\u00e9 des Ateliers de Paris samedi 3 avril","author":"Fabienne TM","date":"2 avril 2010","format":false,"excerpt":"Le Carr\u00e9 des Ateliers de Paris abrite une multitude de talents chaque 1er samedi du mois, de mars \u00e0 d\u00e9cembre. Situ\u00e9 boulevard Richard Lenoir, niveau Breguet Sabin. Dans les all\u00e9es des Carr\u00e9s des Ateliers de Paris, vous d\u00e9couvrirez des accessoires de mode, des bijoux, des v\u00eatements mais aussi des cr\u00e9ations\u2026","rel":"","context":"Dans &quot;Non class\u00e9&quot;","block_context":{"text":"Non class\u00e9","link":"http:\/\/www.letourismeaparis.fr\/index.php\/category\/non-classe\/"},"img":{"alt_text":"","src":"","width":0,"height":0},"classes":[]}],"jetpack_sharing_enabled":true,"jetpack_likes_enabled":true,"_links":{"self":[{"href":"http:\/\/www.letourismeaparis.fr\/index.php\/wp-json\/wp\/v2\/posts\/633","targetHints":{"allow":["GET"]}}],"collection":[{"href":"http:\/\/www.letourismeaparis.fr\/index.php\/wp-json\/wp\/v2\/posts"}],"about":[{"href":"http:\/\/www.letourismeaparis.fr\/index.php\/wp-json\/wp\/v2\/types\/post"}],"author":[{"embeddable":true,"href":"http:\/\/www.letourismeaparis.fr\/index.php\/wp-json\/wp\/v2\/users\/2"}],"replies":[{"embeddable":true,"href":"http:\/\/www.letourismeaparis.fr\/index.php\/wp-json\/wp\/v2\/comments?post=633"}],"version-history":[{"count":0,"href":"http:\/\/www.letourismeaparis.fr\/index.php\/wp-json\/wp\/v2\/posts\/633\/revisions"}],"wp:attachment":[{"href":"http:\/\/www.letourismeaparis.fr\/index.php\/wp-json\/wp\/v2\/media?parent=633"}],"wp:term":[{"taxonomy":"category","embeddable":true,"href":"http:\/\/www.letourismeaparis.fr\/index.php\/wp-json\/wp\/v2\/categories?post=633"},{"taxonomy":"post_tag","embeddable":true,"href":"http:\/\/www.letourismeaparis.fr\/index.php\/wp-json\/wp\/v2\/tags?post=633"}],"curies":[{"name":"wp","href":"https:\/\/api.w.org\/{rel}","templated":true}]}}