{"id":709,"date":"2008-12-08T11:33:20","date_gmt":"2008-12-08T10:33:20","guid":{"rendered":"http:\/\/www.letourismeaparis.fr\/?p=709"},"modified":"2008-12-08T11:33:20","modified_gmt":"2008-12-08T10:33:20","slug":"rencontre-avec-martin-luther-king-place-du-trocadero-1012-2012","status":"publish","type":"post","link":"http:\/\/www.letourismeaparis.fr\/index.php\/2008\/12\/08\/rencontre-avec-martin-luther-king-place-du-trocadero-1012-2012\/","title":{"rendered":"Rencontre avec Martin Luther King, Place du Trocad\u00e9ro 10\/12-20\/12"},"content":{"rendered":"<p><strong><a href=\"http:\/\/www.letourismeaparis.fr\">www.letourismeaparis.fr<\/a><\/strong><br \/>\n\u00ab\u00a0Jusqu&rsquo; au 21 d\u00e9cembre 2008, l\u2019espace \u00ab Rencontre Martin Luther King \u00bb prend place au Trocad\u00e9ro .;<br \/>\nUn chapiteau de 450m\u00b2 en acc\u00e8s libre ouvert de 11h \u00e0 22h offre l\u2019occasion de se nourrir de la m\u00e9moire pour entrer dans le pr\u00e9sent de la lutte pour l\u2019\u00e9galit\u00e9 des chances, contre le racisme, l\u2019exclusion et la x\u00e9nophobie.\u00a0\u00bb<br \/>\nDe nombreux concerts s&rsquo;y d\u00e9rouleront notamment du 10 au 20 d\u00e9cembre.<br \/>\n<a href=\"http:\/\/www.unjourmartinlutherking.com\">http:\/\/www.unjourmartinlutherking.com<\/a><\/p>\n","protected":false},"excerpt":{"rendered":"<p>www.letourismeaparis.fr \u00ab\u00a0Jusqu&rsquo; au 21 d\u00e9cembre 2008, l\u2019espace \u00ab Rencontre Martin Luther King \u00bb prend place au Trocad\u00e9ro .; Un chapiteau de 450m\u00b2 en acc\u00e8s libre ouvert de 11h \u00e0 22h offre l\u2019occasion de se nourrir de la m\u00e9moire pour entrer&#8230;<\/p>\n","protected":false},"author":2,"featured_media":0,"comment_status":"open","ping_status":"open","sticky":false,"template":"","format":"standard","meta":{"ngg_post_thumbnail":0,"jetpack_post_was_ever_published":false,"_jetpack_newsletter_access":"","footnotes":""},"categories":[1],"tags":[],"class_list":["post-709","post","type-post","status-publish","format-standard","hentry","category-non-classe"],"jetpack_featured_media_url":"","jetpack-related-posts":[{"id":822,"url":"http:\/\/www.letourismeaparis.fr\/index.php\/2008\/12\/11\/concerts-charles-pasi-1112-et-paris-atlanta-1212-a-19h30-ddans-le-cadre-des-rencontres-avec-martin-luther-king\/","url_meta":{"origin":709,"position":0},"title":"CONCERTS CHARLES PASI 11\/12 ET PARIS ATLANTA 12\/12 A 19H30 DDANS LE CADRE DES RENCONTRES AVEC MARTIN LUTHER KING","author":"Fabienne TM","date":"11 d\u00e9cembre 2008","format":false,"excerpt":"www.letourismeaparis.fr Place du Trocad\u00e9ro 10\/12-20\/12 \"Jusqu' au 21 d\u00e9cembre 2008, l\u2019espace \u00ab Rencontre Martin Luther King \u00bb prend place au Trocad\u00e9ro .; Un chapiteau de 450m\u00b2 en acc\u00e8s libre ouvert de 11h \u00e0 22h offre l\u2019occasion de se nourrir de la m\u00e9moire pour entrer dans le pr\u00e9sent de la lutte\u2026","rel":"","context":"Dans &quot;Non class\u00e9&quot;","block_context":{"text":"Non class\u00e9","link":"http:\/\/www.letourismeaparis.fr\/index.php\/category\/non-classe\/"},"img":{"alt_text":"","src":"","width":0,"height":0},"classes":[]},{"id":779,"url":"http:\/\/www.letourismeaparis.fr\/index.php\/2008\/12\/10\/daby-toure-et-charles-pasi-au-trocadero-pour-martin-luther-king-10-et-1112\/","url_meta":{"origin":709,"position":1},"title":"Daby Tour\u00e9 et Charles Pasi au Trocad\u00e9ro pour Martin Luther King 10 et 11\/12","author":"Fabienne TM","date":"10 d\u00e9cembre 2008","format":false,"excerpt":"\u00ab Rencontre Martin Luther King \u00bb www.letourismeaparis.fr Daby Tour\u00e9, mercredi 10 D\u00e9cembre \u00e0 20h La folk pop a\u00e9rienne et finement cisel\u00e9e de Daby Tour\u00e9 op\u00e8re sans flancher, avec un charme l\u00e9ger, tout en suspension. Charles Pasi,\u00a0 jeudi 11 D\u00e9cembre \u00e0 18h30 Un m\u00e9lange de virtuosit\u00e9 et de feeling mais aussi\u2026","rel":"","context":"Dans &quot;Non class\u00e9&quot;","block_context":{"text":"Non class\u00e9","link":"http:\/\/www.letourismeaparis.fr\/index.php\/category\/non-classe\/"},"img":{"alt_text":"","src":"","width":0,"height":0},"classes":[]},{"id":989,"url":"http:\/\/www.letourismeaparis.fr\/index.php\/2008\/12\/19\/concerts-en-lhonneur-de-martin-luther-king-les-2015h-et-2120h-decembre\/","url_meta":{"origin":709,"position":2},"title":"Concerts en l&#039;honneur de Martin Luther King les 20(15h) et 21(20h) d\u00e9cembre","author":"Fabienne TM","date":"19 d\u00e9cembre 2008","format":false,"excerpt":"20 D\u00e9cembre \u00e0 15h SOLO AND CO Le reggae de Solo chant\u00e9 en dioula, fran\u00e7ais, ou en anglais ,une musique qui m\u00e9lange sonorit\u00e9s africaines, reggae et ballades aux accents folk rock... ONYLEE, le seul groupe qui chante en swahili, lingala, ot\u00e9l\u00e9la, fran\u00e7ais et anglais. ONYLEE est d\u2019abord Baaba leader de\u2026","rel":"","context":"Dans &quot;Non class\u00e9&quot;","block_context":{"text":"Non class\u00e9","link":"http:\/\/www.letourismeaparis.fr\/index.php\/category\/non-classe\/"},"img":{"alt_text":"","src":"","width":0,"height":0},"classes":[]},{"id":13363,"url":"http:\/\/www.letourismeaparis.fr\/index.php\/2013\/05\/23\/paris-en-musique-a-loccasion-du-50eme-anniversaire-du-discours-de-martin-luther-king\/","url_meta":{"origin":709,"position":3},"title":"PARIS EN MUSIQUE ! A l&#039;occasion du 50\u00e8me anniversaire du discours de Martin Luther King .","author":"Fabienne TM","date":"23 mai 2013","format":false,"excerpt":"Avec la participation de Archange Gospel et de la vocalist am\u00e9ricaine Jo Ann PICKENS ! Le 25 mai 2013 \u00e0 20h, la\u00a0 salle des F\u00eates de la Mairie du V\u00e8me arrondissement de Paris s'ouvre au public pour rendre hommage en musique \u00e0 Martin Luther King. \u00c0 l\u2019occasion de l\u2019ann\u00e9e du\u2026","rel":"","context":"Dans &quot;Non class\u00e9&quot;","block_context":{"text":"Non class\u00e9","link":"http:\/\/www.letourismeaparis.fr\/index.php\/category\/non-classe\/"},"img":{"alt_text":"","src":"","width":0,"height":0},"classes":[]},{"id":13133,"url":"http:\/\/www.letourismeaparis.fr\/index.php\/2013\/04\/14\/visites-des-jardins-de-paris-en-avril\/","url_meta":{"origin":709,"position":4},"title":"Visites des jardins de Paris en Avril","author":"Fabienne TM","date":"14 avril 2013","format":false,"excerpt":"LE PARC DE BERCY D\u00e9couverte d'un parc ombrag\u00e9 d'arbres centenaires. Le potager, la roseraie, la vigne et beaucoup d'arbres et arbustes peu courants lui donnent un charme particulier. Rendez-vous: devant les pelouses du parc, place L\u00e9onard-Bernstein, face \u00e0 la cin\u00e9math\u00e8que (m\u00e9tro Bercy). PARC DE BERCY\u00a0\u00a0\u00a0 128 QUAI DE BERCY\u00a0 75012\u2026","rel":"","context":"Dans &quot;Cin\u00e9ma&quot;","block_context":{"text":"Cin\u00e9ma","link":"http:\/\/www.letourismeaparis.fr\/index.php\/category\/spectacle\/cinema\/"},"img":{"alt_text":"","src":"","width":0,"height":0},"classes":[]},{"id":9183,"url":"http:\/\/www.letourismeaparis.fr\/index.php\/2010\/01\/02\/les-patinoires-en-plein-air-a-paris\/","url_meta":{"origin":709,"position":5},"title":"Les patinoires en plein air \u00e0 Paris","author":"Fabienne TM","date":"2 janvier 2010","format":false,"excerpt":"Les patinoires en plein air \u00e0 Paris Patinoire \u00e0 H\u00f4tel de Ville jusqu'au dimanche 27 f\u00e9vrier 2011,\u00a0 deux patinoires seront\u00a0 install\u00e9es , une piste de luge et une petite patinoire sont \u00e9galement pr\u00e9vues. M\u00e9tro H\u00f4tel de Ville Acc\u00e8s gratuit Du lundi au vendredi de 12h \u00e0 22h et les samedis,\u2026","rel":"","context":"Dans &quot;Non class\u00e9&quot;","block_context":{"text":"Non class\u00e9","link":"http:\/\/www.letourismeaparis.fr\/index.php\/category\/non-classe\/"},"img":{"alt_text":"","src":"","width":0,"height":0},"classes":[]}],"jetpack_sharing_enabled":true,"jetpack_likes_enabled":true,"_links":{"self":[{"href":"http:\/\/www.letourismeaparis.fr\/index.php\/wp-json\/wp\/v2\/posts\/709","targetHints":{"allow":["GET"]}}],"collection":[{"href":"http:\/\/www.letourismeaparis.fr\/index.php\/wp-json\/wp\/v2\/posts"}],"about":[{"href":"http:\/\/www.letourismeaparis.fr\/index.php\/wp-json\/wp\/v2\/types\/post"}],"author":[{"embeddable":true,"href":"http:\/\/www.letourismeaparis.fr\/index.php\/wp-json\/wp\/v2\/users\/2"}],"replies":[{"embeddable":true,"href":"http:\/\/www.letourismeaparis.fr\/index.php\/wp-json\/wp\/v2\/comments?post=709"}],"version-history":[{"count":0,"href":"http:\/\/www.letourismeaparis.fr\/index.php\/wp-json\/wp\/v2\/posts\/709\/revisions"}],"wp:attachment":[{"href":"http:\/\/www.letourismeaparis.fr\/index.php\/wp-json\/wp\/v2\/media?parent=709"}],"wp:term":[{"taxonomy":"category","embeddable":true,"href":"http:\/\/www.letourismeaparis.fr\/index.php\/wp-json\/wp\/v2\/categories?post=709"},{"taxonomy":"post_tag","embeddable":true,"href":"http:\/\/www.letourismeaparis.fr\/index.php\/wp-json\/wp\/v2\/tags?post=709"}],"curies":[{"name":"wp","href":"https:\/\/api.w.org\/{rel}","templated":true}]}}