{"id":717,"date":"2008-12-09T16:19:10","date_gmt":"2008-12-09T15:19:10","guid":{"rendered":"http:\/\/www.letourismeaparis.fr\/?p=717"},"modified":"2008-12-09T16:19:10","modified_gmt":"2008-12-09T15:19:10","slug":"festival-africolor-jusquau-24-decembre-2008","status":"publish","type":"post","link":"http:\/\/www.letourismeaparis.fr\/index.php\/2008\/12\/09\/festival-africolor-jusquau-24-decembre-2008\/","title":{"rendered":"Festival Africolor jusqu&#039;au 24 d\u00e9cembre  2008"},"content":{"rendered":"<div class=\"mceTemp\">\n<dl id=\"attachment_718\" class=\"wp-caption alignright\" style=\"width: 228px;\">\n<dt class=\"wp-caption-dt\"><img loading=\"lazy\" decoding=\"async\" class=\"size-medium wp-image-718\" title=\"safari\" src=\"http:\/\/www.letourismeaparis.fr\/wp-content\/uploads\/2008\/12\/im000674-300x224.jpg\" alt=\"girafe\" width=\"218\" height=\"180\" \/><\/dt>\n<\/dl>\n<\/div>\n<p><a href=\"http:\/\/www.letourismeaparis.fr   \">www.letourismeaparis.fr<\/a><br \/>\n\u00ab\u00a0Le Caratini Jazz Ensemble joue la biguine \u00a0\u00bb<br \/>\n<strong>VENDREDI 12 DECEMBRE\u00a0\u00a0\u00a0\u00a0 20h00<\/strong><br \/>\n\u00ab\u00a0Le Caratini Jazz Ensemble joue la biguine \u00a0\u00bb<br \/>\nAlexandre, Ernest, Felix , Abel&#8230; colportent la biguine de Fort-de-France \u00e0 Paris, apr\u00e8s la disparition de la ville de Saint-Pierre en 1902.La m\u00e9tropole d\u00e9couvre biguines et mazurkas apr\u00e8s la premi\u00e8re guerre mondiale au bal colonial de la rue Blomet&#8230;.\u00a0\u00bb<br \/>\n2\/4 rue Alexandre Bachelet 93400 SAINT-OUEN<br \/>\n<a href=\"http:\/\/www.africolor.com\">http:\/\/www.africolor.com<\/a><br \/>\ncr\u00e9dit photo : FTM<\/p>\n","protected":false},"excerpt":{"rendered":"<p>www.letourismeaparis.fr \u00ab\u00a0Le Caratini Jazz Ensemble joue la biguine \u00a0\u00bb VENDREDI 12 DECEMBRE\u00a0\u00a0\u00a0\u00a0 20h00 \u00ab\u00a0Le Caratini Jazz Ensemble joue la biguine \u00a0\u00bb Alexandre, Ernest, Felix , Abel&#8230; colportent la biguine de Fort-de-France \u00e0 Paris, apr\u00e8s la disparition de la ville de&#8230;<\/p>\n","protected":false},"author":2,"featured_media":0,"comment_status":"open","ping_status":"open","sticky":false,"template":"","format":"standard","meta":{"ngg_post_thumbnail":0,"jetpack_post_was_ever_published":false,"_jetpack_newsletter_access":"","footnotes":""},"categories":[1],"tags":[],"class_list":["post-717","post","type-post","status-publish","format-standard","hentry","category-non-classe"],"jetpack_featured_media_url":"","jetpack-related-posts":[{"id":11240,"url":"http:\/\/www.letourismeaparis.fr\/index.php\/2011\/11\/26\/festival-international-de-jazz-organise-par-les-centres-culturels-etrangers-17-concertsdu-8-au-30-novembre-2011\/","url_meta":{"origin":717,"position":0},"title":"Festival international de Jazz organis\u00e9 par les centres culturels \u00e9trangers jusqu&#039;au 30 novembre 2011)","author":"Fabienne TM","date":"26 novembre 2011","format":false,"excerpt":"Jeudi 24 novembre 2011 \u00e0 20h00 centre culturel de Serbie Dans ses concerts r\u00e9cents, Hot Club Of Belgrade joue sur les fronti\u00e8res entre les musiques des Balkans et le jazz. La d\u00e9licatesse des m\u00e9lodies ne cache pas la d\u00e9marche \u00e0 la fois politique et festive... Vendredi 25 novembre 2011 \u00e0\u2026","rel":"","context":"Dans &quot;Non class\u00e9&quot;","block_context":{"text":"Non class\u00e9","link":"http:\/\/www.letourismeaparis.fr\/index.php\/category\/non-classe\/"},"img":{"alt_text":"","src":"","width":0,"height":0},"classes":[]},{"id":19072,"url":"http:\/\/www.letourismeaparis.fr\/index.php\/2016\/11\/28\/jazzycolors-et-25-centres-culturels-etrangers-a-paris\/","url_meta":{"origin":717,"position":1},"title":"Jazzycolors  et 25 centres culturels \u00e9trangers \u00e0 Paris","author":"Fabienne TM","date":"28 novembre 2016","format":false,"excerpt":"Jazzycolors est de retour avec une s\u00e9lection concoct\u00e9e par 25 centres culturels\u00a0\u00e9trangers \u00e0 Paris, qui vous invitent \u00e0 un voyage \u00e0 travers les tendances\u00a0jazz des quatre coins du monde. 26 concerts dans 19 lieux rythmeront votre\u00a0mois de novembre au son des artistes de renomm\u00e9e internationale et des stars de demain.\u2026","rel":"","context":"Dans &quot;Musique&quot;","block_context":{"text":"Musique","link":"http:\/\/www.letourismeaparis.fr\/index.php\/category\/culture\/concerts-musique\/musique\/"},"img":{"alt_text":"","src":"","width":0,"height":0},"classes":[]},{"id":18639,"url":"http:\/\/www.letourismeaparis.fr\/index.php\/2016\/09\/15\/concerts-en-direct-des-salles-parisiennes-sur-radio-classique\/","url_meta":{"origin":717,"position":2},"title":"Concerts en direct des salles parisiennes sur Radio Classique","author":"Fabienne TM","date":"15 septembre 2016","format":false,"excerpt":"Vendredi 16 septembre, Philharmonie de Paris, 20h30 Orchestre de Paris Programme\u00a0: Schumann, sc\u00e8nes du Faust de Goethe Daniel Harding, direction Vendredi 30 septembre,\u00a0Cath\u00e9drale Saint-Louis des Invalides, 20h30 Ensemble Les Forces Majeures Le jeune Ch\u0153ur de Paris Programme : Ravel, Le Tombeau de Couperin, M. 68 Debussy, Suite bergamasque. Extr. :\u2026","rel":"","context":"Dans &quot;Musique&quot;","block_context":{"text":"Musique","link":"http:\/\/www.letourismeaparis.fr\/index.php\/category\/culture\/concerts-musique\/musique\/"},"img":{"alt_text":"","src":"","width":0,"height":0},"classes":[]},{"id":4529,"url":"http:\/\/www.letourismeaparis.fr\/index.php\/2009\/11\/08\/concerts-de-jazz-au-centre-wallonie-bruxelles-de-paris\/","url_meta":{"origin":717,"position":3},"title":"Concerts de Jazz  au centre Wallonie Bruxelles de Paris le 10\/11 &#8230;.","author":"Fabienne TM","date":"8 novembre 2009","format":false,"excerpt":"Mardi 10 novembre 2009 \u00e0 20H CONCERT un concert exceptionnel pour (re)d\u00e9couvrir les musiques que Riccardo Del Fra a compos\u00e9es pour les films de Lucas Belvaux. - Vendredi 16 novembre 2009 \u00e0 20H SPECTACLE Les po\u00e8tes du jazz - Lundi 23 novembre 2009 \u00e0 19H CONF\u00c9RENCE Les \u00e2ges d\u2019or du\u2026","rel":"","context":"Dans &quot;Non class\u00e9&quot;","block_context":{"text":"Non class\u00e9","link":"http:\/\/www.letourismeaparis.fr\/index.php\/category\/non-classe\/"},"img":{"alt_text":"","src":"","width":0,"height":0},"classes":[]},{"id":19197,"url":"http:\/\/www.letourismeaparis.fr\/index.php\/2016\/12\/09\/du-9-au-11-decembre-le-village-des-terroirs-des-saveurs-et-des-couleurs-vous-attend\/","url_meta":{"origin":717,"position":4},"title":"Du  9 au  11 d\u00e9cembre , le  Village des Terroirs, des Saveurs et des Couleurs, vous attend","author":"Fabienne TM","date":"9 d\u00e9cembre 2016","format":false,"excerpt":"\u00a0 \u00ab Festival de saveurs et de couleurs \u00bb, le Village des Terroirs est r\u00e9put\u00e9 pour la haute qualit\u00e9 de ses exposants aux sp\u00e9cialit\u00e9s artistiques et gastronomiques surprenantes. Le centre historique de Vanves accueille cette 12\u00e8me \u00e9dition toujours aussi exigeante dans le choix de ses partenaires : des artisans d\u2019art\u2026","rel":"","context":"Dans &quot;Gastronomie&quot;","block_context":{"text":"Gastronomie","link":"http:\/\/www.letourismeaparis.fr\/index.php\/category\/gastronomie\/"},"img":{"alt_text":"","src":"","width":0,"height":0},"classes":[]},{"id":7676,"url":"http:\/\/www.letourismeaparis.fr\/index.php\/2010\/05\/20\/tremplin-jeunes-talents-de-jazz-au-festival-saint-germain-des-pres-les-2122-et-23-mai\/","url_meta":{"origin":717,"position":5},"title":"Tremplin Jeunes Talents  de Jazz au Festival Saint germain des pr\u00e8s les 21,22 et 23 mai","author":"Fabienne TM","date":"20 mai 2010","format":false,"excerpt":"Sous l\u2019\u00e9gide du festival, le jury compos\u00e9 de musiciens, journalistes et professionnels d\u00e9partagera chaque soir les trois formations en comp\u00e9tition. Les formations en comp\u00e9tition les 21, 22 et 23 mai : Vendredi 21 mai Ouverture des portes : 17h30 Urban Jazz (18h00 - 18h45) 3Spirit (19h00 - 19h45) Pouaz''rlk (20h00\u2026","rel":"","context":"Dans &quot;Non class\u00e9&quot;","block_context":{"text":"Non class\u00e9","link":"http:\/\/www.letourismeaparis.fr\/index.php\/category\/non-classe\/"},"img":{"alt_text":"","src":"","width":0,"height":0},"classes":[]}],"jetpack_sharing_enabled":true,"jetpack_likes_enabled":true,"_links":{"self":[{"href":"http:\/\/www.letourismeaparis.fr\/index.php\/wp-json\/wp\/v2\/posts\/717","targetHints":{"allow":["GET"]}}],"collection":[{"href":"http:\/\/www.letourismeaparis.fr\/index.php\/wp-json\/wp\/v2\/posts"}],"about":[{"href":"http:\/\/www.letourismeaparis.fr\/index.php\/wp-json\/wp\/v2\/types\/post"}],"author":[{"embeddable":true,"href":"http:\/\/www.letourismeaparis.fr\/index.php\/wp-json\/wp\/v2\/users\/2"}],"replies":[{"embeddable":true,"href":"http:\/\/www.letourismeaparis.fr\/index.php\/wp-json\/wp\/v2\/comments?post=717"}],"version-history":[{"count":0,"href":"http:\/\/www.letourismeaparis.fr\/index.php\/wp-json\/wp\/v2\/posts\/717\/revisions"}],"wp:attachment":[{"href":"http:\/\/www.letourismeaparis.fr\/index.php\/wp-json\/wp\/v2\/media?parent=717"}],"wp:term":[{"taxonomy":"category","embeddable":true,"href":"http:\/\/www.letourismeaparis.fr\/index.php\/wp-json\/wp\/v2\/categories?post=717"},{"taxonomy":"post_tag","embeddable":true,"href":"http:\/\/www.letourismeaparis.fr\/index.php\/wp-json\/wp\/v2\/tags?post=717"}],"curies":[{"name":"wp","href":"https:\/\/api.w.org\/{rel}","templated":true}]}}