{"id":736,"date":"2008-12-08T17:36:43","date_gmt":"2008-12-08T16:36:43","guid":{"rendered":"http:\/\/www.letourismeaparis.fr\/?p=736"},"modified":"2008-12-08T17:36:43","modified_gmt":"2008-12-08T16:36:43","slug":"the-red-piano-un-spectacle-delton-john-le-9-decembre","status":"publish","type":"post","link":"http:\/\/www.letourismeaparis.fr\/index.php\/2008\/12\/08\/the-red-piano-un-spectacle-delton-john-le-9-decembre\/","title":{"rendered":"&quot;The Red Piano&quot;, un  spectacle d&#039;Elton John le 9 d\u00e9cembre"},"content":{"rendered":"<p><strong>LE MARDI 9 DECEMBRE 2008 A 20H00<\/strong><br \/>\n<a href=\"http:\/\/www.letourismeaparis.fr\"><em><span style=\"color: #ff6600;\"><strong>www.letourismeaparis.fr<\/strong><\/span><\/em><\/a><br \/>\n<strong>\u00ab\u00a0Retransmission en direct de Bercy <\/strong>du spectacle d&rsquo;Elton John\u00a0 \u00ab\u00a0The Red Piano\u00a0\u00bb,\u00a0 con\u00e7u et r\u00e9alis\u00e9 par David\u00a0\u00a0\u00a0\u00a0\u00a0 La Chapelle. L\u2019embl\u00e9matique piano rouge d\u2019Elton, est plac\u00e9 au c\u0153ur de l\u2019extraordinaire mise en sc\u00e8ne.<br \/>\nUn\u00a0 superbe spectacle ,retransmis en Haute D\u00e9finition.<br \/>\nr\u00e9servation imp\u00e9rative,quelques places encore disponibles<br \/>\nGaumont Marignan \u00a0\u00a0 27, avenue des Champs Elys\u00e9es Paris 75008<br \/>\n<a href=\"http:\/\/www.cielecran.com\">www.cielecran.com<\/a><\/p>\n","protected":false},"excerpt":{"rendered":"<p>LE MARDI 9 DECEMBRE 2008 A 20H00 www.letourismeaparis.fr \u00ab\u00a0Retransmission en direct de Bercy du spectacle d&rsquo;Elton John\u00a0 \u00ab\u00a0The Red Piano\u00a0\u00bb,\u00a0 con\u00e7u et r\u00e9alis\u00e9 par David\u00a0\u00a0\u00a0\u00a0\u00a0 La Chapelle. L\u2019embl\u00e9matique piano rouge d\u2019Elton, est plac\u00e9 au c\u0153ur de l\u2019extraordinaire mise en sc\u00e8ne&#8230;.<\/p>\n","protected":false},"author":2,"featured_media":0,"comment_status":"open","ping_status":"open","sticky":false,"template":"","format":"standard","meta":{"ngg_post_thumbnail":0,"jetpack_post_was_ever_published":false,"_jetpack_newsletter_access":"","footnotes":""},"categories":[1],"tags":[],"class_list":["post-736","post","type-post","status-publish","format-standard","hentry","category-non-classe"],"jetpack_featured_media_url":"","jetpack-related-posts":[{"id":443,"url":"http:\/\/www.letourismeaparis.fr\/index.php\/2008\/11\/16\/venez-passer-une-bonne-soiree-lundi-17-novembre-au\/","url_meta":{"origin":736,"position":0},"title":"Venez passer une bonne soir\u00e9e lundi 17 novembre au&#8230;","author":"Fabienne TM","date":"16 novembre 2008","format":false,"excerpt":"www.letourismeaparis.fr R\u00e9guli\u00e8rement pr\u00e9sent sur les sc\u00e8ne parisiennes, Laurent de Segonzac revisite les succ\u00e8s fran\u00e7ais, anglo-saxons et latinos des quarante derni\u00e8res ann\u00e9es. De Souchon \u00e0 Elvis, des Platters \u00e0 Cat Stevens, de Nougaro \u00e0 Nino Ferrer, d\u2019Elton John \u00e0 Paolo Conte ou Dario Moreno, il aime naviguer entre r\u00e9pertoires, tempos et\u2026","rel":"","context":"Dans &quot;Non class\u00e9&quot;","block_context":{"text":"Non class\u00e9","link":"http:\/\/www.letourismeaparis.fr\/index.php\/category\/non-classe\/"},"img":{"alt_text":"","src":"","width":0,"height":0},"classes":[]},{"id":3304,"url":"http:\/\/www.letourismeaparis.fr\/index.php\/2010\/05\/04\/un-spectacle-musical-de-qualite-au-theatre-essaion-mercredi-1er-juillet-a-20h00\/","url_meta":{"origin":736,"position":1},"title":"Un spectacle  musical de qualit\u00e9, au th\u00e9\u00e2tre Essaion , le 5 mai \u00e0 20 h","author":"Fabienne TM","date":"4 mai 2010","format":false,"excerpt":"R\u00e9guli\u00e8rement pr\u00e9sent sur les sc\u00e8ne parisiennes, Laurent Dunoyer\u00a0 de Segonzac revisite les succ\u00e8s fran\u00e7ais, anglo-saxons et latinos des quarante derni\u00e8res ann\u00e9es. De Souchon \u00e0 Elvis, des Platters \u00e0 Cat Stevens, de Nougaro \u00e0 NinoFerrer, d\u2019Elton John \u00e0 Paolo Conte ou Dario Moreno, il aime naviguer entre r\u00e9pertoires, tempos et m\u00e9moires.Fr\u00e9d\u00e9ric\u2026","rel":"","context":"Dans &quot;Non class\u00e9&quot;","block_context":{"text":"Non class\u00e9","link":"http:\/\/www.letourismeaparis.fr\/index.php\/category\/non-classe\/"},"img":{"alt_text":"","src":"","width":0,"height":0},"classes":[]},{"id":2247,"url":"http:\/\/www.letourismeaparis.fr\/index.php\/2009\/03\/07\/les-succes-de-la-chanson-des-40-dernieres-annes-dimanche-8-mars-au-theatre-essaion\/","url_meta":{"origin":736,"position":2},"title":"Les succ\u00e8s de la chanson, des 40 derni\u00e8res ann\u00e9s ,dimanche 8 mars au Th\u00e9atre Essaion","author":"Fabienne TM","date":"7 mars 2009","format":false,"excerpt":"www.letourismeaparis.fr Un spectacle bien sympathique ! une bonne\u00a0 soir\u00e9e\u00a0 en perspective. R\u00e9guli\u00e8rement pr\u00e9sent sur les sc\u00e8ne parisiennes, Laurent Dunoyer\u00a0 de Segonzac revisite les succ\u00e8s fran\u00e7ais, anglo-saxons et latinos des quarante derni\u00e8res ann\u00e9es. De Souchon \u00e0 Elvis, des Platters \u00e0 Cat Stevens, de Nougaro \u00e0 NinoFerrer, d\u2019Elton John \u00e0 Paolo Conte\u2026","rel":"","context":"Dans &quot;Non class\u00e9&quot;","block_context":{"text":"Non class\u00e9","link":"http:\/\/www.letourismeaparis.fr\/index.php\/category\/non-classe\/"},"img":{"alt_text":"","src":"","width":0,"height":0},"classes":[]},{"id":18639,"url":"http:\/\/www.letourismeaparis.fr\/index.php\/2016\/09\/15\/concerts-en-direct-des-salles-parisiennes-sur-radio-classique\/","url_meta":{"origin":736,"position":3},"title":"Concerts en direct des salles parisiennes sur Radio Classique","author":"Fabienne TM","date":"15 septembre 2016","format":false,"excerpt":"Vendredi 16 septembre, Philharmonie de Paris, 20h30 Orchestre de Paris Programme\u00a0: Schumann, sc\u00e8nes du Faust de Goethe Daniel Harding, direction Vendredi 30 septembre,\u00a0Cath\u00e9drale Saint-Louis des Invalides, 20h30 Ensemble Les Forces Majeures Le jeune Ch\u0153ur de Paris Programme : Ravel, Le Tombeau de Couperin, M. 68 Debussy, Suite bergamasque. Extr. :\u2026","rel":"","context":"Dans &quot;Musique&quot;","block_context":{"text":"Musique","link":"http:\/\/www.letourismeaparis.fr\/index.php\/category\/culture\/concerts-musique\/musique\/"},"img":{"alt_text":"","src":"","width":0,"height":0},"classes":[]},{"id":10592,"url":"http:\/\/www.letourismeaparis.fr\/index.php\/2011\/06\/20\/fete-de-la-musique-une-selection-2\/","url_meta":{"origin":736,"position":4},"title":"F\u00eate de la musique : une s\u00e9lection !(2) mardi 21 juin !","author":"Fabienne TM","date":"20 juin 2011","format":false,"excerpt":"Chants sacr\u00e9s et profanes De 20h \u00e0 21h L\u2019ensemble vocal et les solistes du conservatoire Claude Debussy (Paris 17\u00e8me), sous la direction de Philippe Maz\u00e9 et avec David Duboc au piano, pr\u00e9sentent des oeuvres de Mendelssohn, Mozart, Reinberger, Debussy, Holst, Sibelius et Verdi. Eglise de la Madeleine - Place de\u2026","rel":"","context":"Dans &quot;Non class\u00e9&quot;","block_context":{"text":"Non class\u00e9","link":"http:\/\/www.letourismeaparis.fr\/index.php\/category\/non-classe\/"},"img":{"alt_text":"","src":"","width":0,"height":0},"classes":[]},{"id":18374,"url":"http:\/\/www.letourismeaparis.fr\/index.php\/2016\/06\/10\/opera-cote-cour-a-bercy-villages-des-spectacles-gratuits-le-dimanche-a-partir-du-12-juin\/","url_meta":{"origin":736,"position":5},"title":"&quot;Op\u00e9ra cot\u00e9 cour&quot; \u00e0 Bercy village : des spectacles gratuits le dimanche \u00e0 partir du 12 juin","author":"Fabienne TM","date":"10 juin 2016","format":false,"excerpt":"le festival lyrique Op\u00e9ra c\u00f4t\u00e9 Cour, orchestr\u00e9 par Bercy Village et l\u2019association \u00ab Autres Voix \u00bb, revient pour sa 5e \u00e9dition. Rendez-vous d\u00e8s le dimanche 12 juin pour l'inauguration du festival sur la sc\u00e8ne de la Cour Saint-Emilion, puis tous les dimanches de juin et de septembre pour une \u00e9dition\u2026","rel":"","context":"Dans &quot;Familles&quot;","block_context":{"text":"Familles","link":"http:\/\/www.letourismeaparis.fr\/index.php\/category\/familles\/"},"img":{"alt_text":"","src":"","width":0,"height":0},"classes":[]}],"jetpack_sharing_enabled":true,"jetpack_likes_enabled":true,"_links":{"self":[{"href":"http:\/\/www.letourismeaparis.fr\/index.php\/wp-json\/wp\/v2\/posts\/736","targetHints":{"allow":["GET"]}}],"collection":[{"href":"http:\/\/www.letourismeaparis.fr\/index.php\/wp-json\/wp\/v2\/posts"}],"about":[{"href":"http:\/\/www.letourismeaparis.fr\/index.php\/wp-json\/wp\/v2\/types\/post"}],"author":[{"embeddable":true,"href":"http:\/\/www.letourismeaparis.fr\/index.php\/wp-json\/wp\/v2\/users\/2"}],"replies":[{"embeddable":true,"href":"http:\/\/www.letourismeaparis.fr\/index.php\/wp-json\/wp\/v2\/comments?post=736"}],"version-history":[{"count":0,"href":"http:\/\/www.letourismeaparis.fr\/index.php\/wp-json\/wp\/v2\/posts\/736\/revisions"}],"wp:attachment":[{"href":"http:\/\/www.letourismeaparis.fr\/index.php\/wp-json\/wp\/v2\/media?parent=736"}],"wp:term":[{"taxonomy":"category","embeddable":true,"href":"http:\/\/www.letourismeaparis.fr\/index.php\/wp-json\/wp\/v2\/categories?post=736"},{"taxonomy":"post_tag","embeddable":true,"href":"http:\/\/www.letourismeaparis.fr\/index.php\/wp-json\/wp\/v2\/tags?post=736"}],"curies":[{"name":"wp","href":"https:\/\/api.w.org\/{rel}","templated":true}]}}