{"id":754,"date":"2008-12-09T10:25:58","date_gmt":"2008-12-09T09:25:58","guid":{"rendered":"http:\/\/www.letourismeaparis.fr\/?p=754"},"modified":"2008-12-09T10:25:58","modified_gmt":"2008-12-09T09:25:58","slug":"festival-des-musiques-du-monde-avec-dj-click-socalled-gonzales","status":"publish","type":"post","link":"http:\/\/www.letourismeaparis.fr\/index.php\/2008\/12\/09\/festival-des-musiques-du-monde-avec-dj-click-socalled-gonzales\/","title":{"rendered":"Festival des musiques du monde avec: Dj Click, socalled, Gonzales)"},"content":{"rendered":"<p><strong> mardi 9 d\u00e9cembre 2008 \u00e0 20h30<\/strong><br \/>\n<span style=\"color: #ff00ff;\"><strong><a href=\"http:\/\/www.letourismeaparis.fr\">www.letourismeaparis.fr<\/a><\/strong><\/span><br \/>\n<strong>Dj ClicK <\/strong><br \/>\nl\u2019un des plus aventureux Dj fran\u00e7ais nous livrera un mix ultra vitamin\u00e9 o\u00f9 world, jazz et \u00e9lectro se bousculent&#8230;<br \/>\n<strong>Socalled<\/strong><br \/>\nhip-hopeur yiddish, \u00e9chantillonneur fantasque et multi instrumentiste, SoCalled se prom\u00e8ne dans la musique klezmer<br \/>\nun guest fort attendu : l&rsquo;hallucinant pianiste <strong>Gonzales\u2026 <\/strong><br \/>\n<a href=\"http:\/\/whttp:\/\/www.villesdesmusiquesdumonde.com\">http:\/\/www.villesdesmusiquesdumonde.com<\/a><br \/>\nEspace Fraternit\u00e9 (Magic Mirror)\u00a0\u00a0 10-12, rue de la Gare\u00a0\u00a0\u00a0 Aubervilliers<\/p>\n","protected":false},"excerpt":{"rendered":"<p>mardi 9 d\u00e9cembre 2008 \u00e0 20h30 www.letourismeaparis.fr Dj ClicK l\u2019un des plus aventureux Dj fran\u00e7ais nous livrera un mix ultra vitamin\u00e9 o\u00f9 world, jazz et \u00e9lectro se bousculent&#8230; Socalled hip-hopeur yiddish, \u00e9chantillonneur fantasque et multi instrumentiste, SoCalled se prom\u00e8ne dans&#8230;<\/p>\n","protected":false},"author":2,"featured_media":0,"comment_status":"open","ping_status":"open","sticky":false,"template":"","format":"standard","meta":{"ngg_post_thumbnail":0,"jetpack_post_was_ever_published":false,"_jetpack_newsletter_access":"","footnotes":""},"categories":[1],"tags":[],"class_list":["post-754","post","type-post","status-publish","format-standard","hentry","category-non-classe"],"jetpack_featured_media_url":"","jetpack-related-posts":[{"id":11063,"url":"http:\/\/www.letourismeaparis.fr\/index.php\/2011\/09\/04\/le-tango-vous-attend-les-16-et-17-septembre\/","url_meta":{"origin":754,"position":0},"title":"LE TANGO VOUS ATTEND LES 16 ET 17 SEPTEMBRE&#8230;","author":"Fabienne TM","date":"4 septembre 2011","format":false,"excerpt":"DU 16 AU 18 SEPTEMBRE ENTRE ELECTRO-CUMBIA ET TANGOTrois jours et trois nuits durant, le CENTQUATRE se met \u00e0 l\u2019heure de la capitale argentine pour une rentr\u00e9e rythm\u00e9e par le tango et les pulsations entra\u00eenantes de l\u2019\u00e9lectro-cumbia. , la c\u00e9l\u00e8bre Nuit OUF affichera pour sa 3e \u00e9dition les couleurs vives\u2026","rel":"","context":"Dans &quot;Non class\u00e9&quot;","block_context":{"text":"Non class\u00e9","link":"http:\/\/www.letourismeaparis.fr\/index.php\/category\/non-classe\/"},"img":{"alt_text":"","src":"","width":0,"height":0},"classes":[]},{"id":230,"url":"http:\/\/www.letourismeaparis.fr\/index.php\/2008\/07\/09\/salsa-et-musiques-latinesle-jeudi-1007\/","url_meta":{"origin":754,"position":1},"title":"Salsa et musiques latines&#8230;le jeudi 10\/07","author":"Fabienne TM","date":"9 juillet 2008","format":false,"excerpt":"\u00a0Le Tourisme \u00e0 Paris\u00a0\u00a0\u00a0 Paris Advisor Salsa et musique latino avec Papy Alex Le 10 juillet 2008 \u00e0 partir de 22h Entr\u00e9e gratuite Rendez vous, \u00e0 partir de 22h, sur les rythmes de la salsa et des musiques latines L'\u00e9t\u00e9 dernier vous avez \u00e9t\u00e9 nombreux \u00e0 vous retrouver au SATELLIT\u2026","rel":"","context":"Dans &quot;Non class\u00e9&quot;","block_context":{"text":"Non class\u00e9","link":"http:\/\/www.letourismeaparis.fr\/index.php\/category\/non-classe\/"},"img":{"alt_text":"","src":"","width":0,"height":0},"classes":[]},{"id":15459,"url":"http:\/\/www.letourismeaparis.fr\/index.php\/2014\/08\/30\/estivales-musicales-2014-concerts-en-plein-air-partir-du-29-aout\/","url_meta":{"origin":754,"position":2},"title":"Estivales musicales 2014 \u2013 Concerts en plein air \u00e0 partir du 29 ao\u00fbt","author":"Fabienne TM","date":"30 ao\u00fbt 2014","format":false,"excerpt":"Estivales musicales 2014 \u2013 Concerts en plein air Du 29 ao\u00fbt au 1er septembre, la Mairie vous propose des concerts en plein air au quatre coins du 11e. Chanson fran\u00e7aise, \u00e9lectro mais aussi pop-rock et folk, venez profiter des derniers rayons du soleil de l\u2019\u00e9t\u00e9 ! Le programme : Vendredi\u2026","rel":"","context":"Dans &quot;Non class\u00e9&quot;","block_context":{"text":"Non class\u00e9","link":"http:\/\/www.letourismeaparis.fr\/index.php\/category\/non-classe\/"},"img":{"alt_text":"","src":"","width":0,"height":0},"classes":[]},{"id":2838,"url":"http:\/\/www.letourismeaparis.fr\/index.php\/2009\/10\/04\/salsa-capitale-dimanche-10-mai\/","url_meta":{"origin":754,"position":3},"title":"Bal SALSA du SATELLIT Caf\u00e9 le 04 octobre 2009 de 18h \u00e0 2h","author":"Fabienne TM","date":"4 octobre 2009","format":false,"excerpt":"Concert du groupe Onda Cubana et animation avec le Dj Papi Alex et de nombreux invit\u00e9s ... Tous les dimanches \u00e0 partir de 18h, le SATELLIT Caf\u00e9 organise les Bals Salsa anim\u00e9s par l'Orchestre Onda Cubana et le Dj Papi Alex qui vous ferons d\u00e9couvrir les rythmes endiabl\u00e9s et chaloup\u00e9s\u2026","rel":"","context":"Dans &quot;Non class\u00e9&quot;","block_context":{"text":"Non class\u00e9","link":"http:\/\/www.letourismeaparis.fr\/index.php\/category\/non-classe\/"},"img":{"alt_text":"","src":"","width":0,"height":0},"classes":[]},{"id":12462,"url":"http:\/\/www.letourismeaparis.fr\/index.php\/2012\/12\/30\/des-idees-pour-reveilloner-a-paris-le-31-decembre-2012\/","url_meta":{"origin":754,"position":4},"title":"Des id\u00e9es pour r\u00e9veillonner \u00e0 Paris ou profiter de la capitale , le 31 d\u00e9cembre 2012","author":"Fabienne TM","date":"30 d\u00e9cembre 2012","format":false,"excerpt":"Un R\u00e9veillon aux pieds de la Tour Eiffel, au Salon des Vedettes 30 ans de tubes disco-pop-house Samedi 31 d\u00e9cembre 2012, \u00e0 partir de 20h30 Le Salon des Vedettes Port de Suffren, 75007 Paris Saint Sylvestre sur Seine ! Embarquement pour une crosi\u00e8re\u00a0 promen ade \u00e0 22h45 au pied de\u2026","rel":"","context":"Dans &quot;Non class\u00e9&quot;","block_context":{"text":"Non class\u00e9","link":"http:\/\/www.letourismeaparis.fr\/index.php\/category\/non-classe\/"},"img":{"alt_text":"","src":"","width":0,"height":0},"classes":[]},{"id":927,"url":"http:\/\/www.letourismeaparis.fr\/index.php\/2008\/12\/16\/sexy-bossa-nova-le-mardi-16-decembre\/","url_meta":{"origin":754,"position":5},"title":"Sexy Bossa-Nova le mardi 16 d\u00e9cembre&#8230;","author":"Fabienne TM","date":"16 d\u00e9cembre 2008","format":false,"excerpt":"www.letourismeaparis.fr Rendez-vous \u00e0 la Favela Chic pour une soir\u00e9e 100 % Bossa-nova ! Au programme : un live pour commencer et un Dj pour finir la soir\u00e9e. Tous les premiers mardis du mois, la soir\u00e9e Sexy Bossa met la Bossa-nova \u00e0 l\u2019honneur\u2026 http:\/\/www.favelachic.com jusqu'au 06 Janvier 2009 Tous les 1ers\u2026","rel":"","context":"Dans &quot;Non class\u00e9&quot;","block_context":{"text":"Non class\u00e9","link":"http:\/\/www.letourismeaparis.fr\/index.php\/category\/non-classe\/"},"img":{"alt_text":"","src":"","width":0,"height":0},"classes":[]}],"jetpack_sharing_enabled":true,"jetpack_likes_enabled":true,"_links":{"self":[{"href":"http:\/\/www.letourismeaparis.fr\/index.php\/wp-json\/wp\/v2\/posts\/754","targetHints":{"allow":["GET"]}}],"collection":[{"href":"http:\/\/www.letourismeaparis.fr\/index.php\/wp-json\/wp\/v2\/posts"}],"about":[{"href":"http:\/\/www.letourismeaparis.fr\/index.php\/wp-json\/wp\/v2\/types\/post"}],"author":[{"embeddable":true,"href":"http:\/\/www.letourismeaparis.fr\/index.php\/wp-json\/wp\/v2\/users\/2"}],"replies":[{"embeddable":true,"href":"http:\/\/www.letourismeaparis.fr\/index.php\/wp-json\/wp\/v2\/comments?post=754"}],"version-history":[{"count":0,"href":"http:\/\/www.letourismeaparis.fr\/index.php\/wp-json\/wp\/v2\/posts\/754\/revisions"}],"wp:attachment":[{"href":"http:\/\/www.letourismeaparis.fr\/index.php\/wp-json\/wp\/v2\/media?parent=754"}],"wp:term":[{"taxonomy":"category","embeddable":true,"href":"http:\/\/www.letourismeaparis.fr\/index.php\/wp-json\/wp\/v2\/categories?post=754"},{"taxonomy":"post_tag","embeddable":true,"href":"http:\/\/www.letourismeaparis.fr\/index.php\/wp-json\/wp\/v2\/tags?post=754"}],"curies":[{"name":"wp","href":"https:\/\/api.w.org\/{rel}","templated":true}]}}