{"id":822,"date":"2008-12-11T08:32:01","date_gmt":"2008-12-11T07:32:01","guid":{"rendered":"http:\/\/www.letourismeaparis.fr\/?p=822"},"modified":"2008-12-11T08:32:01","modified_gmt":"2008-12-11T07:32:01","slug":"concerts-charles-pasi-1112-et-paris-atlanta-1212-a-19h30-ddans-le-cadre-des-rencontres-avec-martin-luther-king","status":"publish","type":"post","link":"http:\/\/www.letourismeaparis.fr\/index.php\/2008\/12\/11\/concerts-charles-pasi-1112-et-paris-atlanta-1212-a-19h30-ddans-le-cadre-des-rencontres-avec-martin-luther-king\/","title":{"rendered":"CONCERTS CHARLES PASI 11\/12 ET PARIS ATLANTA 12\/12 A 19H30 DDANS LE CADRE DES RENCONTRES AVEC MARTIN LUTHER KING"},"content":{"rendered":"<p><strong><a href=\"http:\/\/www.letourismeaparis.fr\">www.letourismeaparis.fr<\/a><\/strong><br \/>\nPlace du Trocad\u00e9ro 10\/12-20\/12<br \/>\n\u00ab\u00a0Jusqu&rsquo; au 21 d\u00e9cembre 2008, l\u2019espace \u00ab Rencontre Martin Luther King \u00bb prend place au Trocad\u00e9ro .;<br \/>\nUn chapiteau de 450m\u00b2 en <strong>acc\u00e8s libre <\/strong>ouvert de 11h \u00e0 22h offre l\u2019occasion de se nourrir de la m\u00e9moire pour entrer dans le pr\u00e9sent de la lutte pour l\u2019\u00e9galit\u00e9 des chances, contre le racisme, l\u2019exclusion et la x\u00e9nophobie.\u00a0\u00bb<br \/>\nDe nombreux concerts s&rsquo;y d\u00e9rouleront notamment du 10 au 20 d\u00e9cembre.<br \/>\n<a href=\"http:\/\/www.unjourmartinlutherking.com\">http:\/\/www.unjourmartinlutherking.com<\/a><\/p>\n","protected":false},"excerpt":{"rendered":"<p>www.letourismeaparis.fr Place du Trocad\u00e9ro 10\/12-20\/12 \u00ab\u00a0Jusqu&rsquo; au 21 d\u00e9cembre 2008, l\u2019espace \u00ab Rencontre Martin Luther King \u00bb prend place au Trocad\u00e9ro .; Un chapiteau de 450m\u00b2 en acc\u00e8s libre ouvert de 11h \u00e0 22h offre l\u2019occasion de se nourrir de&#8230;<\/p>\n","protected":false},"author":2,"featured_media":0,"comment_status":"open","ping_status":"open","sticky":false,"template":"","format":"standard","meta":{"ngg_post_thumbnail":0,"jetpack_post_was_ever_published":false,"_jetpack_newsletter_access":"","footnotes":""},"categories":[1],"tags":[],"class_list":["post-822","post","type-post","status-publish","format-standard","hentry","category-non-classe"],"jetpack_featured_media_url":"","jetpack-related-posts":[{"id":709,"url":"http:\/\/www.letourismeaparis.fr\/index.php\/2008\/12\/08\/rencontre-avec-martin-luther-king-place-du-trocadero-1012-2012\/","url_meta":{"origin":822,"position":0},"title":"Rencontre avec Martin Luther King, Place du Trocad\u00e9ro 10\/12-20\/12","author":"Fabienne TM","date":"8 d\u00e9cembre 2008","format":false,"excerpt":"www.letourismeaparis.fr \"Jusqu' au 21 d\u00e9cembre 2008, l\u2019espace \u00ab Rencontre Martin Luther King \u00bb prend place au Trocad\u00e9ro .; Un chapiteau de 450m\u00b2 en acc\u00e8s libre ouvert de 11h \u00e0 22h offre l\u2019occasion de se nourrir de la m\u00e9moire pour entrer dans le pr\u00e9sent de la lutte pour l\u2019\u00e9galit\u00e9 des chances,\u2026","rel":"","context":"Dans &quot;Non class\u00e9&quot;","block_context":{"text":"Non class\u00e9","link":"http:\/\/www.letourismeaparis.fr\/index.php\/category\/non-classe\/"},"img":{"alt_text":"","src":"","width":0,"height":0},"classes":[]},{"id":779,"url":"http:\/\/www.letourismeaparis.fr\/index.php\/2008\/12\/10\/daby-toure-et-charles-pasi-au-trocadero-pour-martin-luther-king-10-et-1112\/","url_meta":{"origin":822,"position":1},"title":"Daby Tour\u00e9 et Charles Pasi au Trocad\u00e9ro pour Martin Luther King 10 et 11\/12","author":"Fabienne TM","date":"10 d\u00e9cembre 2008","format":false,"excerpt":"\u00ab Rencontre Martin Luther King \u00bb www.letourismeaparis.fr Daby Tour\u00e9, mercredi 10 D\u00e9cembre \u00e0 20h La folk pop a\u00e9rienne et finement cisel\u00e9e de Daby Tour\u00e9 op\u00e8re sans flancher, avec un charme l\u00e9ger, tout en suspension. Charles Pasi,\u00a0 jeudi 11 D\u00e9cembre \u00e0 18h30 Un m\u00e9lange de virtuosit\u00e9 et de feeling mais aussi\u2026","rel":"","context":"Dans &quot;Non class\u00e9&quot;","block_context":{"text":"Non class\u00e9","link":"http:\/\/www.letourismeaparis.fr\/index.php\/category\/non-classe\/"},"img":{"alt_text":"","src":"","width":0,"height":0},"classes":[]},{"id":989,"url":"http:\/\/www.letourismeaparis.fr\/index.php\/2008\/12\/19\/concerts-en-lhonneur-de-martin-luther-king-les-2015h-et-2120h-decembre\/","url_meta":{"origin":822,"position":2},"title":"Concerts en l&#039;honneur de Martin Luther King les 20(15h) et 21(20h) d\u00e9cembre","author":"Fabienne TM","date":"19 d\u00e9cembre 2008","format":false,"excerpt":"20 D\u00e9cembre \u00e0 15h SOLO AND CO Le reggae de Solo chant\u00e9 en dioula, fran\u00e7ais, ou en anglais ,une musique qui m\u00e9lange sonorit\u00e9s africaines, reggae et ballades aux accents folk rock... ONYLEE, le seul groupe qui chante en swahili, lingala, ot\u00e9l\u00e9la, fran\u00e7ais et anglais. ONYLEE est d\u2019abord Baaba leader de\u2026","rel":"","context":"Dans &quot;Non class\u00e9&quot;","block_context":{"text":"Non class\u00e9","link":"http:\/\/www.letourismeaparis.fr\/index.php\/category\/non-classe\/"},"img":{"alt_text":"","src":"","width":0,"height":0},"classes":[]},{"id":13363,"url":"http:\/\/www.letourismeaparis.fr\/index.php\/2013\/05\/23\/paris-en-musique-a-loccasion-du-50eme-anniversaire-du-discours-de-martin-luther-king\/","url_meta":{"origin":822,"position":3},"title":"PARIS EN MUSIQUE ! A l&#039;occasion du 50\u00e8me anniversaire du discours de Martin Luther King .","author":"Fabienne TM","date":"23 mai 2013","format":false,"excerpt":"Avec la participation de Archange Gospel et de la vocalist am\u00e9ricaine Jo Ann PICKENS ! Le 25 mai 2013 \u00e0 20h, la\u00a0 salle des F\u00eates de la Mairie du V\u00e8me arrondissement de Paris s'ouvre au public pour rendre hommage en musique \u00e0 Martin Luther King. \u00c0 l\u2019occasion de l\u2019ann\u00e9e du\u2026","rel":"","context":"Dans &quot;Non class\u00e9&quot;","block_context":{"text":"Non class\u00e9","link":"http:\/\/www.letourismeaparis.fr\/index.php\/category\/non-classe\/"},"img":{"alt_text":"","src":"","width":0,"height":0},"classes":[]},{"id":9102,"url":"http:\/\/www.letourismeaparis.fr\/index.php\/2010\/12\/23\/les-marches-de-noel-2\/","url_meta":{"origin":822,"position":4},"title":"Les march\u00e9s de No\u00ebl","author":"Fabienne TM","date":"23 d\u00e9cembre 2010","format":false,"excerpt":"Du 17 au 20 D\u00e9cembre 2010, de 10h \u00e0 20h, l\u2019Association de commer\u00e7ants 5 sur 5, propose un March\u00e9 de No\u00ebl sous le signe de l\u2019Art de vivre.pr\u00e8s de Notre Dame de Paris March\u00e9 de No\u00ebl 2010\u00a0 de la mairie du 15 \u00e8me devant la mairie. Du 17 au 24\u2026","rel":"","context":"Dans &quot;Non class\u00e9&quot;","block_context":{"text":"Non class\u00e9","link":"http:\/\/www.letourismeaparis.fr\/index.php\/category\/non-classe\/"},"img":{"alt_text":"","src":"","width":0,"height":0},"classes":[]},{"id":14209,"url":"http:\/\/www.letourismeaparis.fr\/index.php\/2013\/12\/26\/les-marches-de-noel-4\/","url_meta":{"origin":822,"position":5},"title":"Les march\u00e9s de No\u00ebl","author":"Fabienne TM","date":"26 d\u00e9cembre 2013","format":false,"excerpt":"\u00a0 March\u00e9 de No\u00ebl sur le Parvis de Notre Dame\u00a0(4\u00e8me) Du 15 au 23 d\u00e9cembre 2012 Tous les jours de 10h \u00e0 20h. Une vingtaine d\u2019exposants forment un march\u00e9 artisanal et gastronomique. March\u00e9 de No\u00ebl \u00e0 Saint-Germain\u00a0(6\u00e8me) Du 6 d\u00e9cembre 2012 au 2 janvier 2013. Des animations, des stands et\u2026","rel":"","context":"Dans &quot;Familles&quot;","block_context":{"text":"Familles","link":"http:\/\/www.letourismeaparis.fr\/index.php\/category\/familles\/"},"img":{"alt_text":"","src":"","width":0,"height":0},"classes":[]}],"jetpack_sharing_enabled":true,"jetpack_likes_enabled":true,"_links":{"self":[{"href":"http:\/\/www.letourismeaparis.fr\/index.php\/wp-json\/wp\/v2\/posts\/822","targetHints":{"allow":["GET"]}}],"collection":[{"href":"http:\/\/www.letourismeaparis.fr\/index.php\/wp-json\/wp\/v2\/posts"}],"about":[{"href":"http:\/\/www.letourismeaparis.fr\/index.php\/wp-json\/wp\/v2\/types\/post"}],"author":[{"embeddable":true,"href":"http:\/\/www.letourismeaparis.fr\/index.php\/wp-json\/wp\/v2\/users\/2"}],"replies":[{"embeddable":true,"href":"http:\/\/www.letourismeaparis.fr\/index.php\/wp-json\/wp\/v2\/comments?post=822"}],"version-history":[{"count":0,"href":"http:\/\/www.letourismeaparis.fr\/index.php\/wp-json\/wp\/v2\/posts\/822\/revisions"}],"wp:attachment":[{"href":"http:\/\/www.letourismeaparis.fr\/index.php\/wp-json\/wp\/v2\/media?parent=822"}],"wp:term":[{"taxonomy":"category","embeddable":true,"href":"http:\/\/www.letourismeaparis.fr\/index.php\/wp-json\/wp\/v2\/categories?post=822"},{"taxonomy":"post_tag","embeddable":true,"href":"http:\/\/www.letourismeaparis.fr\/index.php\/wp-json\/wp\/v2\/tags?post=822"}],"curies":[{"name":"wp","href":"https:\/\/api.w.org\/{rel}","templated":true}]}}