{"id":844,"date":"2008-12-13T10:24:07","date_gmt":"2008-12-13T09:24:07","guid":{"rendered":"http:\/\/www.letourismeaparis.fr\/?p=844"},"modified":"2008-12-13T10:24:07","modified_gmt":"2008-12-13T09:24:07","slug":"recital-jeunes-talents-a-la-mairie-du-9eme-jeudi-18-decembre-a-12h45","status":"publish","type":"post","link":"http:\/\/www.letourismeaparis.fr\/index.php\/2008\/12\/13\/recital-jeunes-talents-a-la-mairie-du-9eme-jeudi-18-decembre-a-12h45\/","title":{"rendered":"R\u00e9cital jeunes talents \u00e0 la mairie du 9\u00e8me , jeudi 18 d\u00e9cembre \u00e0 12h45"},"content":{"rendered":"<p>\u00ab\u00a0<strong>L\u2019Association Jeunes Talents<\/strong> donne carte blanche au\u00a0 pianiste <strong>Antoine de Grol\u00e9e<\/strong>\u00a0\u00bb<br \/>\nProgramme :\u00a0\u00a0\u00a0 \u00a0 Schubert\u00a0\u00a0\u00a0\u00a0 \u00a0\u00a0\u00a0\u00a0 \u00a0 Sonate en La M D959<br \/>\nSchumann\u00a0\u00a0\u00a0\u00a0\u00a0\u00a0\u00a0\u00a0 Les Papillons Opus 2,<br \/>\nDebussy\u00a0\u00a0\u00a0\u00a0\u00a0\u00a0\u00a0\u00a0\u00a0 \u00a0 Estampes<br \/>\nR\u00e9cital Jeunes Talents<br \/>\nJeudi 18 d\u00e9cembre \u00e0 12h45<br \/>\nMairie du 9e, salle Rossini\u00a0\u00a0 6, rue Drouot \u00a0 Paris- 75009<br \/>\nentr\u00e9e libre<br \/>\n<a href=\"http:\/\/www.letourismeaparis.fr\">www.letourismeaparis.fr<\/a><\/p>\n","protected":false},"excerpt":{"rendered":"<p>\u00ab\u00a0L\u2019Association Jeunes Talents donne carte blanche au\u00a0 pianiste Antoine de Grol\u00e9e\u00a0\u00bb Programme :\u00a0\u00a0\u00a0 \u00a0 Schubert\u00a0\u00a0\u00a0\u00a0 \u00a0\u00a0\u00a0\u00a0 \u00a0 Sonate en La M D959 Schumann\u00a0\u00a0\u00a0\u00a0\u00a0\u00a0\u00a0\u00a0 Les Papillons Opus 2, Debussy\u00a0\u00a0\u00a0\u00a0\u00a0\u00a0\u00a0\u00a0\u00a0 \u00a0 Estampes R\u00e9cital Jeunes Talents Jeudi 18 d\u00e9cembre \u00e0 12h45 Mairie du&#8230;<\/p>\n","protected":false},"author":2,"featured_media":0,"comment_status":"open","ping_status":"open","sticky":false,"template":"","format":"standard","meta":{"ngg_post_thumbnail":0,"jetpack_post_was_ever_published":false,"_jetpack_newsletter_access":"","footnotes":""},"categories":[1],"tags":[],"class_list":["post-844","post","type-post","status-publish","format-standard","hentry","category-non-classe"],"jetpack_featured_media_url":"","jetpack-related-posts":[{"id":5376,"url":"http:\/\/www.letourismeaparis.fr\/index.php\/2009\/12\/14\/concerts-jeunes-talents-a-la-mairie-du-9eme-le-17-decembre\/","url_meta":{"origin":844,"position":0},"title":"Concerts Jeunes Talents \u00e0 la mairie du 9\u00e8me  le 17 d\u00e9cembre","author":"Fabienne TM","date":"14 d\u00e9cembre 2009","format":false,"excerpt":"Chaque mois, la mairie du 9e vous invite \u00e0 d\u00e9couvrir les talents de la nouvelle g\u00e9n\u00e9ration de musiciens, chanteurs et compositeurs, lors d\u2019un concert classique gratuit, organis\u00e9 par l\u2019association Jeunes Talents. * Jeudi 17 d\u00e9cembre 2009 : Pause piano avec Vardhui Yeristsyan Programme :\u00a0 Beethoven, Schumann, Jolivet, Rihm, Mantovani *\u2026","rel":"","context":"Dans &quot;Non class\u00e9&quot;","block_context":{"text":"Non class\u00e9","link":"http:\/\/www.letourismeaparis.fr\/index.php\/category\/non-classe\/"},"img":{"alt_text":"","src":"","width":0,"height":0},"classes":[]},{"id":4619,"url":"http:\/\/www.letourismeaparis.fr\/index.php\/2009\/10\/21\/concerts-jeunes-talents-a-la-mairie-du-9-eme-jeudi-22-octobre-a-12h30\/","url_meta":{"origin":844,"position":1},"title":"Concert&quot; Jeunes Talents &quot; jeudi 22 octobre \u00e0 12h30","author":"Fabienne TM","date":"21 octobre 2009","format":false,"excerpt":"venez d\u00e9couvrir les talents de la nouvelle g\u00e9n\u00e9ration de musiciens, chanteurs et compositeurs, lors d\u2019un concert classique gratuit, organis\u00e9 par l\u2019association Jeunes Talents. Jeudi 22 octobre 2009 : Pause harpe avec Delphine Benhamou Programme : Debussy, Hersant, Granados, Scarlatti Jeudi 19 novembre 2009 : Pause piano avec Louis Lancien Programme\u2026","rel":"","context":"Dans &quot;Non class\u00e9&quot;","block_context":{"text":"Non class\u00e9","link":"http:\/\/www.letourismeaparis.fr\/index.php\/category\/non-classe\/"},"img":{"alt_text":"","src":"","width":0,"height":0},"classes":[]},{"id":5374,"url":"http:\/\/www.letourismeaparis.fr\/index.php\/2009\/11\/25\/concerts-gratuits-les-26-et-27-novembre-dans-le-9eme\/","url_meta":{"origin":844,"position":2},"title":"Concerts gratuits les 26 et 27 novembre dans le 9\u00e8me","author":"Fabienne TM","date":"25 novembre 2009","format":false,"excerpt":"Op\u00e9ras, lieder et m\u00e9lodies le 26 novembre \u00e0 la mairie du 9 \u00e8me La mairie du 9e pr\u00e9sente un concert donn\u00e9 par Beno\u00eet Deney, Arnaud Kientz et Maxime Neyret le\u00a0 26 novembre \u00e0 20h, dans le cadre de l'exposition \u00ab Agent double \u00bb\u00a0 dans les salons Aguado Lieder et m\u00e9lodies\u2026","rel":"","context":"Dans &quot;Non class\u00e9&quot;","block_context":{"text":"Non class\u00e9","link":"http:\/\/www.letourismeaparis.fr\/index.php\/category\/non-classe\/"},"img":{"alt_text":"","src":"","width":0,"height":0},"classes":[]},{"id":2527,"url":"http:\/\/www.letourismeaparis.fr\/index.php\/2009\/04\/06\/concert-jeudi-9-avril-a-12h30-a-la-mairie-du-9eme\/","url_meta":{"origin":844,"position":3},"title":"Concert jeudi 9 avril \u00e0 12h30 \u00e0 la mairie du 9\u00e8me","author":"Fabienne TM","date":"6 avril 2009","format":false,"excerpt":"Chaque mois, la mairie du 9e vous invite \u00e0 d\u00e9couvrir les talents de la nouvelle g\u00e9n\u00e9ration de musiciens, chanteurs et compositeurs, lors d\u2019un concert classique gratuit, organis\u00e9 par l\u2019association Jeunes Talents.Entr\u00e9e libre.? Ag\u00e9s de 18 \u00e0 26 ans, les musiciens que l'association Jeunes Talents pr\u00e9sente, sont pour la plupart issus\u2026","rel":"","context":"Dans &quot;Non class\u00e9&quot;","block_context":{"text":"Non class\u00e9","link":"http:\/\/www.letourismeaparis.fr\/index.php\/category\/non-classe\/"},"img":{"alt_text":"","src":"","width":0,"height":0},"classes":[]},{"id":6143,"url":"http:\/\/www.letourismeaparis.fr\/index.php\/2010\/01\/19\/concerts-jeunes-talents-a-la-mairie-du-9-eme-gratuits-le-jeudi\/","url_meta":{"origin":844,"position":4},"title":"Concerts Jeunes Talents \u00e0 la mairie du 9 \u00e8me (gratuits, le jeudi)","author":"Fabienne TM","date":"19 janvier 2010","format":false,"excerpt":"Chaque mois, la mairie du 9e vous invite \u00e0 d\u00e9couvrir les talents de la nouvelle g\u00e9n\u00e9ration de musiciens, chanteurs et compositeurs, lors d\u2019un concert classique gratuit, organis\u00e9 par l\u2019association Jeunes Talents. Ag\u00e9s de 18 \u00e0 26 ans,\u00a0 pour la plupart issus du Conservatoire National Sup\u00e9rieur de Musique (CNSM) et d'autres\u2026","rel":"","context":"Dans &quot;Non class\u00e9&quot;","block_context":{"text":"Non class\u00e9","link":"http:\/\/www.letourismeaparis.fr\/index.php\/category\/non-classe\/"},"img":{"alt_text":"","src":"","width":0,"height":0},"classes":[]},{"id":16160,"url":"http:\/\/www.letourismeaparis.fr\/index.php\/2015\/01\/19\/concerts-dhiver-la-mairie-du-19-eme-du-6-au-14-fevrier\/","url_meta":{"origin":844,"position":5},"title":"Concerts  d&#039;hiver \u00e0 la mairie du 19 \u00e8me du 6 au 14 f\u00e9vrier","author":"Fabienne TM","date":"19 janvier 2015","format":false,"excerpt":"\u00a0 Du 6 au 14 f\u00e9vrier, la Mairie du 19e vous invite aux \u201cConcerts d\u2019hiver\u201d, un festival de musique classique et d\u2019art lyrique, organis\u00e9 en partenariat avec \u00ab La Fabrique \u00e0 Enchantements \u00bb. Au programme : 14 spectacles musicaux gratuits sont donn\u00e9s dans la salle des f\u00eates de la Mairie\u2026","rel":"","context":"Dans &quot;Musique&quot;","block_context":{"text":"Musique","link":"http:\/\/www.letourismeaparis.fr\/index.php\/category\/culture\/concerts-musique\/musique\/"},"img":{"alt_text":"","src":"","width":0,"height":0},"classes":[]}],"jetpack_sharing_enabled":true,"jetpack_likes_enabled":true,"_links":{"self":[{"href":"http:\/\/www.letourismeaparis.fr\/index.php\/wp-json\/wp\/v2\/posts\/844","targetHints":{"allow":["GET"]}}],"collection":[{"href":"http:\/\/www.letourismeaparis.fr\/index.php\/wp-json\/wp\/v2\/posts"}],"about":[{"href":"http:\/\/www.letourismeaparis.fr\/index.php\/wp-json\/wp\/v2\/types\/post"}],"author":[{"embeddable":true,"href":"http:\/\/www.letourismeaparis.fr\/index.php\/wp-json\/wp\/v2\/users\/2"}],"replies":[{"embeddable":true,"href":"http:\/\/www.letourismeaparis.fr\/index.php\/wp-json\/wp\/v2\/comments?post=844"}],"version-history":[{"count":0,"href":"http:\/\/www.letourismeaparis.fr\/index.php\/wp-json\/wp\/v2\/posts\/844\/revisions"}],"wp:attachment":[{"href":"http:\/\/www.letourismeaparis.fr\/index.php\/wp-json\/wp\/v2\/media?parent=844"}],"wp:term":[{"taxonomy":"category","embeddable":true,"href":"http:\/\/www.letourismeaparis.fr\/index.php\/wp-json\/wp\/v2\/categories?post=844"},{"taxonomy":"post_tag","embeddable":true,"href":"http:\/\/www.letourismeaparis.fr\/index.php\/wp-json\/wp\/v2\/tags?post=844"}],"curies":[{"name":"wp","href":"https:\/\/api.w.org\/{rel}","templated":true}]}}