{"id":852,"date":"2008-12-16T13:46:58","date_gmt":"2008-12-16T12:46:58","guid":{"rendered":"http:\/\/www.letourismeaparis.fr\/?p=852"},"modified":"2008-12-16T13:46:58","modified_gmt":"2008-12-16T12:46:58","slug":"salon-des-artistes-du-9e","status":"publish","type":"post","link":"http:\/\/www.letourismeaparis.fr\/index.php\/2008\/12\/16\/salon-des-artistes-du-9e\/","title":{"rendered":"Salon des artistes du 9e"},"content":{"rendered":"<p>Les cr\u00e9ations de pr\u00e8s de soixante-dix artistes peintres, sculpteurs et photographes de l\u2019arrondissement s\u2019affichent au Salon R\u00e9solument 9, organis\u00e9 par la mairie du 9e.<br \/>\nSalon R\u00e9solument 9<br \/>\nOuverture au public du lundi au vendredi de 10h \u00e0 17h, le jeudi jusqu\u2019\u00e0 19h30 et le samedi de 10h \u00e0 13h.<br \/>\nMairie du 9e, salons Aguado 6, rue Drouot Paris 9e<br \/>\n<a href=\"http:\/\/www.letourismeaparis.fr\">www.letourismeaparis.fr<\/a><\/p>\n","protected":false},"excerpt":{"rendered":"<p>Les cr\u00e9ations de pr\u00e8s de soixante-dix artistes peintres, sculpteurs et photographes de l\u2019arrondissement s\u2019affichent au Salon R\u00e9solument 9, organis\u00e9 par la mairie du 9e. Salon R\u00e9solument 9 Ouverture au public du lundi au vendredi de 10h \u00e0 17h, le jeudi&#8230;<\/p>\n","protected":false},"author":2,"featured_media":0,"comment_status":"open","ping_status":"open","sticky":false,"template":"","format":"standard","meta":{"ngg_post_thumbnail":0,"jetpack_post_was_ever_published":false,"_jetpack_newsletter_access":"","footnotes":""},"categories":[1],"tags":[],"class_list":["post-852","post","type-post","status-publish","format-standard","hentry","category-non-classe"],"jetpack_featured_media_url":"","jetpack-related-posts":[{"id":12927,"url":"http:\/\/www.letourismeaparis.fr\/index.php\/2013\/03\/01\/exposition-poetica-du-6e-atelier-dartistes-du-mardi-5-au-lundi-25-mars\/","url_meta":{"origin":852,"position":0},"title":"Exposition POETICA du &#039; 6\u00e8me &quot; Atelier d&#039;artistes&quot;    du mardi 5 au lundi 25 mars","author":"Fabienne TM","date":"1 mars 2013","format":false,"excerpt":"Le \u00ab 6e, Ateliers d\u2019artistes \u00bb f\u00eate ses 20 ans avec PO\u00c9TICA. A l\u2019occasion de son vingti\u00e8me anniversaire, \"Le 6e, Ateliers d\u2019Artistes\", association d'artistes du 6e arrondissement, organise plusieurs manifestations artistiques. \u0152uvres, cr\u00e9ations et installations de peintres, sculpteurs, photographes, graveurs... et musiciens sont pr\u00e9sent\u00e9es \u00e0 la Mairie du 6e, sur\u2026","rel":"","context":"Dans &quot;Non class\u00e9&quot;","block_context":{"text":"Non class\u00e9","link":"http:\/\/www.letourismeaparis.fr\/index.php\/category\/non-classe\/"},"img":{"alt_text":"","src":"","width":0,"height":0},"classes":[]},{"id":9067,"url":"http:\/\/www.letourismeaparis.fr\/index.php\/2010\/11\/22\/place-aux-artistes-salon-international-dart-contemporain-en-plein-air\/","url_meta":{"origin":852,"position":1},"title":"&quot;Place aux Artistes&quot; ! salon international d\u2019art contemporain en plein air.","author":"Fabienne TM","date":"22 novembre 2010","format":false,"excerpt":"Mercredi\u00a0 24 et\u00a0 jeudi 25 novembre 2010, de 11h \u00e0 20h. Place de la Bourse paris 75002 C\u2019est la 9e \u00e9dition de Place aux Artistes !, premier salon international d\u2019art contemporain en plein air. Trente artistes exposeront leurs \u0153uvres. Des peintres c\u00f4toieront des sculpteurs, des photographes de l\u2019art actuel\u2026 le\u2026","rel":"","context":"Dans &quot;Non class\u00e9&quot;","block_context":{"text":"Non class\u00e9","link":"http:\/\/www.letourismeaparis.fr\/index.php\/category\/non-classe\/"},"img":{"alt_text":"","src":"","width":0,"height":0},"classes":[]},{"id":4092,"url":"http:\/\/www.letourismeaparis.fr\/index.php\/2009\/09\/21\/salon-des-peintres-de-la-mairie-du-16e-du-16-au-22-septembre\/","url_meta":{"origin":852,"position":2},"title":"Salon des Peintres de la Mairie du 16e jusqu&#039;au 22 septembre","author":"Fabienne TM","date":"21 septembre 2009","format":false,"excerpt":"le Salon des Peintre est organis\u00e9 par la Mairie du 16e en l'honneur des peintres de l'arrondissement. Reflet du dynamisme de la cr\u00e9ation artistique contemporaine,\u00a0 les tendances les plus diverses vont se croiser. Du lundi au vendredi de 11h \u00e0 17h, le jeudi jusqu'\u00e0 19h et le samedi de 10h30\u2026","rel":"","context":"Dans &quot;Non class\u00e9&quot;","block_context":{"text":"Non class\u00e9","link":"http:\/\/www.letourismeaparis.fr\/index.php\/category\/non-classe\/"},"img":{"alt_text":"","src":"","width":0,"height":0},"classes":[]},{"id":16603,"url":"http:\/\/www.letourismeaparis.fr\/index.php\/2015\/05\/05\/retrospective-chantal-de-crissey-peintre-animaliera-la-mairie-du-6-eme-et-exposition-de-photos-californie-de-pierre-auroux\/","url_meta":{"origin":852,"position":3},"title":"R\u00e9trospective Chantal de Crissey, peintre animalier,\u00e0 la mairie du 6 \u00e8me et exposition de photos (Californie) de Pierre AUROUX","author":"Fabienne TM","date":"5 mai 2015","format":false,"excerpt":"Exposition Chantal de Crissey et Pierre Auroux \u00a0Chantal de Crissey,\u00a0dessinatrice pour Herm\u00e8s, est devenue, en Europe, peintre du monde animal et des sports \u00e9questres. Peindre et dessiner sont dans l'h\u00e9r\u00e9dit\u00e9 de Chantal de Crissey.\u00a0Entour\u00e9e d'animaux familiers et domestiques depuis son enfance en Morvan, elle est devenue, en Europe, peintre du\u2026","rel":"","context":"Dans &quot;Beaux arts&quot;","block_context":{"text":"Beaux arts","link":"http:\/\/www.letourismeaparis.fr\/index.php\/category\/culture\/musees-expositions\/beaux-arts\/"},"img":{"alt_text":"","src":"https:\/\/i0.wp.com\/www.letourismeaparis.fr\/wp-content\/uploads\/2015\/05\/cdc-208x300.jpeg?resize=350%2C200","width":350,"height":200},"classes":[]},{"id":15900,"url":"http:\/\/www.letourismeaparis.fr\/index.php\/2014\/11\/09\/portes-ouvertes-danvers-aux-abbesses-du-14-au-16-novembre-2014\/","url_meta":{"origin":852,"position":4},"title":"PORTES OUVERTES D\u2019ANVERS AUX ABBESSES DU 14 AU 16 NOVEMBRE 2014 :","author":"Fabienne TM","date":"9 novembre 2014","format":false,"excerpt":"Le quartier de la Butte Montmartre a toujours \u00e9t\u00e9 r\u00e9put\u00e9 pour ses artistes. Ils ont \u00e9t\u00e9 nombreux \u00e0 peindre, sculpter ou cr\u00e9er dans les 18e et 9e arrondissements de Paris. Les touristes viennent d\u2019ailleurs de loin pour se replonger dans cette atmosph\u00e8re artistique si typique qui \u00e9voque \u00ab\u00a0La Boh\u00e8me\u00a0\u00bb.D\u2019atelier en\u2026","rel":"","context":"Dans &quot;Non class\u00e9&quot;","block_context":{"text":"Non class\u00e9","link":"http:\/\/www.letourismeaparis.fr\/index.php\/category\/non-classe\/"},"img":{"alt_text":"","src":"","width":0,"height":0},"classes":[]},{"id":5374,"url":"http:\/\/www.letourismeaparis.fr\/index.php\/2009\/11\/25\/concerts-gratuits-les-26-et-27-novembre-dans-le-9eme\/","url_meta":{"origin":852,"position":5},"title":"Concerts gratuits les 26 et 27 novembre dans le 9\u00e8me","author":"Fabienne TM","date":"25 novembre 2009","format":false,"excerpt":"Op\u00e9ras, lieder et m\u00e9lodies le 26 novembre \u00e0 la mairie du 9 \u00e8me La mairie du 9e pr\u00e9sente un concert donn\u00e9 par Beno\u00eet Deney, Arnaud Kientz et Maxime Neyret le\u00a0 26 novembre \u00e0 20h, dans le cadre de l'exposition \u00ab Agent double \u00bb\u00a0 dans les salons Aguado Lieder et m\u00e9lodies\u2026","rel":"","context":"Dans &quot;Non class\u00e9&quot;","block_context":{"text":"Non class\u00e9","link":"http:\/\/www.letourismeaparis.fr\/index.php\/category\/non-classe\/"},"img":{"alt_text":"","src":"","width":0,"height":0},"classes":[]}],"jetpack_sharing_enabled":true,"jetpack_likes_enabled":true,"_links":{"self":[{"href":"http:\/\/www.letourismeaparis.fr\/index.php\/wp-json\/wp\/v2\/posts\/852","targetHints":{"allow":["GET"]}}],"collection":[{"href":"http:\/\/www.letourismeaparis.fr\/index.php\/wp-json\/wp\/v2\/posts"}],"about":[{"href":"http:\/\/www.letourismeaparis.fr\/index.php\/wp-json\/wp\/v2\/types\/post"}],"author":[{"embeddable":true,"href":"http:\/\/www.letourismeaparis.fr\/index.php\/wp-json\/wp\/v2\/users\/2"}],"replies":[{"embeddable":true,"href":"http:\/\/www.letourismeaparis.fr\/index.php\/wp-json\/wp\/v2\/comments?post=852"}],"version-history":[{"count":0,"href":"http:\/\/www.letourismeaparis.fr\/index.php\/wp-json\/wp\/v2\/posts\/852\/revisions"}],"wp:attachment":[{"href":"http:\/\/www.letourismeaparis.fr\/index.php\/wp-json\/wp\/v2\/media?parent=852"}],"wp:term":[{"taxonomy":"category","embeddable":true,"href":"http:\/\/www.letourismeaparis.fr\/index.php\/wp-json\/wp\/v2\/categories?post=852"},{"taxonomy":"post_tag","embeddable":true,"href":"http:\/\/www.letourismeaparis.fr\/index.php\/wp-json\/wp\/v2\/tags?post=852"}],"curies":[{"name":"wp","href":"https:\/\/api.w.org\/{rel}","templated":true}]}}