{"id":861,"date":"2008-12-12T19:17:59","date_gmt":"2008-12-12T18:17:59","guid":{"rendered":"http:\/\/www.letourismeaparis.fr\/?p=861"},"modified":"2008-12-12T19:17:59","modified_gmt":"2008-12-12T18:17:59","slug":"le-tibet-a-la-peniche-tanako-en-decembre","status":"publish","type":"post","link":"http:\/\/www.letourismeaparis.fr\/index.php\/2008\/12\/12\/le-tibet-a-la-peniche-tanako-en-decembre\/","title":{"rendered":"Le Tibet \u00e0 la p\u00e9niche TANAKO en d\u00e9cembre"},"content":{"rendered":"<p>Le Tibet \u00e0 l\u2019honneur<br \/>\nLe Tibet revient aujourd&rsquo;hui au coeur de l&rsquo;actualit\u00e9. Derri\u00e8re la personnalit\u00e9 charismatique du Dala\u00ef Lama, se cachent les peuples et les cultures du toit du monde. Des nomades Drokpa aux habitants des vall\u00e9es du Zanskar, du Ladakh ou de l&rsquo;immense plateau Tib\u00e9tain, partagez des rencontres saisissantes qui vous r\u00e9servent encore bien des surprises et des d\u00e9couvertes sur des pans entiers de cette culture que l&rsquo;on croit souvent conna\u00eetre et dont on ignore encore bien des facettes.<br \/>\nBassin de la Villette \u00a0\u00a0 en face du 61 quai de Seine Paris- 75019<br \/>\n<a href=\"peniche.anako.com\"><cite><strong><\/strong><\/cite><\/a><br \/>\n<a href=\"http:\/\/www.letourismeaparis.fr\">www.letourismeaparis.fr<\/a><br \/>\n<a href=\"http:\/\/peniche.anako.com\">http:\/\/peniche.anako.com<\/a><\/p>\n","protected":false},"excerpt":{"rendered":"<p>Le Tibet \u00e0 l\u2019honneur Le Tibet revient aujourd&rsquo;hui au coeur de l&rsquo;actualit\u00e9. Derri\u00e8re la personnalit\u00e9 charismatique du Dala\u00ef Lama, se cachent les peuples et les cultures du toit du monde. Des nomades Drokpa aux habitants des vall\u00e9es du Zanskar, du&#8230;<\/p>\n","protected":false},"author":2,"featured_media":0,"comment_status":"open","ping_status":"open","sticky":false,"template":"","format":"standard","meta":{"ngg_post_thumbnail":0,"jetpack_post_was_ever_published":false,"_jetpack_newsletter_access":"","footnotes":""},"categories":[1],"tags":[],"class_list":["post-861","post","type-post","status-publish","format-standard","hentry","category-non-classe"],"jetpack_featured_media_url":"","jetpack-related-posts":[{"id":13599,"url":"http:\/\/www.letourismeaparis.fr\/index.php\/2013\/07\/21\/art-sacre-du-tibet-collection-alain-bordier-14-mars-2013-21-juillet-2013\/","url_meta":{"origin":861,"position":0},"title":"Art sacr\u00e9 du Tibet  Collection Alain Bordier jusqu&#039;au 21 juillet 2013","author":"Fabienne TM","date":"21 juillet 2013","format":false,"excerpt":"\u00a0La Fondation Alain Bordier a inaugur\u00e9 en 2009 le \u00ab Tibet Museum \u00bb au c\u0153ur de la cit\u00e9 m\u00e9di\u00e9vale de Gruy\u00e8res, en Suisse. Institution originale dans son propos, elle pr\u00e9sente un ensemble d\u2019\u0153uvres d\u2019art him\u00e2layen de qualit\u00e9 exceptionnelle. Collectionneur d\u2019art, Alain Bordier a r\u00e9uni en 30 ans plus de quatre\u2026","rel":"","context":"Dans &quot;Mus\u00e9es \/ Expositions&quot;","block_context":{"text":"Mus\u00e9es \/ Expositions","link":"http:\/\/www.letourismeaparis.fr\/index.php\/category\/culture\/musees-expositions\/"},"img":{"alt_text":"","src":"","width":0,"height":0},"classes":[]},{"id":8330,"url":"http:\/\/www.letourismeaparis.fr\/index.php\/2010\/08\/25\/festival-culturel-du-tibet-et-des-peuples-de-lhimalaya-les-11-et-12-septembre\/","url_meta":{"origin":861,"position":1},"title":"Festival Culturel du Tibet et des Peuples de l\u2019Himalaya les 11 et 12 septembre","author":"Fabienne TM","date":"25 ao\u00fbt 2010","format":false,"excerpt":"Venez partager les cultures himalayennes, vivre l\u2019atmosph\u00e8re d\u2019une ambiance tib\u00e9taine : go\u00fbtez aux\u00a0 momos, offrez-vous une breloque, un v\u00eatement, un bol chantant, ou tout autre objet traditionnel, assistez aux spectacles de danses et chants populaire du Tibet, du Bhoutan, de l\u2019Inde, ou du N\u00e9pal en vous \u00e9panouissant dans la diversit\u00e9\u2026","rel":"","context":"Dans &quot;Non class\u00e9&quot;","block_context":{"text":"Non class\u00e9","link":"http:\/\/www.letourismeaparis.fr\/index.php\/category\/non-classe\/"},"img":{"alt_text":"","src":"","width":0,"height":0},"classes":[]},{"id":4459,"url":"http:\/\/www.letourismeaparis.fr\/index.php\/2009\/10\/02\/fete-du-tibet-du-samedi-3-et-dimanche-4-octobre-2009-de-10h-a-18h\/","url_meta":{"origin":861,"position":2},"title":"F\u00eate du Tibet du samedi 3 et dimanche 4 octobre 2009 de 10h \u00e0 18h","author":"Fabienne TM","date":"2 octobre 2009","format":false,"excerpt":"Concert exceptionnel \u00ab Veill\u00e9e pour le Tibet \u00bb Samedi 3 octobre \u00e0 20h30 \u2013 \u00e0 la Pagode dans le bois de Vincennes Avec les artistes suivants : Tenzin Gonpo, Lama Gyurme, Mimlu et Paban das Bauls, Anjaa Papillon Tib\u00e9tain et plusieurs artistes europ\u00e9ens admiratifs de la culture tib\u00e9taine (Kadja Nse,\u2026","rel":"","context":"Dans &quot;Non class\u00e9&quot;","block_context":{"text":"Non class\u00e9","link":"http:\/\/www.letourismeaparis.fr\/index.php\/category\/non-classe\/"},"img":{"alt_text":"","src":"","width":0,"height":0},"classes":[]},{"id":866,"url":"http:\/\/www.letourismeaparis.fr\/index.php\/2008\/12\/17\/le-tibet-spectacle-de-chants-musiques-et-danses-du-tibet-par-tshering-wangdu-1812\/","url_meta":{"origin":861,"position":3},"title":"Le Tibet :Spectacle de chants, musiques et danses du Tibet par Tshering Wangdu 18\/12","author":"Fabienne TM","date":"17 d\u00e9cembre 2008","format":false,"excerpt":"www.letourismeaparis.fr Vendredi 19\u00a0 d\u00e9cembre \u00a0 \u00a0 \u00e0 19H30 \"Artiste musicien, chanteur et danseur, Tshering Wangdu a \u00e9t\u00e9 initi\u00e9 d\u00e8s son plus jeune \u00e2ge aux chants et aux danses du Tibet. Son spectacle est con\u00e7u comme un voyage musical qui emporte le public sur le Toit du monde, \u00e0 la d\u00e9couverte\u2026","rel":"","context":"Dans &quot;Non class\u00e9&quot;","block_context":{"text":"Non class\u00e9","link":"http:\/\/www.letourismeaparis.fr\/index.php\/category\/non-classe\/"},"img":{"alt_text":"","src":"","width":0,"height":0},"classes":[]},{"id":7072,"url":"http:\/\/www.letourismeaparis.fr\/index.php\/2010\/03\/24\/festival-culture-aventure-samedi-27-mars\/","url_meta":{"origin":861,"position":4},"title":"Festival &quot;culture aventure&quot; samedi 27 mars","author":"Fabienne TM","date":"24 mars 2010","format":false,"excerpt":"Le Festival Cultutre-Aventure vous propose de partir au Tibet, sur la route de la soie et dans l\u2019extr\u00eame-Est russe. Au programme : un trek entre fr\u00e8re et soeur dans des conditions particuli\u00e8rement dures, une chevauch\u00e9e sur la th\u00e9matique de l\u2019eau et le portrait d\u2019un alpiniste \u00e0 la retraite active.. .\u2026","rel":"","context":"Dans &quot;Non class\u00e9&quot;","block_context":{"text":"Non class\u00e9","link":"http:\/\/www.letourismeaparis.fr\/index.php\/category\/non-classe\/"},"img":{"alt_text":"","src":"","width":0,"height":0},"classes":[]},{"id":10643,"url":"http:\/\/www.letourismeaparis.fr\/index.php\/2011\/06\/24\/les-musiciens-melomania-jouent-pour-le-japonsamedi-25-juin\/","url_meta":{"origin":861,"position":5},"title":"Les musiciens MELOMANIA jouent pour  le Japon,samedi 25 juin","author":"Fabienne TM","date":"24 juin 2011","format":false,"excerpt":"Samedi 25 juin, 15h00 Interpr\u00e8tes \u2022\u00a0\u00a0 \u00a0Fleur CLAESEN, piano,\u00a0\u00a0\u00a0 Madoka OCHI, piano,\u00a0\u00a0\u00a0 Nicolas BOYER, piano,\u00a0\u00a0\u00a0 Alain KREMSKI, piano,\u00a0\u00a0\u00a0 Fr\u00e9d\u00e9ric DAVERIO, accord\u00e9on,\u00a0\u00a0\u00a0 Les Temperamens Variations( choeur=. Fleur CLAESEN, dans un\u00a0 programme LISZT - CHOPIN. Le choeur Les Temp\u00e9ramens Variations, direction Thibault LAM QUANG, avec de superbes madrigaux anglais des XVIe et\u2026","rel":"","context":"Dans &quot;Non class\u00e9&quot;","block_context":{"text":"Non class\u00e9","link":"http:\/\/www.letourismeaparis.fr\/index.php\/category\/non-classe\/"},"img":{"alt_text":"","src":"","width":0,"height":0},"classes":[]}],"jetpack_sharing_enabled":true,"jetpack_likes_enabled":true,"_links":{"self":[{"href":"http:\/\/www.letourismeaparis.fr\/index.php\/wp-json\/wp\/v2\/posts\/861","targetHints":{"allow":["GET"]}}],"collection":[{"href":"http:\/\/www.letourismeaparis.fr\/index.php\/wp-json\/wp\/v2\/posts"}],"about":[{"href":"http:\/\/www.letourismeaparis.fr\/index.php\/wp-json\/wp\/v2\/types\/post"}],"author":[{"embeddable":true,"href":"http:\/\/www.letourismeaparis.fr\/index.php\/wp-json\/wp\/v2\/users\/2"}],"replies":[{"embeddable":true,"href":"http:\/\/www.letourismeaparis.fr\/index.php\/wp-json\/wp\/v2\/comments?post=861"}],"version-history":[{"count":0,"href":"http:\/\/www.letourismeaparis.fr\/index.php\/wp-json\/wp\/v2\/posts\/861\/revisions"}],"wp:attachment":[{"href":"http:\/\/www.letourismeaparis.fr\/index.php\/wp-json\/wp\/v2\/media?parent=861"}],"wp:term":[{"taxonomy":"category","embeddable":true,"href":"http:\/\/www.letourismeaparis.fr\/index.php\/wp-json\/wp\/v2\/categories?post=861"},{"taxonomy":"post_tag","embeddable":true,"href":"http:\/\/www.letourismeaparis.fr\/index.php\/wp-json\/wp\/v2\/tags?post=861"}],"curies":[{"name":"wp","href":"https:\/\/api.w.org\/{rel}","templated":true}]}}