{"id":884,"date":"2008-12-13T13:42:43","date_gmt":"2008-12-13T12:42:43","guid":{"rendered":"http:\/\/www.letourismeaparis.fr\/?p=884"},"modified":"2008-12-13T13:42:43","modified_gmt":"2008-12-13T12:42:43","slug":"chants-de-noel-le-14-decembre","status":"publish","type":"post","link":"http:\/\/www.letourismeaparis.fr\/index.php\/2008\/12\/13\/chants-de-noel-le-14-decembre\/","title":{"rendered":"Chants de No\u00ebl le 14 d\u00e9cembre"},"content":{"rendered":"<p>Les petits chanteurs franciliens se produiront dimanche 14 d\u00e9cembre \u00e0 16h30<br \/>\nNotre Dame des Blancs manteaux , 12, rue de s Blancs manteaux Paris 75004<br \/>\n<strong>entr\u00e9e libre<\/strong><br \/>\n<a href=\"http:\/\/http:\/\/www.letourismeaparis.fr\">http:\/\/www.letourismeaparis.fr<\/a><\/p>\n","protected":false},"excerpt":{"rendered":"<p>Les petits chanteurs franciliens se produiront dimanche 14 d\u00e9cembre \u00e0 16h30 Notre Dame des Blancs manteaux , 12, rue de s Blancs manteaux Paris 75004 entr\u00e9e libre http:\/\/www.letourismeaparis.fr<\/p>\n","protected":false},"author":2,"featured_media":0,"comment_status":"open","ping_status":"open","sticky":false,"template":"","format":"standard","meta":{"ngg_post_thumbnail":0,"jetpack_post_was_ever_published":false,"_jetpack_newsletter_access":"","footnotes":""},"categories":[1],"tags":[],"class_list":["post-884","post","type-post","status-publish","format-standard","hentry","category-non-classe"],"jetpack_featured_media_url":"","jetpack-related-posts":[{"id":7688,"url":"http:\/\/www.letourismeaparis.fr\/index.php\/2010\/05\/26\/festival-o-4-vents-a-la-mairie-du-4-eme-le-28-mai-a-16h30\/","url_meta":{"origin":884,"position":0},"title":"Festival \u00d4 4 vents \u00e0 la mairie du 4 \u00e8me le 28 mai \u00e0 16h30","author":"Fabienne TM","date":"26 mai 2010","format":false,"excerpt":"Vendredi 28 mai, 16h30 \u00ab Promeneur de Piano \u00bb, spectacle d\u00e9ambulatoire musical ouvert \u00e0 tous D\u00e9part de la balade \u00e0 16h30, devant l'Espace d'animation des Blancs Manteaux \u2022 Arriv\u00e9e : Place Baudoyer Une surprise attend le cort\u00e8ge \u00e0 l'arriv\u00e9e ! Espace d'animation des Blancs Manteaux 48 rue Vieille du Temple\u2026","rel":"","context":"Dans &quot;Non class\u00e9&quot;","block_context":{"text":"Non class\u00e9","link":"http:\/\/www.letourismeaparis.fr\/index.php\/category\/non-classe\/"},"img":{"alt_text":"","src":"","width":0,"height":0},"classes":[]},{"id":16876,"url":"http:\/\/www.letourismeaparis.fr\/index.php\/2015\/06\/24\/cest-bon-le-japon-du-26-au-28-juin2015-a-la-halle-des-blancs-manteaux\/","url_meta":{"origin":884,"position":1},"title":"\u201fC\u2019est  bon ! le Japon\u201d du 26 au 28 juin2015 \u00e0  la Halle des Blancs-Manteaux","author":"Fabienne TM","date":"24 juin 2015","format":false,"excerpt":"\u00c0 l\u2019occasion de la 2e \u00e9dition qui aura lieu du 26 au 28 juin 2015 \u00e0 la Halle des Blancs-manteaux dans le Marais,EuroJapanCrossing continue de promouvoir la gastronomie japonaise aupr\u00e8s du public parisien dans un lieu exceptionnel L\u2019exposition se divisera en deux zones distinctes. Dans la premi\u00e8re, consacr\u00e9e \u00e0 la\u2026","rel":"","context":"Dans &quot;Cultures du Monde&quot;","block_context":{"text":"Cultures du Monde","link":"http:\/\/www.letourismeaparis.fr\/index.php\/category\/culture\/musees-expositions\/cultures-du-monde\/"},"img":{"alt_text":"","src":"","width":0,"height":0},"classes":[]},{"id":10420,"url":"http:\/\/www.letourismeaparis.fr\/index.php\/2011\/06\/21\/choeur-harmonia-chante-pour-des-oeuvres-humanitaires-vendredi-24-juin-21h00\/","url_meta":{"origin":884,"position":2},"title":"Ch\u0153ur Harmonia chante pour des \u0153uvres humanitaires ,vendredi 24 juin, 21h00","author":"Fabienne TM","date":"21 juin 2011","format":false,"excerpt":"Cr\u00e9\u00e9 en septembre 2005, Ch\u0153ur Harmonia r\u00e9unit 90 choristes amateurs passionn\u00e9s de musique classique. Cette association loi 1901 organise chaque ann\u00e9e deux concerts de musique classique en r\u00e9gion parisienne, dont le produit est revers\u00e9 \u00e0 deux associations humanitaires. Le Ch\u0153ur Harmonia sera accompagn\u00e9 par : \u2022 Nathalie Bastin, piano \u2022\u2026","rel":"","context":"Dans &quot;Non class\u00e9&quot;","block_context":{"text":"Non class\u00e9","link":"http:\/\/www.letourismeaparis.fr\/index.php\/category\/non-classe\/"},"img":{"alt_text":"","src":"https:\/\/i0.wp.com\/www.letourismeaparis.fr\/wp-content\/uploads\/2011\/05\/choeur-harmonia.jpg?resize=350%2C200","width":350,"height":200},"classes":[]},{"id":20290,"url":"http:\/\/www.letourismeaparis.fr\/index.php\/2017\/10\/31\/salon-obart-vitrine-du-savoir-faire-des-artisans-createurs-du-24-au-26-novembre-a-paris\/","url_meta":{"origin":884,"position":3},"title":"SALON OB\u2019ART VITRINE DU SAVOIR FAIRE DES ARTISANS CREATEURS du 24 au 26 novembre \u00e0 Paris","author":"Fabienne TM","date":"31 octobre 2017","format":false,"excerpt":"Le salon Ob\u2019Art Paris est un salon d\u2019objets de cr\u00e9ateurs qui a lieu chaque ann\u00e9e depuis 18 ans en plein c\u0153ur du Marais \u00e0 l\u2019Espace des Blancs Manteaux. Durant 3 jours et dans une ambiance conviviale et chaleureuse, plus de 65 exposants venus de la France enti\u00e8re pr\u00e9sentent leurs cr\u00e9ations\u2026","rel":"","context":"Dans &quot;Artisanat&quot;","block_context":{"text":"Artisanat","link":"http:\/\/www.letourismeaparis.fr\/index.php\/category\/culture\/musees-expositions\/artisanat\/"},"img":{"alt_text":"","src":"","width":0,"height":0},"classes":[]},{"id":19322,"url":"http:\/\/www.letourismeaparis.fr\/index.php\/2016\/12\/23\/quelques-messes-de-noel-a-paris-2\/","url_meta":{"origin":884,"position":4},"title":"Quelques messes de No\u00ebl \u00e0 Paris","author":"Fabienne TM","date":"23 d\u00e9cembre 2016","format":false,"excerpt":"Ier arr \u00a0SAINT-EUSTACHE, 2 Impasse Saint-Eustache 24 d\u00e9cembre 2016\u00a0: 19h00 (Nuit de No\u00ebl) \/ 22h00 (Nuit de No\u00ebl) 25 d\u00e9cembre 2016\u00a0: 11h00 (Jour de No\u00ebl) \/ 18h00 (Jour de No\u00ebl) 2EME ARR\u00a0BASILIQUE NOTRE DAME DES VICTOIRES, Place des Petits-P\u00e8res 24 d\u00e9cembre 2016\u00a0: 21h00 (Veill\u00e9e de No\u00ebl) \/ 22h00 (Nuit de\u2026","rel":"","context":"Dans &quot;Familles&quot;","block_context":{"text":"Familles","link":"http:\/\/www.letourismeaparis.fr\/index.php\/category\/familles\/"},"img":{"alt_text":"","src":"","width":0,"height":0},"classes":[]},{"id":6469,"url":"http:\/\/www.letourismeaparis.fr\/index.php\/2010\/02\/13\/spectacle-de-danse-contemporaine-ethnique-le-1402\/","url_meta":{"origin":884,"position":5},"title":"Spectacle de danse contemporaine ethnique le 14\/02","author":"Fabienne TM","date":"13 f\u00e9vrier 2010","format":false,"excerpt":"Suite aux stages de danse contemporaine ethnique avec percussion propos\u00e9s par la compagnie en d\u00e9cembre dernier, les stagiaires vont restituer leur travail sur la sc\u00e8ne du centre Barbara Fleury Goutte d'Or... Une approche de la danse contemporaine et de l'improvisation par les danses du monde, anim\u00e9 par la chor\u00e9graphe Florence\u2026","rel":"","context":"Dans &quot;Non class\u00e9&quot;","block_context":{"text":"Non class\u00e9","link":"http:\/\/www.letourismeaparis.fr\/index.php\/category\/non-classe\/"},"img":{"alt_text":"","src":"","width":0,"height":0},"classes":[]}],"jetpack_sharing_enabled":true,"jetpack_likes_enabled":true,"_links":{"self":[{"href":"http:\/\/www.letourismeaparis.fr\/index.php\/wp-json\/wp\/v2\/posts\/884","targetHints":{"allow":["GET"]}}],"collection":[{"href":"http:\/\/www.letourismeaparis.fr\/index.php\/wp-json\/wp\/v2\/posts"}],"about":[{"href":"http:\/\/www.letourismeaparis.fr\/index.php\/wp-json\/wp\/v2\/types\/post"}],"author":[{"embeddable":true,"href":"http:\/\/www.letourismeaparis.fr\/index.php\/wp-json\/wp\/v2\/users\/2"}],"replies":[{"embeddable":true,"href":"http:\/\/www.letourismeaparis.fr\/index.php\/wp-json\/wp\/v2\/comments?post=884"}],"version-history":[{"count":0,"href":"http:\/\/www.letourismeaparis.fr\/index.php\/wp-json\/wp\/v2\/posts\/884\/revisions"}],"wp:attachment":[{"href":"http:\/\/www.letourismeaparis.fr\/index.php\/wp-json\/wp\/v2\/media?parent=884"}],"wp:term":[{"taxonomy":"category","embeddable":true,"href":"http:\/\/www.letourismeaparis.fr\/index.php\/wp-json\/wp\/v2\/categories?post=884"},{"taxonomy":"post_tag","embeddable":true,"href":"http:\/\/www.letourismeaparis.fr\/index.php\/wp-json\/wp\/v2\/tags?post=884"}],"curies":[{"name":"wp","href":"https:\/\/api.w.org\/{rel}","templated":true}]}}