{"id":899,"date":"2008-12-13T18:14:43","date_gmt":"2008-12-13T17:14:43","guid":{"rendered":"http:\/\/www.letourismeaparis.fr\/?p=899"},"modified":"2008-12-13T18:14:43","modified_gmt":"2008-12-13T17:14:43","slug":"louvre-exposition-mantegna","status":"publish","type":"post","link":"http:\/\/www.letourismeaparis.fr\/index.php\/2008\/12\/13\/louvre-exposition-mantegna\/","title":{"rendered":"Louvre :exposition Mantegna"},"content":{"rendered":"<p>Andrea Mantegna, 1431-1506<br \/>\nCette exposition exceptionnelle est la premi\u00e8re r\u00e9trospective fran\u00e7aise<br \/>\nconsacr\u00e9e \u00e0 Andrea Mantegna. Vous verrez un ensemble d\u2019\u0153uvres majeures\u00a0 Form\u00e9<br \/>\n\u00e0 Padoue et beau-fr\u00e8re du V\u00e9nitien Giovanni Bellini.<br \/>\n<a href=\"http:\/\/www.louvre.fr\">http:\/\/www.louvre.fr<\/a><br \/>\n<a href=\"http:\/\/www.letourismeaparis.fr\">http:\/\/www.letourismeaparis.fr<\/a><br \/>\njusqu&rsquo;au 05 Janvier 2009<\/p>\n","protected":false},"excerpt":{"rendered":"<p>Andrea Mantegna, 1431-1506 Cette exposition exceptionnelle est la premi\u00e8re r\u00e9trospective fran\u00e7aise consacr\u00e9e \u00e0 Andrea Mantegna. Vous verrez un ensemble d\u2019\u0153uvres majeures\u00a0 Form\u00e9 \u00e0 Padoue et beau-fr\u00e8re du V\u00e9nitien Giovanni Bellini. http:\/\/www.louvre.fr http:\/\/www.letourismeaparis.fr jusqu&rsquo;au 05 Janvier 2009<\/p>\n","protected":false},"author":2,"featured_media":0,"comment_status":"open","ping_status":"open","sticky":false,"template":"","format":"standard","meta":{"ngg_post_thumbnail":0,"jetpack_post_was_ever_published":false,"_jetpack_newsletter_access":"","footnotes":""},"categories":[1],"tags":[],"class_list":["post-899","post","type-post","status-publish","format-standard","hentry","category-non-classe"],"jetpack_featured_media_url":"","jetpack-related-posts":[{"id":2010,"url":"http:\/\/www.letourismeaparis.fr\/index.php\/2009\/02\/18\/le-dessin-a-florence-au-temps-de-michel-ange\/","url_meta":{"origin":899,"position":0},"title":"Le dessin \u00e0 Florence au temps de Michel Ange","author":"Fabienne TM","date":"18 f\u00e9vrier 2009","format":false,"excerpt":"Une merveilleuse exposition de dessin se d\u00e9roule \u00e0 l'\u00e9cole nationale sup\u00e9rieure des beaux arts, cabinet des dessins Jean Bonna du lundi au vendredi de 13h \u00e0 17 h jusqu'au 30 avril 2009. Vous verrez notamment des oeuvres de Michel-Ange, Andrea del Sarto,Pontorno,Giovanni Capassini.. Giovanni Antonio SOGLIANI Andrea PICCINELLI dit BRESCIANINO\u2026","rel":"","context":"Dans &quot;Non class\u00e9&quot;","block_context":{"text":"Non class\u00e9","link":"http:\/\/www.letourismeaparis.fr\/index.php\/category\/non-classe\/"},"img":{"alt_text":"","src":"","width":0,"height":0},"classes":[]},{"id":24033,"url":"http:\/\/www.letourismeaparis.fr\/index.php\/2020\/08\/11\/turner-peintures-et-aquarelles-au-musee-jacquemart-andre\/","url_meta":{"origin":899,"position":1},"title":"Turner, peintures et aquarelles au mus\u00e9e Jacquemart- Andr\u00e9","author":"Fabienne TM","date":"11 ao\u00fbt 2020","format":false,"excerpt":"Collections de la Tate .Du 26 mai au 11 janvier 2021. Cette exposition r\u00e9v\u00e8le le r\u00f4le qu\u2019ont jou\u00e9 les aquarelles dans la vie et l\u2019art de Turner, des oeuvres de jeunesse qu\u2019il envoya \u00e0 la Royal Academy aux fascinantes exp\u00e9rimentations lumineuses et color\u00e9es de sa maturit\u00e9. Pour un public moderne,\u2026","rel":"","context":"Dans &quot;Non class\u00e9&quot;","block_context":{"text":"Non class\u00e9","link":"http:\/\/www.letourismeaparis.fr\/index.php\/category\/non-classe\/"},"img":{"alt_text":"","src":"https:\/\/i0.wp.com\/www.letourismeaparis.fr\/wp-content\/uploads\/2020\/08\/d32162.jpg?resize=350%2C200","width":350,"height":200,"srcset":"https:\/\/i0.wp.com\/www.letourismeaparis.fr\/wp-content\/uploads\/2020\/08\/d32162.jpg?resize=350%2C200 1x, https:\/\/i0.wp.com\/www.letourismeaparis.fr\/wp-content\/uploads\/2020\/08\/d32162.jpg?resize=525%2C300 1.5x, https:\/\/i0.wp.com\/www.letourismeaparis.fr\/wp-content\/uploads\/2020\/08\/d32162.jpg?resize=700%2C400 2x"},"classes":[]},{"id":20847,"url":"http:\/\/www.letourismeaparis.fr\/index.php\/2018\/03\/11\/le-musee-jacquemart-andre-presente-une-grande-retrospective-consacree-mary-cassatt-1844-1926\/","url_meta":{"origin":899,"position":2},"title":"le Mus\u00e9e Jacquemart-Andr\u00e9 pr\u00e9sente une grande r\u00e9trospective consacr\u00e9e \u00e0 Mary Cassatt (1844 \u2013 1926)","author":"Fabienne TM","date":"11 mars 2018","format":false,"excerpt":"Du 9 mars au 23 juillet 2018 le Mus\u00e9e Jacquemart-Andr\u00e9 pr\u00e9sente une grande r\u00e9trospective consacr\u00e9e \u00e0 Mary Cassatt (1844 \u2013 1926). Consid\u00e9r\u00e9e de son vivant comme la plus grande artiste am\u00e9ricaine, Cassatt a v\u00e9cu pr\u00e8s de soixante ans en France. C\u2019est la seule peintre am\u00e9ricaine \u00e0 avoir \u00a0 Mary Cassatt,\u2026","rel":"","context":"Dans &quot;Mus\u00e9es \/ Expositions&quot;","block_context":{"text":"Mus\u00e9es \/ Expositions","link":"http:\/\/www.letourismeaparis.fr\/index.php\/category\/culture\/musees-expositions\/"},"img":{"alt_text":"","src":"","width":0,"height":0},"classes":[]},{"id":23656,"url":"http:\/\/www.letourismeaparis.fr\/index.php\/2019\/09\/12\/la-collection-alana-au-musee-jacquemart-andre-chefs-doeuvre-de-la-peinture-italienne\/","url_meta":{"origin":899,"position":3},"title":"La collection  Alana au mus\u00e9e Jacquemart Andr\u00e9 , Chefs-d&rsquo;oeuvre de la peinture italienne","author":"Fabienne TM","date":"12 septembre 2019","format":false,"excerpt":"Du 13 septembre 2019 au 20 janvier 2020 le Mus\u00e9e Jacquemart-Andr\u00e9 met \u00e0 l\u2019honneur la Collection Alana, l\u2019une des plus pr\u00e9cieuses et secr\u00e8tes collections priv\u00e9es d\u2019art de la Renaissance italienne au monde, actuellement conserv\u00e9e aux Etats-Unis. Lorenzo Monaco, L'Annonciation (d\u00e9tail), vers 1420-1424, tempera et or sur bois, 169,6 x 120,7\u2026","rel":"","context":"Dans &quot;Non class\u00e9&quot;","block_context":{"text":"Non class\u00e9","link":"http:\/\/www.letourismeaparis.fr\/index.php\/category\/non-classe\/"},"img":{"alt_text":"","src":"https:\/\/i0.wp.com\/www.letourismeaparis.fr\/wp-content\/uploads\/2019\/09\/Capture-d%E2%80%99e%CC%81cran-2019-09-12-a%CC%80-12.43.58.png?resize=350%2C200","width":350,"height":200,"srcset":"https:\/\/i0.wp.com\/www.letourismeaparis.fr\/wp-content\/uploads\/2019\/09\/Capture-d%E2%80%99e%CC%81cran-2019-09-12-a%CC%80-12.43.58.png?resize=350%2C200 1x, https:\/\/i0.wp.com\/www.letourismeaparis.fr\/wp-content\/uploads\/2019\/09\/Capture-d%E2%80%99e%CC%81cran-2019-09-12-a%CC%80-12.43.58.png?resize=525%2C300 1.5x"},"classes":[]},{"id":8977,"url":"http:\/\/www.letourismeaparis.fr\/index.php\/2011\/01\/08\/exposition-gratuite-a-paris-sur-la-designer-andree-putman-a-l-hotel-de-ville\/","url_meta":{"origin":899,"position":4},"title":"Exposition  gratuite \u00e0 Paris sur la designer Andr\u00e9e Putman \u00e0 l&#039; H\u00f4tel de ville","author":"Fabienne TM","date":"8 janvier 2011","format":false,"excerpt":"R\u00e9trospective consacr\u00e9e \u00e0 Andr\u00e9e Putman. Son \u0153uvre\u00a0 sera pr\u00e9sent\u00e9e \u00e0 travers des r\u00e9\u00e9ditions de mobilier, reconstitutions de lieux, ou encore son l\u00e9gendaire piano \u00ab Voie lact\u00e9e \u00bb .... Une expo gratuite \u00e0 d\u00e9couvrir \u00e0 l'H\u00f4tel de Ville du 10 novembre 2010 au 26 f\u00e9vrier 2011. L\u2019int\u00e9rieur du Concorde, Les loges\u2026","rel":"","context":"Dans &quot;Non class\u00e9&quot;","block_context":{"text":"Non class\u00e9","link":"http:\/\/www.letourismeaparis.fr\/index.php\/category\/non-classe\/"},"img":{"alt_text":"","src":"","width":0,"height":0},"classes":[]},{"id":2303,"url":"http:\/\/www.letourismeaparis.fr\/index.php\/2009\/03\/12\/chirico-au-mam\/","url_meta":{"origin":899,"position":5},"title":"Chirico au MAM","author":"Fabienne TM","date":"12 mars 2009","format":false,"excerpt":"Giorgio de Chirico. jusqu' au 24 mai 2009 Au Mus\u00e9e d\u2019art moderne de la ville de Paris Le Mus\u00e9e d\u2019art moderne de la ville de Paris consacre une exposition r\u00e9trospective \u00e0 Giorgio de Chirico (1888 - 1978), artiste majeur du XXe si\u00e8cle.... \"Cent soixante-dix peintures, sculptures, \u0153uvres graphiques et une\u2026","rel":"","context":"Dans &quot;Non class\u00e9&quot;","block_context":{"text":"Non class\u00e9","link":"http:\/\/www.letourismeaparis.fr\/index.php\/category\/non-classe\/"},"img":{"alt_text":"","src":"","width":0,"height":0},"classes":[]}],"jetpack_sharing_enabled":true,"jetpack_likes_enabled":true,"_links":{"self":[{"href":"http:\/\/www.letourismeaparis.fr\/index.php\/wp-json\/wp\/v2\/posts\/899","targetHints":{"allow":["GET"]}}],"collection":[{"href":"http:\/\/www.letourismeaparis.fr\/index.php\/wp-json\/wp\/v2\/posts"}],"about":[{"href":"http:\/\/www.letourismeaparis.fr\/index.php\/wp-json\/wp\/v2\/types\/post"}],"author":[{"embeddable":true,"href":"http:\/\/www.letourismeaparis.fr\/index.php\/wp-json\/wp\/v2\/users\/2"}],"replies":[{"embeddable":true,"href":"http:\/\/www.letourismeaparis.fr\/index.php\/wp-json\/wp\/v2\/comments?post=899"}],"version-history":[{"count":0,"href":"http:\/\/www.letourismeaparis.fr\/index.php\/wp-json\/wp\/v2\/posts\/899\/revisions"}],"wp:attachment":[{"href":"http:\/\/www.letourismeaparis.fr\/index.php\/wp-json\/wp\/v2\/media?parent=899"}],"wp:term":[{"taxonomy":"category","embeddable":true,"href":"http:\/\/www.letourismeaparis.fr\/index.php\/wp-json\/wp\/v2\/categories?post=899"},{"taxonomy":"post_tag","embeddable":true,"href":"http:\/\/www.letourismeaparis.fr\/index.php\/wp-json\/wp\/v2\/tags?post=899"}],"curies":[{"name":"wp","href":"https:\/\/api.w.org\/{rel}","templated":true}]}}