{"id":920,"date":"2008-12-16T17:26:21","date_gmt":"2008-12-16T16:26:21","guid":{"rendered":"http:\/\/www.letourismeaparis.fr\/?p=920"},"modified":"2008-12-16T17:26:21","modified_gmt":"2008-12-16T16:26:21","slug":"patrick-demarchelier-au-petit-palais","status":"publish","type":"post","link":"http:\/\/www.letourismeaparis.fr\/index.php\/2008\/12\/16\/patrick-demarchelier-au-petit-palais\/","title":{"rendered":"Patrick Demarchelier au Petit Palais."},"content":{"rendered":"<h2><span style=\"color: #ff0000;\"><a href=\"http:\/\/www.letourismeaparis.fr\"><strong>www.letourismeaparis.fr<\/strong><\/a><\/span><\/h2>\n<p>jusqu&rsquo;au 4 janvier 2009<br \/>\nLe Petit Palais accueille une s\u00e9lection de 400 photographies de\u00a0 Patrick Demarchelier<br \/>\n\u00ab Un photographe, c\u2019est quelqu\u2019un de fragile. On doit se renouveler tout le temps. Pour moi chaque travail est un nouveau challenge. Ce qui a \u00e9t\u00e9 fait avant est oubli\u00e9. \u00bb&#8230;<br \/>\n<!--more--> Patrick Demarchelier<br \/>\nIl est devenu l\u2019un des plus grands photographes au monde de la mode et de la beaut\u00e9.<br \/>\nLa \u00ab Demarchelier touch \u00bb, c\u2019est pr\u00e9cis\u00e9ment cette spontan\u00e9it\u00e9 et la mise en<br \/>\nlumi\u00e8re du c\u00f4t\u00e9 optimiste de la personne qu\u2019il photographie.<br \/>\nLe petit Palais pr\u00e9sente dans ses collections permanentes une tr\u00e8s belle collection de peintures, ic\u00f4nes, sculptures, tapisseries, mobiliers et objets d\u2019art<br \/>\ndepuis l\u2019Antiquit\u00e9 jusqu\u2019au d\u00e9but du 20\u00e8me si\u00e8cle.<br \/>\n<a href=\"http:\/\/www.petitpalais.paris.fr\/\"> www.petitpalais.paris.fr<\/a><\/p>\n","protected":false},"excerpt":{"rendered":"<p>www.letourismeaparis.fr jusqu&rsquo;au 4 janvier 2009 Le Petit Palais accueille une s\u00e9lection de 400 photographies de\u00a0 Patrick Demarchelier \u00ab Un photographe, c\u2019est quelqu\u2019un de fragile. On doit se renouveler tout le temps. Pour moi chaque travail est un nouveau challenge. Ce&#8230;<\/p>\n","protected":false},"author":2,"featured_media":0,"comment_status":"open","ping_status":"open","sticky":false,"template":"","format":"standard","meta":{"ngg_post_thumbnail":0,"jetpack_post_was_ever_published":false,"_jetpack_newsletter_access":"","footnotes":""},"categories":[1],"tags":[],"class_list":["post-920","post","type-post","status-publish","format-standard","hentry","category-non-classe"],"jetpack_featured_media_url":"","jetpack-related-posts":[{"id":10010,"url":"http:\/\/www.letourismeaparis.fr\/index.php\/2011\/04\/05\/charlotte-perriand-de-la-photographie-au-design-7-avril-2011-18-septembre-2011\/","url_meta":{"origin":920,"position":0},"title":"Charlotte Perriand \u2013 De la photographie au design \u2013 7 avril 2011 \u2013 18 septembre 2011","author":"Fabienne TM","date":"5 avril 2011","format":false,"excerpt":"le Petit Palais consacre \u00e0 Charlotte Perriand, architecte, urbaniste, designer, c\u00e9l\u00e8bre cr\u00e9atrice de mobilier et d\u2019am\u00e9nagement d\u2019habitations, est tout enti\u00e8re con\u00e7ue \u00e0 partir d\u2019un aspect m\u00e9connu de sa d\u00e9marche cr\u00e9ative : la photographie dans les ann\u00e9es 1930. Ce domaine appara\u00eet de trois fa\u00e7ons dans l\u2019exposition : - Les photographies documentaires\u2026","rel":"","context":"Dans &quot;Non class\u00e9&quot;","block_context":{"text":"Non class\u00e9","link":"http:\/\/www.letourismeaparis.fr\/index.php\/category\/non-classe\/"},"img":{"alt_text":"","src":"","width":0,"height":0},"classes":[]},{"id":2591,"url":"http:\/\/www.letourismeaparis.fr\/index.php\/2009\/04\/11\/une-superbe-exposition-a-la-conciergerie\/","url_meta":{"origin":920,"position":1},"title":"Une superbe exposition \u00e0 la Conciergerie","author":"Fabienne TM","date":"11 avril 2009","format":false,"excerpt":"Une exposition tr\u00e8s int\u00e9ressante ! Les expositions universelles ont\u00a0 transform\u00e9 le paysage parisien et son d\u00e9veloppement urbanistique.L'exposition de 1900 a attir\u00e9 51 millions de visiteurs.Ils d\u00e9couvrirent l'ascenceur en 1867... le cin\u00e9ma en 1900, la t\u00e9l\u00e9vison en 1937 Elles ont l\u00e9gu\u00e9 notamment\u00a0 la Tour Eiffel, le Grand et le Petit Palais,\u00a0\u00a0\u00a0\u2026","rel":"","context":"Dans &quot;Non class\u00e9&quot;","block_context":{"text":"Non class\u00e9","link":"http:\/\/www.letourismeaparis.fr\/index.php\/category\/non-classe\/"},"img":{"alt_text":"","src":"","width":0,"height":0},"classes":[]},{"id":2332,"url":"http:\/\/www.letourismeaparis.fr\/index.php\/2009\/03\/15\/une-exposition-tres-interessante-a-voir-en-famille-les-expositions-universelles-de-paris\/","url_meta":{"origin":920,"position":2},"title":"Une exposition tr\u00e8s int\u00e9ressante ! \u00e0 voir en famille : les expositions universelles de Paris","author":"Fabienne TM","date":"15 mars 2009","format":false,"excerpt":"Une exposition tr\u00e8s int\u00e9ressante ! Les expositions universelles ont\u00a0 transform\u00e9 le paysage parisien et son d\u00e9veloppement urbanistique.L'exposition de 1900 a attir\u00e9 51 millions de visiteurs.Ils d\u00e9couvrirent l'ascenceur en 1867... le cin\u00e9ma en 1900, la t\u00e9l\u00e9vison en 1937 Elles ont l\u00e9gu\u00e9 notamment\u00a0 la Tour Eiffel, le Grand et le Petit Palais,\u00a0\u00a0\u00a0\u2026","rel":"","context":"Dans &quot;Non class\u00e9&quot;","block_context":{"text":"Non class\u00e9","link":"http:\/\/www.letourismeaparis.fr\/index.php\/category\/non-classe\/"},"img":{"alt_text":"","src":"","width":0,"height":0},"classes":[]},{"id":18863,"url":"http:\/\/www.letourismeaparis.fr\/index.php\/2016\/11\/12\/paris-photo-2016-20eme-edition-de-paris-photo-foire-internationale-dediee-au-medium-photographique\/","url_meta":{"origin":920,"position":3},"title":"PARIS PHOTO 2016  20\u00e8me \u00e9dition de Paris Photo, foire internationale d\u00e9di\u00e9e au m\u00e9dium photographique,","author":"Fabienne TM","date":"12 novembre 2016","format":false,"excerpt":"\u00a0 La vocation de Paris Photo, depuis sa cr\u00e9ation en 1997, est de rassembler, autour de galeries et \u00e9diteurs internationaux, une s\u00e9lection d\u2019\u0153uvres autour du m\u00e9dium photographique, de tirages vintage jusqu\u2019aux \u0153uvres les plus contemporaines. Les visiteurs \u00a0pourront d\u00e9couvrir 153 galeries, dans la nef et dans le Salon d\u2019Honneur PRISMES,\u2026","rel":"","context":"Dans &quot;Photos&quot;","block_context":{"text":"Photos","link":"http:\/\/www.letourismeaparis.fr\/index.php\/category\/culture\/musees-expositions\/photos\/"},"img":{"alt_text":"","src":"","width":0,"height":0},"classes":[]},{"id":19736,"url":"http:\/\/www.letourismeaparis.fr\/index.php\/2017\/04\/23\/le-gouvernement-des-parisiens-paris-ses-habitants-letat-une-histoire-partagee-une-exposition-gratuite-a-lhotel-de-ville\/","url_meta":{"origin":920,"position":4},"title":"Le gouvernement des Parisiens. Paris, ses habitants, l\u2019\u00c9tat, une histoire partag\u00e9e : une exposition gratuite  \u00e0 l&#039;h\u00f4tel de ville","author":"Fabienne TM","date":"23 avril 2017","format":false,"excerpt":"L\u2019exposition rassemble tableaux, sculptures, gravures, manuscrits, affiches, sceaux et photographies\u2026 pr\u00e8s de 300 \u0153uvres issues des collections des mus\u00e9es du Louvre, d\u2019Orsay, de Carnavalet, du Petit Palais et des Archives nationales \u00a0 Le gouvernement des Parisiens (\u00a9 Petit Palais \/ Roger-Viollet) \u00a0 Exposition gratuite du 22 avril au 22 juillet\u2026","rel":"","context":"Dans &quot;Histoire&quot;","block_context":{"text":"Histoire","link":"http:\/\/www.letourismeaparis.fr\/index.php\/category\/culture\/musees-expositions\/histoire\/"},"img":{"alt_text":"","src":"","width":0,"height":0},"classes":[]},{"id":8507,"url":"http:\/\/www.letourismeaparis.fr\/index.php\/2010\/09\/23\/un-atelier-photo-pour-les-ados-dans-le-cadre-de-lexposition-reporters-sans-frontieres\/","url_meta":{"origin":920,"position":5},"title":"Un atelier photo pour les ados dans le cadre de l&#039;exposition &quot;Reporters sans fronti\u00e8res&quot;","author":"Fabienne TM","date":"23 septembre 2010","format":false,"excerpt":"Pour les adolescents, \u00e0 partir de 14 ans, le Petit Palais propose : Un atelier photo \u00ab Mus\u00e9e Zoom \u00bbdans le cadre de l'exposition Reporters sans fronti\u00e8res. A partir de la visite de l\u2019exposition, prises de vue dans le mus\u00e9e, impression et montage sur papier aboutiront \u00e0 la cr\u00e9ation de\u2026","rel":"","context":"Dans &quot;Non class\u00e9&quot;","block_context":{"text":"Non class\u00e9","link":"http:\/\/www.letourismeaparis.fr\/index.php\/category\/non-classe\/"},"img":{"alt_text":"","src":"","width":0,"height":0},"classes":[]}],"jetpack_sharing_enabled":true,"jetpack_likes_enabled":true,"_links":{"self":[{"href":"http:\/\/www.letourismeaparis.fr\/index.php\/wp-json\/wp\/v2\/posts\/920","targetHints":{"allow":["GET"]}}],"collection":[{"href":"http:\/\/www.letourismeaparis.fr\/index.php\/wp-json\/wp\/v2\/posts"}],"about":[{"href":"http:\/\/www.letourismeaparis.fr\/index.php\/wp-json\/wp\/v2\/types\/post"}],"author":[{"embeddable":true,"href":"http:\/\/www.letourismeaparis.fr\/index.php\/wp-json\/wp\/v2\/users\/2"}],"replies":[{"embeddable":true,"href":"http:\/\/www.letourismeaparis.fr\/index.php\/wp-json\/wp\/v2\/comments?post=920"}],"version-history":[{"count":0,"href":"http:\/\/www.letourismeaparis.fr\/index.php\/wp-json\/wp\/v2\/posts\/920\/revisions"}],"wp:attachment":[{"href":"http:\/\/www.letourismeaparis.fr\/index.php\/wp-json\/wp\/v2\/media?parent=920"}],"wp:term":[{"taxonomy":"category","embeddable":true,"href":"http:\/\/www.letourismeaparis.fr\/index.php\/wp-json\/wp\/v2\/categories?post=920"},{"taxonomy":"post_tag","embeddable":true,"href":"http:\/\/www.letourismeaparis.fr\/index.php\/wp-json\/wp\/v2\/tags?post=920"}],"curies":[{"name":"wp","href":"https:\/\/api.w.org\/{rel}","templated":true}]}}