{"id":923,"date":"2008-12-16T17:29:34","date_gmt":"2008-12-16T16:29:34","guid":{"rendered":"http:\/\/www.letourismeaparis.fr\/?p=923"},"modified":"2008-12-16T17:29:34","modified_gmt":"2008-12-16T16:29:34","slug":"cartier-bresson-walker-evans-jusquau-21-decembre-photographier-lamerique-1929-1947","status":"publish","type":"post","link":"http:\/\/www.letourismeaparis.fr\/index.php\/2008\/12\/16\/cartier-bresson-walker-evans-jusquau-21-decembre-photographier-lamerique-1929-1947\/","title":{"rendered":"Cartier-Bresson, Walker Evans  Jusqu&#039;au 21 d\u00e9cembre : Photographier l&#039;Am\u00e9rique, 1929-1947&quot;."},"content":{"rendered":"<p>La Fondation HCB c\u00e9l\u00e8brera cet automne le centenaire de la naissance d\u2019Henri Cartier-Bresson en l\u2019associant \u00e0 l\u2019un des photographes qu\u2019il admira le plus jusqu\u2019\u00e0 la fin de sa vie, sur un sujet commun&#8230;.<!--more--><br \/>\nqu\u2019il affectionnait tout particuli\u00e8rement : l\u2019Am\u00e9rique. Cette exposition est l\u2019occasion de mettre \u00e0 l\u2019honneur deux grands ma\u00eetres de la photographie du XXe si\u00e8cle qui se vouaient une estime r\u00e9ciproque.<br \/>\nL\u2019exposition pr\u00e9sente quatre-vingt six tirages d\u2019\u00e9poque.<br \/>\nFondation HCB &#8211; 12, Impasse Lebouis &#8211; 75014 Paris &#8211;<br \/>\n<a href=\"http:\/\/www.henricartierbresson.org\">www.henricartierbresson.org<\/a><br \/>\n<a href=\"http:\/\/www.letourismeaparis.fr\/\">www.letourismeaparis.fr <\/a><\/p>\n","protected":false},"excerpt":{"rendered":"<p>La Fondation HCB c\u00e9l\u00e8brera cet automne le centenaire de la naissance d\u2019Henri Cartier-Bresson en l\u2019associant \u00e0 l\u2019un des photographes qu\u2019il admira le plus jusqu\u2019\u00e0 la fin de sa vie, sur un sujet commun&#8230;.<\/p>\n","protected":false},"author":2,"featured_media":0,"comment_status":"open","ping_status":"open","sticky":false,"template":"","format":"standard","meta":{"ngg_post_thumbnail":0,"jetpack_post_was_ever_published":false,"_jetpack_newsletter_access":"","footnotes":""},"categories":[1],"tags":[],"class_list":["post-923","post","type-post","status-publish","format-standard","hentry","category-non-classe"],"jetpack_featured_media_url":"","jetpack-related-posts":[{"id":329,"url":"http:\/\/www.letourismeaparis.fr\/index.php\/2008\/09\/09\/henri-cartier-bresson-walker-evans-photographier-lamerique-1929-1947\/","url_meta":{"origin":923,"position":0},"title":"Photographier l\u2019Am\u00e9rique (1929-1947)&#8230;","author":"Fabienne TM","date":"9 septembre 2008","format":false,"excerpt":"jusqu'au 21 d\u00e9cembre 2008 La Fondation HCB c\u00e9l\u00e8brera cet automne le centenaire de la naissance d\u2019Henri Cartier-Bresson en l\u2019associant \u00e0 l\u2019un des photographes qu\u2019il admira le plus jusqu\u2019\u00e0 la fin de sa vie, sur un sujet commun qu\u2019il affectionnait tout particuli\u00e8rement : l\u2019Am\u00e9rique. Cette exposition est l\u2019occasion de mettre \u00e0\u2026","rel":"","context":"Dans &quot;Non class\u00e9&quot;","block_context":{"text":"Non class\u00e9","link":"http:\/\/www.letourismeaparis.fr\/index.php\/category\/non-classe\/"},"img":{"alt_text":"","src":"","width":0,"height":0},"classes":[]},{"id":4440,"url":"http:\/\/www.letourismeaparis.fr\/index.php\/2009\/10\/07\/august-sander-a-la-fondation-henri-cartier-bresson-limage-sans-concessions\/","url_meta":{"origin":923,"position":1},"title":"August Sander \u00e0 la Fondation Henri Cartier-Bresson : l\u2019image sans concessions","author":"Fabienne TM","date":"7 octobre 2009","format":false,"excerpt":"Jusqu\u2019au 20 d\u00e9cembre 2009, la Fondation HCB expose les \u0153uvres d\u2019August Sanders, consid\u00e9r\u00e9 comme l\u2019un des fondateurs de la photographie contemporaine et dont le cr\u00e9do \u00e9tait \"voir, observer et penser\" Une centaine de tirages sont expos\u00e9s. August Sander a cherch\u00e9 tout au long de sa vie \u00e0 transmettre une image\u2026","rel":"","context":"Dans &quot;Non class\u00e9&quot;","block_context":{"text":"Non class\u00e9","link":"http:\/\/www.letourismeaparis.fr\/index.php\/category\/non-classe\/"},"img":{"alt_text":"","src":"","width":0,"height":0},"classes":[]},{"id":5514,"url":"http:\/\/www.letourismeaparis.fr\/index.php\/2009\/12\/02\/august-sander-a-la-fondation-henri-cartier-bresson\/","url_meta":{"origin":923,"position":2},"title":"August Sander \u00e0 la Fondation Henri Cartier-Bresson","author":"Fabienne TM","date":"2 d\u00e9cembre 2009","format":false,"excerpt":"Jusqu\u2019au 20 d\u00e9cembre 2009, la Fondation HCB expose August\u00a0 Sanders,\u00a0 l\u2019un des fondateurs de la photographie contemporaine .\"Voir, observer et penser\". Vous\u00a0 y verrez\u00a0 portraits , paysages et \u00e9tudes botaniques. August Sander a cherch\u00e9 tout au long de sa vie \u00e0 transmettre une image de son \u00e9poque, fid\u00e8le \u00e0 la\u2026","rel":"","context":"Dans &quot;Non class\u00e9&quot;","block_context":{"text":"Non class\u00e9","link":"http:\/\/www.letourismeaparis.fr\/index.php\/category\/non-classe\/"},"img":{"alt_text":"","src":"https:\/\/i0.wp.com\/www.letourismeaparis.fr\/wp-content\/uploads\/2009\/12\/Sander_DGPH915-230x300.jpg?resize=350%2C200","width":350,"height":200},"classes":[]},{"id":24315,"url":"http:\/\/www.letourismeaparis.fr\/index.php\/2021\/06\/15\/henri-cartier-bresson-revoir-paris\/","url_meta":{"origin":923,"position":3},"title":"HENRI CARTIER-BRESSON &#8211; REVOIR PARIS","author":"Fabienne TM","date":"15 juin 2021","format":false,"excerpt":"au mus\u00e9e Carnavalet jusqu'au dimanche 31 octobre 2021 Pour sa premi\u00e8re exposition apr\u00e8s r\u00e9ouverture, le mus\u00e9e Carnavalet \u2013 Histoire de Paris s\u2019associe avec la Fondation Henri Cartier-Bresson pour mettre en lumi\u00e8re l\u2019importance de Paris dans la vie et l\u2019\u0153uvre d\u2019Henri Cartier-Bresson, l\u2019un des plus grands photographes fran\u00e7ais du 20e si\u00e8cle.\u2026","rel":"","context":"Dans &quot;Culture&quot;","block_context":{"text":"Culture","link":"http:\/\/www.letourismeaparis.fr\/index.php\/category\/culture\/"},"img":{"alt_text":"","src":"https:\/\/i0.wp.com\/www.letourismeaparis.fr\/wp-content\/uploads\/2021\/06\/Capture-d%E2%80%99e%CC%81cran-2021-06-15-a%CC%80-11.31.34.png?resize=350%2C200","width":350,"height":200},"classes":[]},{"id":3627,"url":"http:\/\/www.letourismeaparis.fr\/index.php\/2009\/08\/26\/henri-cartier-bresson-au-mam\/","url_meta":{"origin":923,"position":4},"title":"Henri Cartier-Bresson au MAM","author":"Fabienne TM","date":"26 ao\u00fbt 2009","format":false,"excerpt":"Le MAM pr\u00e9sente, \u00e0 l'occasion du centenaire de la naissance d'Henri Cartier-Bresson (1908-2004) la reconstitution d'une exposition itin\u00e9rante r\u00e9alis\u00e9e par l'artiste de 1975 \u00e0 1980 jusqu' au 13\/9\/2009 11 av. du Pr\u00e9sident Wilson PARIS\u00a0 75016 http:\/\/www.mam.paris.fr","rel":"","context":"Dans &quot;Non class\u00e9&quot;","block_context":{"text":"Non class\u00e9","link":"http:\/\/www.letourismeaparis.fr\/index.php\/category\/non-classe\/"},"img":{"alt_text":"","src":"","width":0,"height":0},"classes":[]},{"id":3514,"url":"http:\/\/www.letourismeaparis.fr\/index.php\/2009\/07\/06\/henri-cartier-bresson-limaginaire-dapres-nature-au-musee-dart-moderne\/","url_meta":{"origin":923,"position":5},"title":"Henri Cartier-Bresson &#8211; L&#039;imaginaire d&#039;apr\u00e8s nature au mus\u00e9e d&#039;art moderne","author":"Fabienne TM","date":"6 juillet 2009","format":false,"excerpt":"Le MAM pr\u00e9sente, \u00e0 l'occasion du centenaire de la naissance d'Henri Cartier-Bresson (1908-2004) la reconstitution d'une exposition itin\u00e9rante r\u00e9alis\u00e9e par l'artiste de 1975 \u00e0 1980 jusqu' au 13\/9\/2009 11 av. du Pr\u00e9sident Wilson PARIS\u00a0 75016 http:\/\/www.mam.paris.fr","rel":"","context":"Dans &quot;Non class\u00e9&quot;","block_context":{"text":"Non class\u00e9","link":"http:\/\/www.letourismeaparis.fr\/index.php\/category\/non-classe\/"},"img":{"alt_text":"","src":"","width":0,"height":0},"classes":[]}],"jetpack_sharing_enabled":true,"jetpack_likes_enabled":true,"_links":{"self":[{"href":"http:\/\/www.letourismeaparis.fr\/index.php\/wp-json\/wp\/v2\/posts\/923","targetHints":{"allow":["GET"]}}],"collection":[{"href":"http:\/\/www.letourismeaparis.fr\/index.php\/wp-json\/wp\/v2\/posts"}],"about":[{"href":"http:\/\/www.letourismeaparis.fr\/index.php\/wp-json\/wp\/v2\/types\/post"}],"author":[{"embeddable":true,"href":"http:\/\/www.letourismeaparis.fr\/index.php\/wp-json\/wp\/v2\/users\/2"}],"replies":[{"embeddable":true,"href":"http:\/\/www.letourismeaparis.fr\/index.php\/wp-json\/wp\/v2\/comments?post=923"}],"version-history":[{"count":0,"href":"http:\/\/www.letourismeaparis.fr\/index.php\/wp-json\/wp\/v2\/posts\/923\/revisions"}],"wp:attachment":[{"href":"http:\/\/www.letourismeaparis.fr\/index.php\/wp-json\/wp\/v2\/media?parent=923"}],"wp:term":[{"taxonomy":"category","embeddable":true,"href":"http:\/\/www.letourismeaparis.fr\/index.php\/wp-json\/wp\/v2\/categories?post=923"},{"taxonomy":"post_tag","embeddable":true,"href":"http:\/\/www.letourismeaparis.fr\/index.php\/wp-json\/wp\/v2\/tags?post=923"}],"curies":[{"name":"wp","href":"https:\/\/api.w.org\/{rel}","templated":true}]}}