{"id":927,"date":"2008-12-16T17:32:07","date_gmt":"2008-12-16T16:32:07","guid":{"rendered":"http:\/\/www.letourismeaparis.fr\/?p=927"},"modified":"2008-12-16T17:32:07","modified_gmt":"2008-12-16T16:32:07","slug":"sexy-bossa-nova-le-mardi-16-decembre","status":"publish","type":"post","link":"http:\/\/www.letourismeaparis.fr\/index.php\/2008\/12\/16\/sexy-bossa-nova-le-mardi-16-decembre\/","title":{"rendered":"Sexy Bossa-Nova le mardi 16 d\u00e9cembre&#8230;"},"content":{"rendered":"<p><a href=\"http:\/\/www.letourismeaparis.fr\"><span style=\"color: #800080;\"><strong>www.letourismeaparis.fr<\/strong><\/span><\/a><br \/>\nRendez-vous \u00e0 la Favela Chic pour une soir\u00e9e 100 % Bossa-nova ! Au programme : un live pour commencer et un Dj pour finir la soir\u00e9e.<br \/>\nTous les premiers mardis du mois, la soir\u00e9e Sexy Bossa met la Bossa-nova \u00e0 l\u2019honneur\u2026<br \/>\n<a href=\"http:\/\/www.favelachic.com\">http:\/\/www.favelachic.com<\/a><br \/>\njusqu&rsquo;au 06 Janvier 2009 Tous les 1ers mardis du mois\u00a0 20:00:00 \u00e0 02:00:00<\/p>\n","protected":false},"excerpt":{"rendered":"<p>www.letourismeaparis.fr Rendez-vous \u00e0 la Favela Chic pour une soir\u00e9e 100 % Bossa-nova ! Au programme : un live pour commencer et un Dj pour finir la soir\u00e9e. Tous les premiers mardis du mois, la soir\u00e9e Sexy Bossa met la Bossa-nova&#8230;<\/p>\n","protected":false},"author":2,"featured_media":0,"comment_status":"open","ping_status":"open","sticky":false,"template":"","format":"standard","meta":{"ngg_post_thumbnail":0,"jetpack_post_was_ever_published":false,"_jetpack_newsletter_access":"","footnotes":""},"categories":[1],"tags":[],"class_list":["post-927","post","type-post","status-publish","format-standard","hentry","category-non-classe"],"jetpack_featured_media_url":"","jetpack-related-posts":[{"id":3330,"url":"http:\/\/www.letourismeaparis.fr\/index.php\/2009\/06\/20\/fete-de-la-musique-latino-et-cultures-du-monde-selection\/","url_meta":{"origin":927,"position":0},"title":"F\u00eate de la musique : latino et cultures du monde (s\u00e9lection)","author":"Fabienne TM","date":"20 juin 2009","format":false,"excerpt":"Le Tango Argentin de la T\u00eate aux Pieds Orchestre Memo Tango. 37 all\u00e9e centrale du march\u00e9 St Honor\u00e9 75001 PARIS 1er Horaires : entre 20:00 et 02:00 Misto Quente, Vai pegar fogo ! Misto Quente vous fait vibrer aux sons de la batucada carioca et de son r\u00e9pertoire aux nombreuses\u2026","rel":"","context":"Dans &quot;Non class\u00e9&quot;","block_context":{"text":"Non class\u00e9","link":"http:\/\/www.letourismeaparis.fr\/index.php\/category\/non-classe\/"},"img":{"alt_text":"","src":"","width":0,"height":0},"classes":[]},{"id":2234,"url":"http:\/\/www.letourismeaparis.fr\/index.php\/2009\/03\/06\/festival-paris-brasil-au-satellit-cafe\/","url_meta":{"origin":927,"position":1},"title":"Festival &quot;Paris Brasil&quot; au satellit caf\u00e9","author":"Fabienne TM","date":"6 mars 2009","format":false,"excerpt":"Festival Paris Brasil au satelli caf\u00e9 Du 11 au 27 mars 2009 \u00e0 21h Rythmes br\u00e9siliens pendant trois semaines : samba, bossa nova, pop jazz et chansons\u2026Chaque ann\u00e9e est une nouvelle occasion d\u2019appr\u00e9cier la richesse de la musique br\u00e9silienne et de d\u00e9couvrir le talent des artistes originaires de ce pays.\u2026","rel":"","context":"Dans &quot;Non class\u00e9&quot;","block_context":{"text":"Non class\u00e9","link":"http:\/\/www.letourismeaparis.fr\/index.php\/category\/non-classe\/"},"img":{"alt_text":"","src":"","width":0,"height":0},"classes":[]},{"id":8103,"url":"http:\/\/www.letourismeaparis.fr\/index.php\/2010\/07\/30\/les-rendez-vous-terrasses-de-bercy-village-jusquau-31-aout\/","url_meta":{"origin":927,"position":2},"title":"Les Rendez-Vous Terrasses de Bercy Village  jusqu&#039;au 31 ao\u00fbt","author":"Fabienne TM","date":"30 juillet 2010","format":false,"excerpt":"Concerts gratuits en plein air \u00e0 18 heures chaque mardi et jeudi 20 dates et une multitude d\u2019artistes d\u2019influences diverses (musique cubaine, jazz du Cap vert, blues alg\u00e9rien) qui vous seront propos\u00e9s dans une ambiance festive et conviviale. Mardi 3 ao\u00fbt > ROLAND TCHAKOUNT\u00c9 Blues camerounais Jeudi 5 ao\u00fbt >\u2026","rel":"","context":"Dans &quot;Non class\u00e9&quot;","block_context":{"text":"Non class\u00e9","link":"http:\/\/www.letourismeaparis.fr\/index.php\/category\/non-classe\/"},"img":{"alt_text":"","src":"","width":0,"height":0},"classes":[]},{"id":4087,"url":"http:\/\/www.letourismeaparis.fr\/index.php\/2009\/09\/11\/concert-entre-bresil-et-funk-samedi-12-septembre-2009-a-20h\/","url_meta":{"origin":927,"position":3},"title":"CONCERT &quot;ENTRE BRESIL ET FUNK&quot; Samedi 12 septembre 2009 \u00e0 20h","author":"Fabienne TM","date":"11 septembre 2009","format":false,"excerpt":"Jazz, Bossa Nova et Funk vous attendent le 12 septembre \u00e0 20h au Th\u00e9atre Douze CONCERT \"ENTRE BRESIL ET FUNK\" 1\u00e8re partie : BOSSA JADE 2\u00e8me partie : Toninho RAMOS & Marcia MARIA Renseignements : 01 44 75 60 31 www.theatredouze.fr Centre d\u2019Animation Maurice Ravel\u00a0\u00a0\u00a0 Th\u00e9\u00e2tre Douze \u2013 Terrasses de\u2026","rel":"","context":"Dans &quot;Non class\u00e9&quot;","block_context":{"text":"Non class\u00e9","link":"http:\/\/www.letourismeaparis.fr\/index.php\/category\/non-classe\/"},"img":{"alt_text":"","src":"","width":0,"height":0},"classes":[]},{"id":2501,"url":"http:\/\/www.letourismeaparis.fr\/index.php\/2009\/04\/02\/festival-bresil-a-la-mairie-du-douzieme-arrondissement-du-2-au-10-avril\/","url_meta":{"origin":927,"position":4},"title":"Festival Br\u00e9sil  \u00e0 la mairie du douzi\u00e8me arrondissement du 2 au 10 avril","author":"Fabienne TM","date":"2 avril 2009","format":false,"excerpt":"Festival organis\u00e9 par l'association Mandioca Jeudi 2 avril (18h\u201322h) Remise des prix du concours photographique \u00abLe Br\u00e9sil \u00e0 Paris, les Br\u00e9siliens de Paris \u00bbConcert de Choro par le groupe Tamandua Concert de Samba et Pagode par l\u2019ensemble Roda do Cavaco Samedi 4 avril (15h-18h) Entr\u00e9e libre, venez passer une apr\u00e8s-midi\u2026","rel":"","context":"Dans &quot;Non class\u00e9&quot;","block_context":{"text":"Non class\u00e9","link":"http:\/\/www.letourismeaparis.fr\/index.php\/category\/non-classe\/"},"img":{"alt_text":"","src":"","width":0,"height":0},"classes":[]},{"id":5205,"url":"http:\/\/www.letourismeaparis.fr\/index.php\/2009\/11\/20\/erasmus-party-fait-sa-croisiere-sam-21-nov-2009\/","url_meta":{"origin":927,"position":5},"title":"Erasmus Party fait Sa Croisi\u00e8re ! sam. 21 nov. 2009","author":"Fabienne TM","date":"20 novembre 2009","format":false,"excerpt":"Pop \u2013 House \u2013 Groove \u2013 Latino \u2013 Disco \u2013 Rock \u2026 All night long !!! Musique international avec tous les titres du moment locaux et internationaux afin que chaque nationalit\u00e9 s\u2019approprie la soir\u00e9e. 20h - 22h : Buffet m\u00e9diterran\u00e9en 22h \u2013 23h : Croisi\u00e8re sur la Seine 23h \u2013\u2026","rel":"","context":"Dans &quot;Non class\u00e9&quot;","block_context":{"text":"Non class\u00e9","link":"http:\/\/www.letourismeaparis.fr\/index.php\/category\/non-classe\/"},"img":{"alt_text":"","src":"https:\/\/i0.wp.com\/www.letourismeaparis.fr\/wp-content\/uploads\/2009\/11\/erasmus.jpg?resize=350%2C200","width":350,"height":200},"classes":[]}],"jetpack_sharing_enabled":true,"jetpack_likes_enabled":true,"_links":{"self":[{"href":"http:\/\/www.letourismeaparis.fr\/index.php\/wp-json\/wp\/v2\/posts\/927","targetHints":{"allow":["GET"]}}],"collection":[{"href":"http:\/\/www.letourismeaparis.fr\/index.php\/wp-json\/wp\/v2\/posts"}],"about":[{"href":"http:\/\/www.letourismeaparis.fr\/index.php\/wp-json\/wp\/v2\/types\/post"}],"author":[{"embeddable":true,"href":"http:\/\/www.letourismeaparis.fr\/index.php\/wp-json\/wp\/v2\/users\/2"}],"replies":[{"embeddable":true,"href":"http:\/\/www.letourismeaparis.fr\/index.php\/wp-json\/wp\/v2\/comments?post=927"}],"version-history":[{"count":0,"href":"http:\/\/www.letourismeaparis.fr\/index.php\/wp-json\/wp\/v2\/posts\/927\/revisions"}],"wp:attachment":[{"href":"http:\/\/www.letourismeaparis.fr\/index.php\/wp-json\/wp\/v2\/media?parent=927"}],"wp:term":[{"taxonomy":"category","embeddable":true,"href":"http:\/\/www.letourismeaparis.fr\/index.php\/wp-json\/wp\/v2\/categories?post=927"},{"taxonomy":"post_tag","embeddable":true,"href":"http:\/\/www.letourismeaparis.fr\/index.php\/wp-json\/wp\/v2\/tags?post=927"}],"curies":[{"name":"wp","href":"https:\/\/api.w.org\/{rel}","templated":true}]}}