{"id":933,"date":"2008-12-17T10:33:12","date_gmt":"2008-12-17T09:33:12","guid":{"rendered":"http:\/\/www.letourismeaparis.fr\/?p=933"},"modified":"2008-12-17T10:33:12","modified_gmt":"2008-12-17T09:33:12","slug":"le-musee-carnavalet-presente-paris-au-temps-des-miserables-de-victor-hugo","status":"publish","type":"post","link":"http:\/\/www.letourismeaparis.fr\/index.php\/2008\/12\/17\/le-musee-carnavalet-presente-paris-au-temps-des-miserables-de-victor-hugo\/","title":{"rendered":"Le mus\u00e9e Carnavalet pr\u00e9sente :Paris au temps des Mis\u00e9rables de Victor Hugo"},"content":{"rendered":"<p><a href=\"http:\/\/www.letourismeaparis.fr\">www.letourismeaparis.fr<\/a><br \/>\n220 peintures, photographies, cartes et objets d\u2019art vous font revivre \u00ab\u00a0les mis\u00e9rables\u00a0\u00bb.<br \/>\nJean Valjean, Cosette, Fantine vous accompagnent \u00e0 la d\u00e9couverte du Paris du XIXe\u00a0 si\u00e8cle.<br \/>\n<!--more--> Vous compl\u00e9terez votre visite\u00a0 \u00e0 la Maison de Victor Hugo ,6, Place des Vosges Paris- 75004: l\u2019exposition \u00ab Les Mis\u00e9rables, un roman inconnu ? \u00bb y est pr\u00e9sent\u00e9e aux m\u00eames dates.<br \/>\n<a href=\"http:\/\/www.carnavalet.paris.fr\">http:\/\/www.carnavalet.paris.fr<\/a><br \/>\n<a href=\"http:\/\/www.musee-hugo.paris.fr\">www.musee-hugo.paris.fr<\/a><br \/>\n<!--more--><br \/>\njusqu&rsquo;au 01 F\u00e9vrier 2009<br \/>\nSalon du Cin\u00e9ma<br \/>\nd\u00e9couvrez les coulisses de l\u2019industrie cin\u00e9matographique.<br \/>\nLe Salon du Cin\u00e9ma vous propose\u00a0 rencontres et ateliers : tournage, effets<br \/>\nsp\u00e9ciaux, \u00e9laboration de films d\u2019animation, cascades, bruitages, techniques de<br \/>\nprojections\u2026des extraits de films en avant-premi\u00e8re, des jeux, le cin\u00e9ma<br \/>\nindien est \u00e0 l\u2019honneur.<br \/>\nwww.salonducinema.com<br \/>\nwww.villette.com<br \/>\njusqu&rsquo;au 18 Janvier 2009<\/p>\n","protected":false},"excerpt":{"rendered":"<p>www.letourismeaparis.fr 220 peintures, photographies, cartes et objets d\u2019art vous font revivre \u00ab\u00a0les mis\u00e9rables\u00a0\u00bb. Jean Valjean, Cosette, Fantine vous accompagnent \u00e0 la d\u00e9couverte du Paris du XIXe\u00a0 si\u00e8cle.<\/p>\n","protected":false},"author":2,"featured_media":0,"comment_status":"open","ping_status":"open","sticky":false,"template":"","format":"standard","meta":{"ngg_post_thumbnail":0,"jetpack_post_was_ever_published":false,"_jetpack_newsletter_access":"","footnotes":""},"categories":[1],"tags":[],"class_list":["post-933","post","type-post","status-publish","format-standard","hentry","category-non-classe"],"jetpack_featured_media_url":"","jetpack-related-posts":[{"id":11143,"url":"http:\/\/www.letourismeaparis.fr\/index.php\/2011\/10\/09\/retransmission-en-direct-du-bolchoi-du-ballet-esmeralda-dimanche-9-octobre-a-17h-au-cinema\/","url_meta":{"origin":933,"position":0},"title":"Retransmission en direct du Bolcho\u00ef du ballet \u00ab Esmeralda \u00bb dimanche 9 octobre \u00e0 17h au cin\u00e9ma","author":"Fabienne TM","date":"9 octobre 2011","format":false,"excerpt":"Retransmission en direct du Bolcho\u00ef du ballet \u00ab Esmeralda \u00bb Dimanche 9 octobre 2011 \u00e0 17h00 Retransmission en direct du Bolcho\u00ef du ballet \u00ab Esmeralda \u00bb Ballet en 3 actes, inspir\u00e9 du roman Notre Dame de Paris de Victor Hugo Musique Cesare Pugni \/ Livret Jules Perrot d\u2019apr\u00e8s Victor Hugo\u2026","rel":"","context":"Dans &quot;Non class\u00e9&quot;","block_context":{"text":"Non class\u00e9","link":"http:\/\/www.letourismeaparis.fr\/index.php\/category\/non-classe\/"},"img":{"alt_text":"","src":"https:\/\/i0.wp.com\/www.letourismeaparis.fr\/wp-content\/uploads\/2011\/10\/bolchoi.jpg?resize=350%2C200","width":350,"height":200},"classes":[]},{"id":9398,"url":"http:\/\/www.letourismeaparis.fr\/index.php\/2011\/03\/08\/pause-de-midi-au-cinema-a-la-bnf\/","url_meta":{"origin":933,"position":1},"title":"Pause de midi au cin\u00e9ma, \u00e0 la BNF","author":"Fabienne TM","date":"8 mars 2011","format":false,"excerpt":"Pause de midi au cin\u00e9ma, \u00e0 la BNF Quai Fran\u00e7ois Mauriac, 75013 Paris Une fois par mois, jusqu'en\u00a0 juin, \u00e0 la BnF, un cycle intitul\u00e9 le Cin\u00e9ma de midi, consacr\u00e9 cette ann\u00e9e au travail sous toutes ses formes : Compos\u00e9e de deux films courts, chaque s\u00e9ance croise les regards de\u2026","rel":"","context":"Dans &quot;Non class\u00e9&quot;","block_context":{"text":"Non class\u00e9","link":"http:\/\/www.letourismeaparis.fr\/index.php\/category\/non-classe\/"},"img":{"alt_text":"","src":"","width":0,"height":0},"classes":[]},{"id":12003,"url":"http:\/\/www.letourismeaparis.fr\/index.php\/2012\/12\/11\/paris-vu-par-hollywood-jusquau-15-decembre-2012-a-lhotel-de-ville-de-paris-d\/","url_meta":{"origin":933,"position":2},"title":"\u00ab Paris vu par Hollywood \u00bb   jusqu&#039;au 15 d\u00e9cembre 2012 \u00e0 l\u2019H\u00f4tel de Ville de Paris,","author":"Fabienne TM","date":"11 d\u00e9cembre 2012","format":false,"excerpt":"\u00ab Paris vu par Hollywood \u00bb jusqu'au 15 d\u00e9cembre 2012 \u00e0 l\u2019H\u00f4tel de Ville de Paris, l\u2019exposition \u00e9voque la mani\u00e8re dont le cin\u00e9ma am\u00e9ricain, sur plus d\u2019un si\u00e8cle, a repr\u00e9sent\u00e9 la capitale fran\u00e7aise . Paris est la ville \u00e9trang\u00e8re \u00e0 l\u2019Am\u00e9rique la plus repr\u00e9sent\u00e9e dans le cin\u00e9ma hollywoodien. On peut\u2026","rel":"","context":"Dans &quot;Cin\u00e9ma&quot;","block_context":{"text":"Cin\u00e9ma","link":"http:\/\/www.letourismeaparis.fr\/index.php\/category\/spectacle\/cinema\/"},"img":{"alt_text":"","src":"","width":0,"height":0},"classes":[]},{"id":10689,"url":"http:\/\/www.letourismeaparis.fr\/index.php\/2011\/07\/07\/du-3-au-13-juillet-2011-festival-paris-cinema\/","url_meta":{"origin":933,"position":3},"title":"Festival Paris Cin\u00e9ma jusqu&#039;au 13 juillet","author":"Fabienne TM","date":"7 juillet 2011","format":false,"excerpt":"Le Festival Paris Cin\u00e9ma propose des avant-premi\u00e8res prestigieuses, une comp\u00e9tition internationale de longs m\u00e9trages, des films rares ou inattendus, et des rencontres avec des personnalit\u00e9s marquantes du cin\u00e9ma. Le Mexique\u00a0 est \u00e0 l\u2019honneur ; Hommages et r\u00e9trospectives .... Hommage \u00e0 Isabella Rossellini Michael Lonsdale Gael Garc\u00eda Bernal Dans le cadre\u2026","rel":"","context":"Dans &quot;Non class\u00e9&quot;","block_context":{"text":"Non class\u00e9","link":"http:\/\/www.letourismeaparis.fr\/index.php\/category\/non-classe\/"},"img":{"alt_text":"","src":"","width":0,"height":0},"classes":[]},{"id":7444,"url":"http:\/\/www.letourismeaparis.fr\/index.php\/2010\/05\/03\/les-orientales-a-la-maison-de-victor-hugo\/","url_meta":{"origin":933,"position":4},"title":"Les Orientales \u00e0 la Maison de Victor Hugo","author":"Fabienne TM","date":"3 mai 2010","format":false,"excerpt":"En 1829, Victor Hugo publie Les Orientales. l\u2019Orient,occupe toutes les pens\u00e9es et les r\u00eaveries de ses contemporains. une centaine d\u2019\u0153uvres exceptionnelles - peintures, sculptures ou dessins -, sont r\u00e9unies du 26 mars au 4 juillet 2010. Maison Victor Hugo 6, place des Vosges-75004 Paris http:\/\/www.musee-hugo.paris.fr tous les jours sauf lundis\u2026","rel":"","context":"Dans &quot;Non class\u00e9&quot;","block_context":{"text":"Non class\u00e9","link":"http:\/\/www.letourismeaparis.fr\/index.php\/category\/non-classe\/"},"img":{"alt_text":"","src":"","width":0,"height":0},"classes":[]},{"id":12818,"url":"http:\/\/www.letourismeaparis.fr\/index.php\/2013\/02\/17\/festival-international-du-film-denvironnement\/","url_meta":{"origin":933,"position":5},"title":"Festival international du film d&#039;environnement","author":"Fabienne TM","date":"17 f\u00e9vrier 2013","format":false,"excerpt":"Le 30\u00e8me Fife vous invite \u00e0 voyager, d\u00e9couvrir, questionner et \u00e9changer autour de l\u2019environnement. Du 19 au 26 f\u00e9vrier sont programm\u00e9s 123 films - la plupart in\u00e9dits \u2013 venus de 34 pays : documentaires, fictions, courts m\u00e9trages, certains \u00e0 partir de 4 ans Durant une semaine, \u00e0 travers les films,\u2026","rel":"","context":"Dans &quot;Cin\u00e9ma&quot;","block_context":{"text":"Cin\u00e9ma","link":"http:\/\/www.letourismeaparis.fr\/index.php\/category\/spectacle\/cinema\/"},"img":{"alt_text":"","src":"https:\/\/i0.wp.com\/www.letourismeaparis.fr\/wp-content\/uploads\/2013\/02\/festival_film_environnement_2013-ac90b-200x300.jpg?resize=350%2C200","width":350,"height":200},"classes":[]}],"jetpack_sharing_enabled":true,"jetpack_likes_enabled":true,"_links":{"self":[{"href":"http:\/\/www.letourismeaparis.fr\/index.php\/wp-json\/wp\/v2\/posts\/933","targetHints":{"allow":["GET"]}}],"collection":[{"href":"http:\/\/www.letourismeaparis.fr\/index.php\/wp-json\/wp\/v2\/posts"}],"about":[{"href":"http:\/\/www.letourismeaparis.fr\/index.php\/wp-json\/wp\/v2\/types\/post"}],"author":[{"embeddable":true,"href":"http:\/\/www.letourismeaparis.fr\/index.php\/wp-json\/wp\/v2\/users\/2"}],"replies":[{"embeddable":true,"href":"http:\/\/www.letourismeaparis.fr\/index.php\/wp-json\/wp\/v2\/comments?post=933"}],"version-history":[{"count":0,"href":"http:\/\/www.letourismeaparis.fr\/index.php\/wp-json\/wp\/v2\/posts\/933\/revisions"}],"wp:attachment":[{"href":"http:\/\/www.letourismeaparis.fr\/index.php\/wp-json\/wp\/v2\/media?parent=933"}],"wp:term":[{"taxonomy":"category","embeddable":true,"href":"http:\/\/www.letourismeaparis.fr\/index.php\/wp-json\/wp\/v2\/categories?post=933"},{"taxonomy":"post_tag","embeddable":true,"href":"http:\/\/www.letourismeaparis.fr\/index.php\/wp-json\/wp\/v2\/tags?post=933"}],"curies":[{"name":"wp","href":"https:\/\/api.w.org\/{rel}","templated":true}]}}